{"id":60694,"date":"2026-04-28T00:38:00","date_gmt":"2026-04-28T00:38:00","guid":{"rendered":"https:\/\/alger16.dz\/?p=60694"},"modified":"2026-04-28T16:39:29","modified_gmt":"2026-04-28T16:39:29","slug":"festival-dannaba-du-film-mediterraneen-exposition-dediee-a-la-memoire-des-cinemas-algerien-et-egyptien","status":"publish","type":"post","link":"https:\/\/alger16.dz\/?p=60694","title":{"rendered":"Festival d&rsquo;Annaba du film m\u00e9diterran\u00e9en : Exposition d\u00e9di\u00e9e \u00e0 la m\u00e9moire des cin\u00e9mas alg\u00e9rien et \u00e9gyptien"},"content":{"rendered":"\n<figure class=\"wp-block-image size-full\"><img loading=\"lazy\" decoding=\"async\" width=\"1024\" height=\"683\" src=\"https:\/\/alger16.dz\/wp-content\/uploads\/2026\/04\/Festival-dAnnaba-du-film-mediterraneen.jpg\" alt=\"\" class=\"wp-image-60695\" srcset=\"https:\/\/alger16.dz\/wp-content\/uploads\/2026\/04\/Festival-dAnnaba-du-film-mediterraneen.jpg 1024w, https:\/\/alger16.dz\/wp-content\/uploads\/2026\/04\/Festival-dAnnaba-du-film-mediterraneen-300x200.jpg 300w, https:\/\/alger16.dz\/wp-content\/uploads\/2026\/04\/Festival-dAnnaba-du-film-mediterraneen-768x512.jpg 768w\" sizes=\"auto, (max-width: 1024px) 100vw, 1024px\" \/><\/figure>\n\n\n\n<p>Une exposition originale d\u00e9di\u00e9e \u00e0 la m\u00e9moire du cin\u00e9ma alg\u00e9rien et \u00e9gyptien a \u00e9t\u00e9 inaugur\u00e9e samedi dernier \u00e0 Annaba, en pr\u00e9sence de nombreuses figures officielles et culturelles. Cette initiative s\u2019inscrit dans le cadre de la 6e \u00e9dition du Festival d\u2019Annaba du film m\u00e9diterran\u00e9en, confirmant une fois de plus la volont\u00e9 des organisateurs de faire dialoguer patrimoine et cr\u00e9ation contemporaine.<br>Prenant la parole \u00e0 cette occasion, le commissaire du festival, Mohamed Allal, a soulign\u00e9 que le choix du lieu n\u2019avait rien d\u2019anodin. Install\u00e9e dans le hall de la gare ferroviaire, situ\u00e9e au c\u0153ur de l\u2019Antique Hippone class\u00e9e monument national, l\u2019exposition ambitionne de replacer le cin\u00e9ma au centre de la vie urbaine. Transformer un espace de passage en lieu de culture, c\u2019est, selon lui, rendre le septi\u00e8me art accessible \u00e0 tous et l\u2019ancrer dans le quotidien des citoyens. Il a \u00e9galement insist\u00e9 sur la port\u00e9e symbolique de cette initiative, qui c\u00e9l\u00e8bre la richesse des liens artistiques entre l\u2019Alg\u00e9rie et l\u2019\u00c9gypte, tout en mettant en lumi\u00e8re un patrimoine cin\u00e9matographique partag\u00e9, profond\u00e9ment enracin\u00e9 dans l\u2019histoire m\u00e9diterran\u00e9enne.<br>De son c\u00f4t\u00e9, la directrice de la culture et des arts de la wilaya, Saliha Berkouk, a mis en avant la dimension m\u00e9morielle de l\u2019\u00e9v\u00e9nement. Organiser une telle exposition dans un lieu charg\u00e9 d\u2019histoire conf\u00e8re, selon elle, une r\u00e9sonance particuli\u00e8re \u00e0 l\u2019ensemble, cr\u00e9ant un dialogue subtil entre la m\u00e9moire des lieux et celle des images. Elle a \u00e9galement rappel\u00e9 que cette d\u00e9marche s\u2019inscrit dans une strat\u00e9gie plus large visant \u00e0 dynamiser la sc\u00e8ne culturelle locale et \u00e0 encourager l\u2019ouverture \u00e0 diverses formes d\u2019expression artistique.<br>L\u2019exposition propose ainsi un v\u00e9ritable voyage \u00e0 travers le temps, port\u00e9 par une riche collection d\u2019affiches embl\u00e9matiques du cin\u00e9ma alg\u00e9rien et \u00e9gyptien. Elle offre \u00e9galement un aper\u00e7u de l\u2019\u00e9volution des techniques de production, gr\u00e2ce \u00e0 la pr\u00e9sentation d\u2019\u00e9quipements anciens et contemporains, t\u00e9moignant des profondes mutations qu\u2019a connues le secteur au fil des d\u00e9cennies. L\u2019\u00e9v\u00e9nement b\u00e9n\u00e9ficie en outre de la contribution de l\u2019association Lumi\u00e8res d\u2019Alger, qui enrichit le parcours avec des archives, des documents et des maquettes permettant de retracer des moments cl\u00e9s de l\u2019histoire du cin\u00e9ma.<br>Ouverte au grand public tout au long du festival, cette exposition se veut \u00e0 la fois un espace de d\u00e9couverte et de transmission, un lieu de rencontre entre passionn\u00e9s et curieux, mais aussi un v\u00e9ritable pont culturel entre les pays du Bassin m\u00e9diterran\u00e9en. Elle incarne pleinement l\u2019ambition du festival : faire du cin\u00e9ma un vecteur de m\u00e9moire, de partage et de dialogue entre les cultures. Plusieurs personnalit\u00e9s ont pris part \u00e0 cet \u00e9v\u00e9nement, parmi lesquelles le chef de cabinet du wali d\u2019Annaba, l\u2019ambassadeur de la R\u00e9publique arabe d\u2019\u00c9gypte en Alg\u00e9rie, Abdelatif El-La\u00efh, ainsi que les responsables culturels locaux. En investissant un lieu aussi symbolique qu\u2019inattendu, les organisateurs confirment leur volont\u00e9 de rapprocher le cin\u00e9ma du grand public, en l\u2019inscrivant au c\u0153ur m\u00eame des espaces de vie.<br><strong>Ch. M.<\/strong><\/p>\n","protected":false},"excerpt":{"rendered":"<p>Une exposition originale d\u00e9di\u00e9e \u00e0 la m\u00e9moire du cin\u00e9ma alg\u00e9rien et \u00e9gyptien a \u00e9t\u00e9 inaugur\u00e9e samedi dernier \u00e0 Annaba, en pr\u00e9sence de nombreuses figures officielles et culturelles. Cette initiative s\u2019inscrit dans le cadre de la 6e \u00e9dition du Festival d\u2019Annaba du film m\u00e9diterran\u00e9en, confirmant une fois de plus la volont\u00e9 [&hellip;]<\/p>\n","protected":false},"author":3,"featured_media":60695,"comment_status":"closed","ping_status":"open","sticky":false,"template":"","format":"standard","meta":{"footnotes":""},"categories":[40],"tags":[5256],"class_list":["post-60694","post","type-post","status-publish","format-standard","has-post-thumbnail","hentry","category-culture","tag-festival-dannaba-du-film-mediterraneen"],"_links":{"self":[{"href":"https:\/\/alger16.dz\/index.php?rest_route=\/wp\/v2\/posts\/60694","targetHints":{"allow":["GET"]}}],"collection":[{"href":"https:\/\/alger16.dz\/index.php?rest_route=\/wp\/v2\/posts"}],"about":[{"href":"https:\/\/alger16.dz\/index.php?rest_route=\/wp\/v2\/types\/post"}],"author":[{"embeddable":true,"href":"https:\/\/alger16.dz\/index.php?rest_route=\/wp\/v2\/users\/3"}],"replies":[{"embeddable":true,"href":"https:\/\/alger16.dz\/index.php?rest_route=%2Fwp%2Fv2%2Fcomments&post=60694"}],"version-history":[{"count":1,"href":"https:\/\/alger16.dz\/index.php?rest_route=\/wp\/v2\/posts\/60694\/revisions"}],"predecessor-version":[{"id":60696,"href":"https:\/\/alger16.dz\/index.php?rest_route=\/wp\/v2\/posts\/60694\/revisions\/60696"}],"wp:featuredmedia":[{"embeddable":true,"href":"https:\/\/alger16.dz\/index.php?rest_route=\/wp\/v2\/media\/60695"}],"wp:attachment":[{"href":"https:\/\/alger16.dz\/index.php?rest_route=%2Fwp%2Fv2%2Fmedia&parent=60694"}],"wp:term":[{"taxonomy":"category","embeddable":true,"href":"https:\/\/alger16.dz\/index.php?rest_route=%2Fwp%2Fv2%2Fcategories&post=60694"},{"taxonomy":"post_tag","embeddable":true,"href":"https:\/\/alger16.dz\/index.php?rest_route=%2Fwp%2Fv2%2Ftags&post=60694"}],"curies":[{"name":"wp","href":"https:\/\/api.w.org\/{rel}","templated":true}]}}