{"id":60721,"date":"2026-04-28T00:11:00","date_gmt":"2026-04-28T00:11:00","guid":{"rendered":"https:\/\/alger16.dz\/?p=60721"},"modified":"2026-04-28T17:19:13","modified_gmt":"2026-04-28T17:19:13","slug":"algerie-france-le-crea-et-le-medef-relancent-la-cooperation-bilaterale","status":"publish","type":"post","link":"https:\/\/alger16.dz\/?p=60721","title":{"rendered":"Alg\u00e9rie\u2013France : Le CREA et le MEDEF relancent la coop\u00e9ration bilat\u00e9rale"},"content":{"rendered":"\n<figure class=\"wp-block-image size-large\"><img loading=\"lazy\" decoding=\"async\" width=\"1024\" height=\"674\" src=\"https:\/\/alger16.dz\/wp-content\/uploads\/2026\/04\/medef-1024x674.jpg\" alt=\"\" class=\"wp-image-60722\" srcset=\"https:\/\/alger16.dz\/wp-content\/uploads\/2026\/04\/medef-1024x674.jpg 1024w, https:\/\/alger16.dz\/wp-content\/uploads\/2026\/04\/medef-300x197.jpg 300w, https:\/\/alger16.dz\/wp-content\/uploads\/2026\/04\/medef-768x505.jpg 768w, https:\/\/alger16.dz\/wp-content\/uploads\/2026\/04\/medef.jpg 1500w\" sizes=\"auto, (max-width: 1024px) 100vw, 1024px\" \/><\/figure>\n\n\n\n<p>Le pr\u00e9sident de l\u2019organisation patronale fran\u00e7aise Medef, Patrick Martin, a effectu\u00e9 une visite de quatre jours en Alg\u00e9rie \u00e0 partir du jeudi 23 avril, \u00e0 l\u2019invitation du pr\u00e9sident du Conseil du renouveau \u00e9conomique alg\u00e9rien (CREA), M. Kamel Moula.<br>Cette visite intervient alors que l\u2019Alg\u00e9rie et la France ne sont pas au beau fixe. Dans ce climat encore sensible, les \u00e9changes \u00e9conomiques apparaissent comme un canal privil\u00e9gi\u00e9 de rapprochement, d\u2019autant que certains secteurs, \u00e0 l\u2019image de l\u2019agroalimentaire et notamment la pomme de terre alg\u00e9rienne, suscitent un int\u00e9r\u00eat croissant c\u00f4t\u00e9 fran\u00e7ais. Fait notable, Patrick Martin a choisi de se d\u00e9placer personnellement, rompant avec l\u2019usage habituel qui veut que les missions internationales soient conduites par le pr\u00e9sident de Medef International. \u00c0 Alger, il a rencontr\u00e9 de mani\u00e8re discr\u00e8te son homologue du CREA, ainsi que plusieurs dirigeants d\u2019entreprise. Ce n\u2019est que lundi dernier que l\u2019organisation patronale alg\u00e9rienne, \u00e0 l\u2019origine de l\u2019invitation, a officiellement communiqu\u00e9 sur cette visite. Dans une publication sur ses r\u00e9seaux sociaux, Kamel Moula a replac\u00e9 ces \u00e9changes dans un contexte global marqu\u00e9 par \u00ab des tensions g\u00e9opolitiques et des d\u00e9fis \u00e9nerg\u00e9tiques et climatiques \u00bb, estimant que cela impose de renforcer les approches fond\u00e9es sur \u00ab le r\u00e9tablissement de la confiance, le partage des int\u00e9r\u00eats et l\u2019int\u00e9gration\u00bb.<br>Selon M. Moula, ce d\u00e9placement s\u2019inscrit dans une d\u00e9marche visant \u00e0 \u00ab identifier des opportunit\u00e9s pour parvenir \u00e0 une convergence et \u00e9tablir des perspectives communes \u00bb. Il plaide pour une intensification du partenariat \u00e9conomique entre les deux pays dans un contexte o\u00f9 les relations bilat\u00e9rales cherchent \u00e0 retrouver un nouvel \u00e9quilibre.<br>Il a \u00e9galement affirm\u00e9 que les deux organisations patronales sont \u00ab pleinement convaincues \u00bb de la n\u00e9cessit\u00e9 de d\u00e9velopper des \u00ab partenariats de proximit\u00e9 et d\u2019intensifier et structurer le dialogue \u00e9conomique entre les institutions \u00e9conomiques\u00bb, ajoutant que les relations \u00e9conomiques entre l\u2019Alg\u00e9rie et la France \u00ab m\u00e9ritent d\u2019\u00eatre mieux adapt\u00e9es aux d\u00e9fis du XXIe si\u00e8cle \u00bb. Le pr\u00e9sident du CREA a par ailleurs soulign\u00e9 la pr\u00e9sence importante des entreprises fran\u00e7aises en Alg\u00e9rie, avec plusieurs centaines de soci\u00e9t\u00e9s actives en coop\u00e9ration avec leurs partenaires locaux. Un ancrage qu\u2019il consid\u00e8re comme un atout strat\u00e9gique \u00e0 consolider, notamment \u00e0 travers de nouveaux investissements cr\u00e9ateurs de valeur et d\u2019emplois des deux c\u00f4t\u00e9s de la M\u00e9diterran\u00e9e.<br>Dans cette dynamique, les deux parties ont convenu d\u2019\u00e9laborer rapidement un programme de travail commun associant les entreprises des deux pays, appel\u00e9es \u00e0 jouer un r\u00f4le central dans cette relance en tant que moteurs d\u2019innovation, de d\u00e9veloppement et de pragmatisme \u00e9conomique.<br>Kamel Moula a \u00e9galement mis en avant les compl\u00e9mentarit\u00e9s entre les deux \u00e9conomies : d\u2019un c\u00f4t\u00e9, une Alg\u00e9rie riche en ressources naturelles et dot\u00e9e d\u2019un capital humain jeune et qualifi\u00e9, de l\u2019autre, une France disposant d\u2019une expertise technologique reconnue. Une convergence qui, selon lui, peut renforcer durablement la coop\u00e9ration bilat\u00e9rale.<br>Enfin, la position g\u00e9ographique des deux pays, au carrefour de la M\u00e9diterran\u00e9e et \u00e0 la jonction de l\u2019Europe et de l\u2019Afrique, constitue un levier suppl\u00e9mentaire pour construire un partenariat \u00e9conomique plus solide, tourn\u00e9 vers l\u2019avenir.<br>Dans un contexte o\u00f9 les relations politiques restent sensibles et cycliques, cette visite rappelle surtout une chose : le dialogue \u00e9conomique suit souvent sa propre logique, plus pragmatique et moins expos\u00e9e aux tensions diplomatiques. Entre compl\u00e9mentarit\u00e9s structurelles et int\u00e9r\u00eats crois\u00e9s, le partenariat Alg\u00e9rie\u2013France se redessine ainsi non pas dans les d\u00e9clarations officielles, mais dans la capacit\u00e9 des entreprises \u00e0 maintenir des passerelles concr\u00e8tes, m\u00eame lorsque le politique avance en zigzag.<br><strong>Amira Benhizia<\/strong><\/p>\n","protected":false},"excerpt":{"rendered":"<p>Le pr\u00e9sident de l\u2019organisation patronale fran\u00e7aise Medef, Patrick Martin, a effectu\u00e9 une visite de quatre jours en Alg\u00e9rie \u00e0 partir du jeudi 23 avril, \u00e0 l\u2019invitation du pr\u00e9sident du Conseil du renouveau \u00e9conomique alg\u00e9rien (CREA), M. Kamel Moula.Cette visite intervient alors que l\u2019Alg\u00e9rie et la France ne sont pas au [&hellip;]<\/p>\n","protected":false},"author":3,"featured_media":60722,"comment_status":"closed","ping_status":"open","sticky":false,"template":"","format":"standard","meta":{"footnotes":""},"categories":[36],"tags":[5259,1376,2382],"class_list":["post-60721","post","type-post","status-publish","format-standard","has-post-thumbnail","hentry","category-actualites","tag-algerie-france-4","tag-crea","tag-medef"],"_links":{"self":[{"href":"https:\/\/alger16.dz\/index.php?rest_route=\/wp\/v2\/posts\/60721","targetHints":{"allow":["GET"]}}],"collection":[{"href":"https:\/\/alger16.dz\/index.php?rest_route=\/wp\/v2\/posts"}],"about":[{"href":"https:\/\/alger16.dz\/index.php?rest_route=\/wp\/v2\/types\/post"}],"author":[{"embeddable":true,"href":"https:\/\/alger16.dz\/index.php?rest_route=\/wp\/v2\/users\/3"}],"replies":[{"embeddable":true,"href":"https:\/\/alger16.dz\/index.php?rest_route=%2Fwp%2Fv2%2Fcomments&post=60721"}],"version-history":[{"count":1,"href":"https:\/\/alger16.dz\/index.php?rest_route=\/wp\/v2\/posts\/60721\/revisions"}],"predecessor-version":[{"id":60723,"href":"https:\/\/alger16.dz\/index.php?rest_route=\/wp\/v2\/posts\/60721\/revisions\/60723"}],"wp:featuredmedia":[{"embeddable":true,"href":"https:\/\/alger16.dz\/index.php?rest_route=\/wp\/v2\/media\/60722"}],"wp:attachment":[{"href":"https:\/\/alger16.dz\/index.php?rest_route=%2Fwp%2Fv2%2Fmedia&parent=60721"}],"wp:term":[{"taxonomy":"category","embeddable":true,"href":"https:\/\/alger16.dz\/index.php?rest_route=%2Fwp%2Fv2%2Fcategories&post=60721"},{"taxonomy":"post_tag","embeddable":true,"href":"https:\/\/alger16.dz\/index.php?rest_route=%2Fwp%2Fv2%2Ftags&post=60721"}],"curies":[{"name":"wp","href":"https:\/\/api.w.org\/{rel}","templated":true}]}}