{"id":60730,"date":"2026-04-29T00:17:00","date_gmt":"2026-04-29T00:17:00","guid":{"rendered":"https:\/\/alger16.dz\/?p=60730"},"modified":"2026-04-29T12:56:01","modified_gmt":"2026-04-29T12:56:01","slug":"salon-international-de-lalimentation-en-tunisie-ouverture-des-inscriptions-pour-les-operateurs-algeriens","status":"publish","type":"post","link":"https:\/\/alger16.dz\/?p=60730","title":{"rendered":"Salon international de l&rsquo;alimentation en Tunisie : Ouverture des inscriptions pour les op\u00e9rateurs alg\u00e9riens"},"content":{"rendered":"\n<figure class=\"wp-block-image size-large\"><img loading=\"lazy\" decoding=\"async\" width=\"1024\" height=\"678\" src=\"https:\/\/alger16.dz\/wp-content\/uploads\/2026\/04\/2-7-1024x678.jpg\" alt=\"\" class=\"wp-image-60731\" srcset=\"https:\/\/alger16.dz\/wp-content\/uploads\/2026\/04\/2-7-1024x678.jpg 1024w, https:\/\/alger16.dz\/wp-content\/uploads\/2026\/04\/2-7-300x199.jpg 300w, https:\/\/alger16.dz\/wp-content\/uploads\/2026\/04\/2-7-768x508.jpg 768w, https:\/\/alger16.dz\/wp-content\/uploads\/2026\/04\/2-7.jpg 1080w\" sizes=\"auto, (max-width: 1024px) 100vw, 1024px\" \/><\/figure>\n\n\n\n<p>Le minist\u00e8re du Commerce ext\u00e9rieur et de la Promotion des exportations a annonc\u00e9 dans un communiqu\u00e9, l&rsquo;ouverture des inscriptions pour les op\u00e9rateurs alg\u00e9riens sp\u00e9cialis\u00e9s dans la production et l&rsquo;exportation des denr\u00e9es alimentaires et produits agricoles, en vue de participer au Salon international de l&rsquo;alimentation pour l&rsquo;Afrique (IFSA Africa), pr\u00e9vu en Tunisie du 9 au 11 juin prochain. Ce salon constitue un rendez-vous majeur sur le continent, o\u00f9 fournisseurs internationaux et grands acheteurs africains se rencontrent dans le but de faciliter l&rsquo;acc\u00e8s aux march\u00e9s, de dynamiser les \u00e9changes commerciaux et de suivre les derni\u00e8res tendances du secteur agroalimentaire dans la r\u00e9gion, indique la m\u00eame source. Cet \u00e9v\u00e8nement repr\u00e9sente une plateforme id\u00e9ale pour les industriels, les d\u00e9taillants, les professionnels de restauration, les importateurs et les distributeurs, afin d&rsquo;acc\u00e9der \u00e0 des solutions permettant d&rsquo;am\u00e9liorer leur production et de r\u00e9pondre \u00e0 leurs besoins op\u00e9rationnels, pr\u00e9cise le minist\u00e8re dans son communiqu\u00e9. Il s&rsquo;agit \u00e9galement d&rsquo;une occasion de pr\u00e9senter les derni\u00e8res tendances et techniques mondiales adapt\u00e9es au march\u00e9 africain des produits alimentaires et des boissons, avec la participation de centaines d&rsquo;exposants internationaux proposant des produits innovants, allant des \u00e9quipements de production durables et des solutions d&#8217;emballage avanc\u00e9es aux ingr\u00e9dients sp\u00e9cifiques et produits alimentaires de niche. Le Salon couvre l&rsquo;ensemble des segments du secteur agroalimentaire et des boissons, notamment les techniques de conditionnement et d&#8217;emballage, la cha\u00eene du froid, les solutions de stockage, les services logistiques, les plats pr\u00e9par\u00e9s, les produits de la mer, la transformation alimentaire, les aliments biologiques, les boissons, outre les secteurs de l&rsquo;h\u00f4tellerie, de la restauration et des caf\u00e9s. Dans ce cadre, le minist\u00e8re a invit\u00e9 les op\u00e9rateurs souhaitant participer \u00e0 s&rsquo;inscrire via le lien d\u00e9di\u00e9 \u00e0 cet \u00e9v\u00e8nement, disponible sur son site officiel.<\/p>\n","protected":false},"excerpt":{"rendered":"<p>Le minist\u00e8re du Commerce ext\u00e9rieur et de la Promotion des exportations a annonc\u00e9 dans un communiqu\u00e9, l&rsquo;ouverture des inscriptions pour les op\u00e9rateurs alg\u00e9riens sp\u00e9cialis\u00e9s dans la production et l&rsquo;exportation des denr\u00e9es alimentaires et produits agricoles, en vue de participer au Salon international de l&rsquo;alimentation pour l&rsquo;Afrique (IFSA Africa), pr\u00e9vu en [&hellip;]<\/p>\n","protected":false},"author":3,"featured_media":60731,"comment_status":"closed","ping_status":"open","sticky":false,"template":"","format":"standard","meta":{"footnotes":""},"categories":[62],"tags":[4964],"class_list":["post-60730","post","type-post","status-publish","format-standard","has-post-thumbnail","hentry","category-le-savez-vous","tag-salon-international-de-lalimentation"],"_links":{"self":[{"href":"https:\/\/alger16.dz\/index.php?rest_route=\/wp\/v2\/posts\/60730","targetHints":{"allow":["GET"]}}],"collection":[{"href":"https:\/\/alger16.dz\/index.php?rest_route=\/wp\/v2\/posts"}],"about":[{"href":"https:\/\/alger16.dz\/index.php?rest_route=\/wp\/v2\/types\/post"}],"author":[{"embeddable":true,"href":"https:\/\/alger16.dz\/index.php?rest_route=\/wp\/v2\/users\/3"}],"replies":[{"embeddable":true,"href":"https:\/\/alger16.dz\/index.php?rest_route=%2Fwp%2Fv2%2Fcomments&post=60730"}],"version-history":[{"count":1,"href":"https:\/\/alger16.dz\/index.php?rest_route=\/wp\/v2\/posts\/60730\/revisions"}],"predecessor-version":[{"id":60732,"href":"https:\/\/alger16.dz\/index.php?rest_route=\/wp\/v2\/posts\/60730\/revisions\/60732"}],"wp:featuredmedia":[{"embeddable":true,"href":"https:\/\/alger16.dz\/index.php?rest_route=\/wp\/v2\/media\/60731"}],"wp:attachment":[{"href":"https:\/\/alger16.dz\/index.php?rest_route=%2Fwp%2Fv2%2Fmedia&parent=60730"}],"wp:term":[{"taxonomy":"category","embeddable":true,"href":"https:\/\/alger16.dz\/index.php?rest_route=%2Fwp%2Fv2%2Fcategories&post=60730"},{"taxonomy":"post_tag","embeddable":true,"href":"https:\/\/alger16.dz\/index.php?rest_route=%2Fwp%2Fv2%2Ftags&post=60730"}],"curies":[{"name":"wp","href":"https:\/\/api.w.org\/{rel}","templated":true}]}}