{"id":60756,"date":"2026-04-29T00:50:00","date_gmt":"2026-04-29T00:50:00","guid":{"rendered":"https:\/\/alger16.dz\/?p=60756"},"modified":"2026-04-29T14:58:56","modified_gmt":"2026-04-29T14:58:56","slug":"megaprojets-letat-mise-sur-une-synergie-entre-formation-et-travaux-publics","status":"publish","type":"post","link":"https:\/\/alger16.dz\/?p=60756","title":{"rendered":"M\u00e9gaprojets : L\u2019\u00c9tat mise sur une synergie entre formation et travaux publics"},"content":{"rendered":"\n<figure class=\"wp-block-image size-large\"><img loading=\"lazy\" decoding=\"async\" width=\"1024\" height=\"768\" src=\"https:\/\/alger16.dz\/wp-content\/uploads\/2026\/04\/image-240-1024x768.png\" alt=\"\" class=\"wp-image-60757\" srcset=\"https:\/\/alger16.dz\/wp-content\/uploads\/2026\/04\/image-240-1024x768.png 1024w, https:\/\/alger16.dz\/wp-content\/uploads\/2026\/04\/image-240-300x225.png 300w, https:\/\/alger16.dz\/wp-content\/uploads\/2026\/04\/image-240-768x576.png 768w, https:\/\/alger16.dz\/wp-content\/uploads\/2026\/04\/image-240.png 1080w\" sizes=\"auto, (max-width: 1024px) 100vw, 1024px\" \/><\/figure>\n\n\n\n<p>Le ministre des Travaux publics et des Infrastructures de base, Abdelkader Djellaoui, et Nacima Arhab, ministre de la Formation et de l\u2019Enseignement professionnels, ont dirig\u00e9 une r\u00e9union de travail dimanche dernier \u00e0 Alger, consacr\u00e9e \u00e0 l\u2019\u00e9laboration d\u2019un plan d\u2019action commun pour le suivi et l\u2019accompagnement des m\u00e9gaprojets structurants. L\u2019objectif affich\u00e9 est clair : aligner la formation des comp\u00e9tences sur les besoins r\u00e9els des grands chantiers nationaux.<br>Selon un communiqu\u00e9 du minist\u00e8re, ce plan inclut notamment le renforcement de la formation de ressources humaines qualifi\u00e9es dans les sp\u00e9cialit\u00e9s strat\u00e9giques du secteur, afin d\u2019assurer une meilleure ad\u00e9quation entre les profils form\u00e9s et les exigences du terrain. La rencontre a port\u00e9 sur les moyens de r\u00e9pondre aux besoins du secteur des travaux publics dans des domaines cl\u00e9s tels que le ferroviaire, les infrastructures portuaires, les transports guid\u00e9s, ainsi que la construction et la maintenance du r\u00e9seau routier dans le cadre de l\u2019ex\u00e9cution des projets valid\u00e9s par le pr\u00e9sident de la R\u00e9publique. Autour de la table \u00e9taient pr\u00e9sents les cadres centraux des deux minist\u00e8res, ainsi que des repr\u00e9sentants d\u2019organismes majeurs du secteur, notamment l\u2019Agence nationale d\u2019\u00e9tudes et de suivi de la r\u00e9alisation des investissements ferroviaires (ANESRIF), l\u2019Agence nationale de r\u00e9alisation des infrastructures portuaires (ANRIP) et l\u2019Entreprise d\u2019exploitation du m\u00e9tro d\u2019Alger (EMA), en plus des directeurs des travaux publics des wilayas concern\u00e9es par les grandes lignes ferroviaires en cours de d\u00e9veloppement. Parmi ces projets structurants figurent la ligne Alger-Tamanrasset dans ses diff\u00e9rentes sections reliant Laghouat, Gharda\u00efa, El Menia, In Salah et Tamanrasset, ainsi que la ligne mini\u00e8re orientale Annaba-T\u00e9bessa, sans oublier plusieurs autres corridors ferroviaires strat\u00e9giques.<br>Les \u00e9changes ont permis de dresser un diagnostic pr\u00e9cis des besoins en comp\u00e9tences li\u00e9s aux projets en cours et futurs. Les participants ont pr\u00e9sent\u00e9 des expos\u00e9s techniques d\u00e9taill\u00e9s sur les sp\u00e9cialit\u00e9s \u00e0 d\u00e9velopper pour garantir un accompagnement efficace des chantiers et renforcer la performance des \u00e9quipes sur le terrain.<br>Une strat\u00e9gie commune a \u00e9galement \u00e9t\u00e9 propos\u00e9e pour renforcer la coop\u00e9ration entre les secteurs de la formation professionnelle et des travaux publics. Celle-ci pr\u00e9voit un meilleur arrimage entre les cursus de formation et les exigences techniques des projets ferroviaires et d\u2019infrastructures, avec une identification cibl\u00e9e des m\u00e9tiers prioritaires.<br>Dans ce cadre, l\u2019accent a \u00e9t\u00e9 mis sur l\u2019int\u00e9gration des \u00e9tablissements sp\u00e9cialis\u00e9s relevant des travaux publics, notamment l\u2019\u00c9cole sup\u00e9rieure de management des travaux publics (ESMTP) de Sidi Abdallah, l\u2019\u00c9cole des m\u00e9tiers des travaux publics (EMTP) de Djelfa et l\u2019Institut national de formation dans le domaine des travaux publics d\u2019A\u00efn Defla, en coordination avec les structures du secteur de la formation professionnelle.<br>La r\u00e9union s\u2019est conclue sur un accord visant \u00e0 intensifier la coop\u00e9ration entre les deux secteurs afin de d\u00e9velopper des fili\u00e8res sp\u00e9cialis\u00e9es adapt\u00e9es aux besoins du pays, tout en renfor\u00e7ant la formation appliqu\u00e9e au sein des entreprises publiques et des directions des travaux publics, avec un objectif assum\u00e9 : am\u00e9liorer l\u2019employabilit\u00e9 des dipl\u00f4m\u00e9s et privil\u00e9gier la comp\u00e9tence nationale dans la r\u00e9alisation des grands projets.<br>Une convergence qui traduit une \u00e9volution nette : les grands chantiers ne se limitent plus \u00e0 la technique et au b\u00e9ton, mais deviennent aussi une affaire de formation, de strat\u00e9gie et de capital humain, au c\u0153ur du d\u00e9veloppement des infrastructures du pays.<br><strong>Abir Menasria<\/strong><\/p>\n","protected":false},"excerpt":{"rendered":"<p>Le ministre des Travaux publics et des Infrastructures de base, Abdelkader Djellaoui, et Nacima Arhab, ministre de la Formation et de l\u2019Enseignement professionnels, ont dirig\u00e9 une r\u00e9union de travail dimanche dernier \u00e0 Alger, consacr\u00e9e \u00e0 l\u2019\u00e9laboration d\u2019un plan d\u2019action commun pour le suivi et l\u2019accompagnement des m\u00e9gaprojets structurants. L\u2019objectif affich\u00e9 [&hellip;]<\/p>\n","protected":false},"author":3,"featured_media":60757,"comment_status":"closed","ping_status":"open","sticky":false,"template":"","format":"standard","meta":{"footnotes":""},"categories":[36],"tags":[4064,4698],"class_list":["post-60756","post","type-post","status-publish","format-standard","has-post-thumbnail","hentry","category-actualites","tag-abdelkader-djellaoui","tag-nacima-arhab"],"_links":{"self":[{"href":"https:\/\/alger16.dz\/index.php?rest_route=\/wp\/v2\/posts\/60756","targetHints":{"allow":["GET"]}}],"collection":[{"href":"https:\/\/alger16.dz\/index.php?rest_route=\/wp\/v2\/posts"}],"about":[{"href":"https:\/\/alger16.dz\/index.php?rest_route=\/wp\/v2\/types\/post"}],"author":[{"embeddable":true,"href":"https:\/\/alger16.dz\/index.php?rest_route=\/wp\/v2\/users\/3"}],"replies":[{"embeddable":true,"href":"https:\/\/alger16.dz\/index.php?rest_route=%2Fwp%2Fv2%2Fcomments&post=60756"}],"version-history":[{"count":1,"href":"https:\/\/alger16.dz\/index.php?rest_route=\/wp\/v2\/posts\/60756\/revisions"}],"predecessor-version":[{"id":60758,"href":"https:\/\/alger16.dz\/index.php?rest_route=\/wp\/v2\/posts\/60756\/revisions\/60758"}],"wp:featuredmedia":[{"embeddable":true,"href":"https:\/\/alger16.dz\/index.php?rest_route=\/wp\/v2\/media\/60757"}],"wp:attachment":[{"href":"https:\/\/alger16.dz\/index.php?rest_route=%2Fwp%2Fv2%2Fmedia&parent=60756"}],"wp:term":[{"taxonomy":"category","embeddable":true,"href":"https:\/\/alger16.dz\/index.php?rest_route=%2Fwp%2Fv2%2Fcategories&post=60756"},{"taxonomy":"post_tag","embeddable":true,"href":"https:\/\/alger16.dz\/index.php?rest_route=%2Fwp%2Fv2%2Ftags&post=60756"}],"curies":[{"name":"wp","href":"https:\/\/api.w.org\/{rel}","templated":true}]}}