{"id":60762,"date":"2026-04-29T00:01:00","date_gmt":"2026-04-29T00:01:00","guid":{"rendered":"https:\/\/alger16.dz\/?p=60762"},"modified":"2026-04-29T15:03:09","modified_gmt":"2026-04-29T15:03:09","slug":"ligne-miniere-et-axe-alger-tamanrasset-la-coordination-technique-monte-en-puissance","status":"publish","type":"post","link":"https:\/\/alger16.dz\/?p=60762","title":{"rendered":"Ligne mini\u00e8re et axe Alger-Tamanrasset : La coordination technique monte en puissance"},"content":{"rendered":"\n<figure class=\"wp-block-image size-full\"><img loading=\"lazy\" decoding=\"async\" width=\"800\" height=\"500\" src=\"https:\/\/alger16.dz\/wp-content\/uploads\/2026\/04\/prohjet.jpg\" alt=\"\" class=\"wp-image-60763\" srcset=\"https:\/\/alger16.dz\/wp-content\/uploads\/2026\/04\/prohjet.jpg 800w, https:\/\/alger16.dz\/wp-content\/uploads\/2026\/04\/prohjet-300x188.jpg 300w, https:\/\/alger16.dz\/wp-content\/uploads\/2026\/04\/prohjet-768x480.jpg 768w\" sizes=\"auto, (max-width: 800px) 100vw, 800px\" \/><\/figure>\n\n\n\n<p><strong>Les ministres de l\u2019\u00c9nergie et des \u00c9nergies renouvelables, Mourad Adjal, et des Travaux publics et des Infrastructures de base, Abdelkader Djellaoui, ont tenu hier \u00e0 Alger une r\u00e9union de coordination consacr\u00e9e au suivi des grands projets ferroviaires structurants en cours de r\u00e9alisation \u00e0 travers le pays.<\/strong><\/p>\n\n\n\n<p>Cette rencontre, organis\u00e9e dans le cadre du suivi des projets strat\u00e9giques approuv\u00e9s par le pr\u00e9sident de la R\u00e9publique, Abdelmadjid Tebboune, a permis d\u2019examiner plusieurs dossiers techniques li\u00e9s principalement au traitement des points de croisement entre les r\u00e9seaux d\u2019\u00e9lectricit\u00e9 et de gaz et les nouvelles lignes ferroviaires en chantier.<br>Selon un communiqu\u00e9 conjoint des deux minist\u00e8res, les discussions ont port\u00e9 en particulier sur le projet de la ligne ferroviaire mini\u00e8re de l\u2019Est reliant Annaba \u00e0 T\u00e9bessa, ainsi que sur le vaste projet ferroviaire Alger-Tamanrasset dans ses diff\u00e9rents tron\u00e7ons traversant Laghouat, Gharda\u00efa, El Menia, In Salah et Tamanrasset.<br>La r\u00e9union a regroup\u00e9 les cadres centraux des deux secteurs, les responsables de Sonelgaz et des soci\u00e9t\u00e9s de distribution de l\u2019\u00e9lectricit\u00e9 et du gaz, ainsi que les repr\u00e9sentants de l\u2019Agence nationale d\u2019\u00e9tudes et de suivi de la r\u00e9alisation des investissements ferroviaires (ANESRIF). Les directeurs des travaux publics des wilayas concern\u00e9es par ces projets ont \u00e9galement pris part aux travaux.<br>\u00c0 cette occasion, les deux ministres ont exprim\u00e9 leur satisfaction quant \u00e0 l\u2019\u00e9tat d\u2019avancement des op\u00e9rations engag\u00e9es pour traiter les points de croisement entre les infrastructures \u00e9nerg\u00e9tiques et les voies ferr\u00e9es. Ils ont estim\u00e9 que cette coordination a contribu\u00e9 \u00e0 acc\u00e9l\u00e9rer la cadence de r\u00e9alisation de la ligne mini\u00e8re de l\u2019Est, un projet consid\u00e9r\u00e9 comme strat\u00e9gique pour le transport des ressources mini\u00e8res et le d\u00e9veloppement \u00e9conomique des r\u00e9gions concern\u00e9es.<br>Les \u00e9changes ont \u00e9galement port\u00e9 sur la mise en place de m\u00e9canismes techniques et organisationnels permettant d\u2019identifier avec pr\u00e9cision l\u2019ensemble des points de croisement sur le trac\u00e9 de la future ligne ferroviaire reliant Laghouat \u00e0 Tamanrasset via Gharda\u00efa, El Menia et In Salah. L\u2019objectif est de lancer de mani\u00e8re anticip\u00e9e les travaux de traitement n\u00e9cessaires afin d\u2019\u00e9viter tout retard dans l\u2019ex\u00e9cution du projet.<br>Les deux responsables ont salu\u00e9 \u00ab le haut niveau de coordination \u00bb entre les secteurs de l\u2019\u00e9nergie et des travaux publics, insistant sur la n\u00e9cessit\u00e9 de maintenir cette dynamique pour assurer la concr\u00e9tisation des grands projets nationaux dans les d\u00e9lais fix\u00e9s.<br>Ces projets ferroviaires figurent parmi les principaux chantiers d\u2019infrastructures engag\u00e9s par l\u2019\u00c9tat afin de renforcer les r\u00e9seaux de transport, soutenir l\u2019activit\u00e9 \u00e9conomique et am\u00e9liorer la connectivit\u00e9 entre les diff\u00e9rentes r\u00e9gions du pays, notamment dans le Sud et les zones \u00e0 fort potentiel minier. <br><strong>Cheklat Meriem<\/strong><\/p>\n","protected":false},"excerpt":{"rendered":"<p>Les ministres de l\u2019\u00c9nergie et des \u00c9nergies renouvelables, Mourad Adjal, et des Travaux publics et des Infrastructures de base, Abdelkader Djellaoui, ont tenu hier \u00e0 Alger une r\u00e9union de coordination consacr\u00e9e au suivi des grands projets ferroviaires structurants en cours de r\u00e9alisation \u00e0 travers le pays. Cette rencontre, organis\u00e9e dans [&hellip;]<\/p>\n","protected":false},"author":3,"featured_media":60763,"comment_status":"closed","ping_status":"open","sticky":false,"template":"","format":"standard","meta":{"footnotes":""},"categories":[112],"tags":[3843,1012],"class_list":["post-60762","post","type-post","status-publish","format-standard","has-post-thumbnail","hentry","category-regions","tag-alger-tamanrasset","tag-mourad-adjal"],"_links":{"self":[{"href":"https:\/\/alger16.dz\/index.php?rest_route=\/wp\/v2\/posts\/60762","targetHints":{"allow":["GET"]}}],"collection":[{"href":"https:\/\/alger16.dz\/index.php?rest_route=\/wp\/v2\/posts"}],"about":[{"href":"https:\/\/alger16.dz\/index.php?rest_route=\/wp\/v2\/types\/post"}],"author":[{"embeddable":true,"href":"https:\/\/alger16.dz\/index.php?rest_route=\/wp\/v2\/users\/3"}],"replies":[{"embeddable":true,"href":"https:\/\/alger16.dz\/index.php?rest_route=%2Fwp%2Fv2%2Fcomments&post=60762"}],"version-history":[{"count":1,"href":"https:\/\/alger16.dz\/index.php?rest_route=\/wp\/v2\/posts\/60762\/revisions"}],"predecessor-version":[{"id":60764,"href":"https:\/\/alger16.dz\/index.php?rest_route=\/wp\/v2\/posts\/60762\/revisions\/60764"}],"wp:featuredmedia":[{"embeddable":true,"href":"https:\/\/alger16.dz\/index.php?rest_route=\/wp\/v2\/media\/60763"}],"wp:attachment":[{"href":"https:\/\/alger16.dz\/index.php?rest_route=%2Fwp%2Fv2%2Fmedia&parent=60762"}],"wp:term":[{"taxonomy":"category","embeddable":true,"href":"https:\/\/alger16.dz\/index.php?rest_route=%2Fwp%2Fv2%2Fcategories&post=60762"},{"taxonomy":"post_tag","embeddable":true,"href":"https:\/\/alger16.dz\/index.php?rest_route=%2Fwp%2Fv2%2Ftags&post=60762"}],"curies":[{"name":"wp","href":"https:\/\/api.w.org\/{rel}","templated":true}]}}