{"id":60790,"date":"2026-04-29T16:54:51","date_gmt":"2026-04-29T16:54:51","guid":{"rendered":"https:\/\/alger16.dz\/?p=60790"},"modified":"2026-04-29T16:54:52","modified_gmt":"2026-04-29T16:54:52","slug":"le-president-de-la-republique-recoit-le-vice-premier-ministre-et-ministre-des-affaires-etrangeres-de-la-republique-de-pologne","status":"publish","type":"post","link":"https:\/\/alger16.dz\/?p=60790","title":{"rendered":"Le Pr\u00e9sident de la R\u00e9publique re\u00e7oit le Vice-Premier ministre et ministre des Affaires \u00e9trang\u00e8res de la R\u00e9publique de Pologne"},"content":{"rendered":"\n<figure class=\"wp-block-image size-large\"><img loading=\"lazy\" decoding=\"async\" width=\"1024\" height=\"521\" src=\"https:\/\/alger16.dz\/wp-content\/uploads\/2026\/04\/image-246-1024x521.png\" alt=\"\" class=\"wp-image-60792\" srcset=\"https:\/\/alger16.dz\/wp-content\/uploads\/2026\/04\/image-246-1024x521.png 1024w, https:\/\/alger16.dz\/wp-content\/uploads\/2026\/04\/image-246-300x153.png 300w, https:\/\/alger16.dz\/wp-content\/uploads\/2026\/04\/image-246-768x391.png 768w, https:\/\/alger16.dz\/wp-content\/uploads\/2026\/04\/image-246.png 1445w\" sizes=\"auto, (max-width: 1024px) 100vw, 1024px\" \/><\/figure>\n\n\n\n<p><strong>Le Pr\u00e9sident de la R\u00e9publique, Abdelmadjid Tebboune, a re\u00e7u ce mercredi le vice-premier ministre et ministre des Affaires \u00e9trang\u00e8res de la R\u00e9publique de Pologne, Radoslaw Sikorski, ainsi que la d\u00e9l\u00e9gation qui l\u2019accompagne.<\/strong><\/p>\n\n\n\n<p>Ont assist\u00e9 \u00e0 cette rencontre Ibrahim Merad, ministre d\u2019\u00c9tat charg\u00e9 de l\u2019Inspection g\u00e9n\u00e9rale des services de l\u2019\u00c9tat et des collectivit\u00e9s locales, Ahmed Attaf, ministre d\u2019\u00c9tat, ministre des Affaires \u00e9trang\u00e8res, de la Communaut\u00e9 nationale \u00e0 l\u2019\u00e9tranger et des Affaires africaines, Ammar Abba, conseiller aupr\u00e8s du Pr\u00e9sident de la R\u00e9publique charg\u00e9 des affaires diplomatiques et Mohamed Salah-Eddine Belayed, ambassadeur d\u2019Alg\u00e9rie aupr\u00e8s de la R\u00e9publique de Pologne.<\/p>\n","protected":false},"excerpt":{"rendered":"<p>Le Pr\u00e9sident de la R\u00e9publique, Abdelmadjid Tebboune, a re\u00e7u ce mercredi le vice-premier ministre et ministre des Affaires \u00e9trang\u00e8res de la R\u00e9publique de Pologne, Radoslaw Sikorski, ainsi que la d\u00e9l\u00e9gation qui l\u2019accompagne. Ont assist\u00e9 \u00e0 cette rencontre Ibrahim Merad, ministre d\u2019\u00c9tat charg\u00e9 de l\u2019Inspection g\u00e9n\u00e9rale des services de l\u2019\u00c9tat et [&hellip;]<\/p>\n","protected":false},"author":3,"featured_media":60792,"comment_status":"closed","ping_status":"open","sticky":false,"template":"","format":"standard","meta":{"footnotes":""},"categories":[236,36],"tags":[228],"class_list":["post-60790","post","type-post","status-publish","format-standard","has-post-thumbnail","hentry","category-a-la-une","category-actualites","tag-abdelmadjid-tebboune"],"_links":{"self":[{"href":"https:\/\/alger16.dz\/index.php?rest_route=\/wp\/v2\/posts\/60790","targetHints":{"allow":["GET"]}}],"collection":[{"href":"https:\/\/alger16.dz\/index.php?rest_route=\/wp\/v2\/posts"}],"about":[{"href":"https:\/\/alger16.dz\/index.php?rest_route=\/wp\/v2\/types\/post"}],"author":[{"embeddable":true,"href":"https:\/\/alger16.dz\/index.php?rest_route=\/wp\/v2\/users\/3"}],"replies":[{"embeddable":true,"href":"https:\/\/alger16.dz\/index.php?rest_route=%2Fwp%2Fv2%2Fcomments&post=60790"}],"version-history":[{"count":1,"href":"https:\/\/alger16.dz\/index.php?rest_route=\/wp\/v2\/posts\/60790\/revisions"}],"predecessor-version":[{"id":60793,"href":"https:\/\/alger16.dz\/index.php?rest_route=\/wp\/v2\/posts\/60790\/revisions\/60793"}],"wp:featuredmedia":[{"embeddable":true,"href":"https:\/\/alger16.dz\/index.php?rest_route=\/wp\/v2\/media\/60792"}],"wp:attachment":[{"href":"https:\/\/alger16.dz\/index.php?rest_route=%2Fwp%2Fv2%2Fmedia&parent=60790"}],"wp:term":[{"taxonomy":"category","embeddable":true,"href":"https:\/\/alger16.dz\/index.php?rest_route=%2Fwp%2Fv2%2Fcategories&post=60790"},{"taxonomy":"post_tag","embeddable":true,"href":"https:\/\/alger16.dz\/index.php?rest_route=%2Fwp%2Fv2%2Ftags&post=60790"}],"curies":[{"name":"wp","href":"https:\/\/api.w.org\/{rel}","templated":true}]}}