{"id":60816,"date":"2026-04-30T18:38:00","date_gmt":"2026-04-30T18:38:00","guid":{"rendered":"https:\/\/alger16.dz\/?p=60816"},"modified":"2026-04-30T19:44:41","modified_gmt":"2026-04-30T19:44:41","slug":"m-attaf-recoit-la-presidente-de-lassociation-france-algerie","status":"publish","type":"post","link":"https:\/\/alger16.dz\/?p=60816","title":{"rendered":"M. Attaf re\u00e7oit la pr\u00e9sidente de l&rsquo;Association France-Alg\u00e9rie"},"content":{"rendered":"\n<figure class=\"wp-block-image size-full\"><img loading=\"lazy\" decoding=\"async\" width=\"1024\" height=\"683\" src=\"https:\/\/alger16.dz\/wp-content\/uploads\/2026\/04\/image-249.png\" alt=\"\" class=\"wp-image-60817\" srcset=\"https:\/\/alger16.dz\/wp-content\/uploads\/2026\/04\/image-249.png 1024w, https:\/\/alger16.dz\/wp-content\/uploads\/2026\/04\/image-249-300x200.png 300w, https:\/\/alger16.dz\/wp-content\/uploads\/2026\/04\/image-249-768x512.png 768w\" sizes=\"auto, (max-width: 1024px) 100vw, 1024px\" \/><\/figure>\n\n\n\n<p><strong>Le ministre d&rsquo;Etat, ministre des Affaires \u00e9trang\u00e8res, de la Communaut\u00e9 nationale \u00e0 l&rsquo;\u00e9tranger et des Affaires africaines, M. Ahmed Attaf, a re\u00e7u, jeudi au si\u00e8ge du minist\u00e8re, la pr\u00e9sidente de l&rsquo;Association France-Alg\u00e9rie, Mme S\u00e9gol\u00e8ne Royal, en visite en Alg\u00e9rie dans le cadre de sa participation aux \u00ab\u00a0Rencontres afro-m\u00e9diterran\u00e9ennes de la pens\u00e9e\u00a0\u00bb, a indiqu\u00e9 un communiqu\u00e9 du minist\u00e8re.<\/strong><\/p>\n\n\n\n<p>A cette occasion, M. Attaf a renouvel\u00e9 ses f\u00e9licitations \u00e0 Mme Royal, suite \u00e0 son \u00e9lection \u00e0 la t\u00eate de cette importante association, \u00e9voquant avec elle \u00ab\u00a0les activit\u00e9s et projets divers qu&rsquo;elle supervise en vue de jeter des ponts de communication, d&rsquo;interaction et d&rsquo;entente entre les deux pays et les deux peuples alg\u00e9rien et fran\u00e7ais\u00a0\u00bb, ajoute la m\u00eame source.<\/p>\n","protected":false},"excerpt":{"rendered":"<p>Le ministre d&rsquo;Etat, ministre des Affaires \u00e9trang\u00e8res, de la Communaut\u00e9 nationale \u00e0 l&rsquo;\u00e9tranger et des Affaires africaines, M. Ahmed Attaf, a re\u00e7u, jeudi au si\u00e8ge du minist\u00e8re, la pr\u00e9sidente de l&rsquo;Association France-Alg\u00e9rie, Mme S\u00e9gol\u00e8ne Royal, en visite en Alg\u00e9rie dans le cadre de sa participation aux \u00ab\u00a0Rencontres afro-m\u00e9diterran\u00e9ennes de la [&hellip;]<\/p>\n","protected":false},"author":3,"featured_media":60817,"comment_status":"closed","ping_status":"open","sticky":false,"template":"","format":"standard","meta":{"footnotes":""},"categories":[36],"tags":[229,5013],"class_list":["post-60816","post","type-post","status-publish","format-standard","has-post-thumbnail","hentry","category-actualites","tag-ahmed-attaf","tag-segolene-royal"],"_links":{"self":[{"href":"https:\/\/alger16.dz\/index.php?rest_route=\/wp\/v2\/posts\/60816","targetHints":{"allow":["GET"]}}],"collection":[{"href":"https:\/\/alger16.dz\/index.php?rest_route=\/wp\/v2\/posts"}],"about":[{"href":"https:\/\/alger16.dz\/index.php?rest_route=\/wp\/v2\/types\/post"}],"author":[{"embeddable":true,"href":"https:\/\/alger16.dz\/index.php?rest_route=\/wp\/v2\/users\/3"}],"replies":[{"embeddable":true,"href":"https:\/\/alger16.dz\/index.php?rest_route=%2Fwp%2Fv2%2Fcomments&post=60816"}],"version-history":[{"count":1,"href":"https:\/\/alger16.dz\/index.php?rest_route=\/wp\/v2\/posts\/60816\/revisions"}],"predecessor-version":[{"id":60818,"href":"https:\/\/alger16.dz\/index.php?rest_route=\/wp\/v2\/posts\/60816\/revisions\/60818"}],"wp:featuredmedia":[{"embeddable":true,"href":"https:\/\/alger16.dz\/index.php?rest_route=\/wp\/v2\/media\/60817"}],"wp:attachment":[{"href":"https:\/\/alger16.dz\/index.php?rest_route=%2Fwp%2Fv2%2Fmedia&parent=60816"}],"wp:term":[{"taxonomy":"category","embeddable":true,"href":"https:\/\/alger16.dz\/index.php?rest_route=%2Fwp%2Fv2%2Fcategories&post=60816"},{"taxonomy":"post_tag","embeddable":true,"href":"https:\/\/alger16.dz\/index.php?rest_route=%2Fwp%2Fv2%2Ftags&post=60816"}],"curies":[{"name":"wp","href":"https:\/\/api.w.org\/{rel}","templated":true}]}}