{"id":60847,"date":"2026-05-03T08:12:00","date_gmt":"2026-05-03T08:12:00","guid":{"rendered":"https:\/\/alger16.dz\/?p=60847"},"modified":"2026-05-03T12:14:52","modified_gmt":"2026-05-03T12:14:52","slug":"president-de-la-republique-la-liberte-dexpression-est-garantie-en-algerie-a-condition-de-respecter-les-lois-de-la-republique","status":"publish","type":"post","link":"https:\/\/alger16.dz\/?p=60847","title":{"rendered":"Pr\u00e9sident de la R\u00e9publique : la libert\u00e9 d\u2019expression est garantie en Alg\u00e9rie \u00e0 condition de respecter les lois de la R\u00e9publique"},"content":{"rendered":"\n<figure class=\"wp-block-image size-full\"><img loading=\"lazy\" decoding=\"async\" width=\"900\" height=\"675\" src=\"https:\/\/alger16.dz\/wp-content\/uploads\/2026\/05\/image-4.png\" alt=\"\" class=\"wp-image-60848\" srcset=\"https:\/\/alger16.dz\/wp-content\/uploads\/2026\/05\/image-4.png 900w, https:\/\/alger16.dz\/wp-content\/uploads\/2026\/05\/image-4-300x225.png 300w, https:\/\/alger16.dz\/wp-content\/uploads\/2026\/05\/image-4-768x576.png 768w\" sizes=\"auto, (max-width: 900px) 100vw, 900px\" \/><\/figure>\n\n\n\n<p><strong>Le pr\u00e9sident de la R\u00e9publique, M. Abdelmadjid Tebboune, a r\u00e9affirm\u00e9 que la libert\u00e9 d\u2019expression \u00e9tait garantie en Alg\u00e9rie, \u00e0 condition de respecter les lois de la R\u00e9publique, les composantes de l\u2019identit\u00e9 nationale et les traditions de la soci\u00e9t\u00e9.<\/strong><\/p>\n\n\n\n<p>Lors de son entrevue p\u00e9riodique avec les repr\u00e9sentants de la presse nationale, diffus\u00e9e samedi soir, sur les cha\u00eenes de T\u00e9l\u00e9vision et de Radio nationales, le pr\u00e9sident de la R\u00e9publique a soulign\u00e9 que \u00ab\u00a0la libert\u00e9 d\u2019expression est garantie dans notre pays, \u00e0 condition que les id\u00e9es exprim\u00e9es soient celles de leurs auteurs et non pas des id\u00e9es dict\u00e9es par des parties, dont le but est de semer la zizanie, porter atteinte ou cr\u00e9er une scission parmi les composantes de la soci\u00e9t\u00e9\u00a0\u00bb.<\/p>\n\n\n\n<p>Dans le m\u00eame sillage, le pr\u00e9sident de la R\u00e9publique a rappel\u00e9 avoir jur\u00e9 devant le peuple alg\u00e9rien, lors de sa prestation du serment constitutionnel, d&rsquo;\u00eatre \u00ab\u00a0l&rsquo;adversaire de quiconque oserait porter atteinte \u00e0 l&rsquo;unit\u00e9 nationale ou \u00e0 l&rsquo;une des composantes de l&rsquo;identit\u00e9 nationale, prot\u00e9g\u00e9es par la Constitution et les lois de la R\u00e9publique\u00a0\u00bb.<\/p>\n\n\n\n<p>Il a assur\u00e9 que l&rsquo;intervention de la justice alg\u00e9rienne dans les questions li\u00e9es \u00e0 l&rsquo;expression d&rsquo;opinion demeure \u00ab\u00a0rare\u00a0\u00bb, pr\u00e9cisant que \u00ab\u00a0tout contrevenant aux principes statu\u00e9s par la Constitution, la loi alg\u00e9rienne, et les traditions de la soci\u00e9t\u00e9, en paiera le prix, car la justice est libre et elle a pour mission d&rsquo;interdire l&rsquo;injure et la diffamation\u00a0\u00bb.<\/p>\n\n\n\n<p>Apr\u00e8s avoir rappel\u00e9 que les lois de la R\u00e9publique \u00ab\u00a0interdisent la r\u00e9ouverture des dossiers du pass\u00e9 douloureux\u00a0\u00bb, le pr\u00e9sident de la R\u00e9publique a r\u00e9affirm\u00e9 que \u00ab\u00a0le chaos ayant pr\u00e9valu avant l&rsquo;ann\u00e9e 2019 ne se reproduira plus\u00a0\u00bb, soulignant, \u00e0 cet \u00e9gard, que \u00ab\u00a0les relais de la cinqui\u00e8me colonne qui se croyaient prot\u00e9g\u00e9s par des parties \u00e9trang\u00e8res qui les utilisent, ont fini par r\u00e9aliser qu&rsquo;ils avaient tord et qu&rsquo;aucune partie ne pourrait les prot\u00e9ger\u00a0\u00bb.<\/p>\n\n\n\n<p>\u00ab\u00a0Comment des pays occidentaux peuvent-ils pr\u00e9tendre qu&rsquo;il y a des restrictions en Alg\u00e9rie, en se posant en mod\u00e8les de d\u00e9mocratie, et infliger des peines d&#8217;emprisonnement \u00e0 l&rsquo;encontre de toute personne qui exprime sa sympathie envers la cause palestinienne sur les r\u00e9seaux sociaux\u00a0\u00bb, s&rsquo;est interrog\u00e9 le pr\u00e9sident de la R\u00e9publique.<\/p>\n","protected":false},"excerpt":{"rendered":"<p>Le pr\u00e9sident de la R\u00e9publique, M. Abdelmadjid Tebboune, a r\u00e9affirm\u00e9 que la libert\u00e9 d\u2019expression \u00e9tait garantie en Alg\u00e9rie, \u00e0 condition de respecter les lois de la R\u00e9publique, les composantes de l\u2019identit\u00e9 nationale et les traditions de la soci\u00e9t\u00e9. Lors de son entrevue p\u00e9riodique avec les repr\u00e9sentants de la presse nationale, [&hellip;]<\/p>\n","protected":false},"author":3,"featured_media":60848,"comment_status":"closed","ping_status":"open","sticky":false,"template":"","format":"standard","meta":{"footnotes":""},"categories":[236,36],"tags":[228],"class_list":["post-60847","post","type-post","status-publish","format-standard","has-post-thumbnail","hentry","category-a-la-une","category-actualites","tag-abdelmadjid-tebboune"],"_links":{"self":[{"href":"https:\/\/alger16.dz\/index.php?rest_route=\/wp\/v2\/posts\/60847","targetHints":{"allow":["GET"]}}],"collection":[{"href":"https:\/\/alger16.dz\/index.php?rest_route=\/wp\/v2\/posts"}],"about":[{"href":"https:\/\/alger16.dz\/index.php?rest_route=\/wp\/v2\/types\/post"}],"author":[{"embeddable":true,"href":"https:\/\/alger16.dz\/index.php?rest_route=\/wp\/v2\/users\/3"}],"replies":[{"embeddable":true,"href":"https:\/\/alger16.dz\/index.php?rest_route=%2Fwp%2Fv2%2Fcomments&post=60847"}],"version-history":[{"count":1,"href":"https:\/\/alger16.dz\/index.php?rest_route=\/wp\/v2\/posts\/60847\/revisions"}],"predecessor-version":[{"id":60849,"href":"https:\/\/alger16.dz\/index.php?rest_route=\/wp\/v2\/posts\/60847\/revisions\/60849"}],"wp:featuredmedia":[{"embeddable":true,"href":"https:\/\/alger16.dz\/index.php?rest_route=\/wp\/v2\/media\/60848"}],"wp:attachment":[{"href":"https:\/\/alger16.dz\/index.php?rest_route=%2Fwp%2Fv2%2Fmedia&parent=60847"}],"wp:term":[{"taxonomy":"category","embeddable":true,"href":"https:\/\/alger16.dz\/index.php?rest_route=%2Fwp%2Fv2%2Fcategories&post=60847"},{"taxonomy":"post_tag","embeddable":true,"href":"https:\/\/alger16.dz\/index.php?rest_route=%2Fwp%2Fv2%2Ftags&post=60847"}],"curies":[{"name":"wp","href":"https:\/\/api.w.org\/{rel}","templated":true}]}}