{"id":60850,"date":"2026-05-03T08:15:00","date_gmt":"2026-05-03T08:15:00","guid":{"rendered":"https:\/\/alger16.dz\/?p=60850"},"modified":"2026-05-03T12:15:55","modified_gmt":"2026-05-03T12:15:55","slug":"president-de-la-republique-lalgerie-nhypothequera-ni-son-independance-ni-ses-richesses","status":"publish","type":"post","link":"https:\/\/alger16.dz\/?p=60850","title":{"rendered":"Pr\u00e9sident de la R\u00e9publique : l&rsquo;Alg\u00e9rie n&rsquo;hypoth\u00e8quera ni son ind\u00e9pendance ni ses richesses"},"content":{"rendered":"\n<figure class=\"wp-block-image size-full\"><img loading=\"lazy\" decoding=\"async\" width=\"900\" height=\"675\" src=\"https:\/\/alger16.dz\/wp-content\/uploads\/2026\/05\/image-5.png\" alt=\"\" class=\"wp-image-60851\" srcset=\"https:\/\/alger16.dz\/wp-content\/uploads\/2026\/05\/image-5.png 900w, https:\/\/alger16.dz\/wp-content\/uploads\/2026\/05\/image-5-300x225.png 300w, https:\/\/alger16.dz\/wp-content\/uploads\/2026\/05\/image-5-768x576.png 768w\" sizes=\"auto, (max-width: 900px) 100vw, 900px\" \/><\/figure>\n\n\n\n<p><strong>Le pr\u00e9sident de la R\u00e9publique, M. Abdelmadjid Tebboune, a affirm\u00e9 que l&rsquo;Alg\u00e9rie n&rsquo;hypoth\u00e8quera ni son ind\u00e9pendance ni ses richesses, qui appartiennent exclusivement aux Alg\u00e9riens, soulignant l&rsquo;importance de saisir les dimensions et les r\u00e9percussions des \u00e9v\u00e9nements internationaux actuels dans son environnement.<\/strong><\/p>\n\n\n\n<p>Lors de son entrevue p\u00e9riodique avec les repr\u00e9sentants des m\u00e9dias nationaux, diffus\u00e9e samedi soir sur les cha\u00eenes de T\u00e9l\u00e9vision et de Radio nationales, le pr\u00e9sident de la R\u00e9publique a dit : \u00ab\u00a0nous nous employons \u00e0 r\u00e9gler nos probl\u00e8mes par nous-m\u00eames car, par le pass\u00e9, personne n\u2019a \u00e9t\u00e9 \u00e0 nos c\u00f4t\u00e9s lorsque nous avons \u00e9t\u00e9 confront\u00e9s \u00e0 des \u00e9preuves\u00a0\u00bb. \u00ab\u00a0Aujourd&rsquo;hui, nous pouvons r\u00e9gler les probl\u00e8mes des citoyens, nous le faisons sans hypoth\u00e9quer l&rsquo;ind\u00e9pendance de l&rsquo;Alg\u00e9rie ni ses richesses, qui appartiennent exclusivement aux Alg\u00e9riens\u00a0\u00bb.<\/p>\n\n\n\n<p>Appelant les m\u00e9dias nationaux \u00e0 \u00ab\u00a0\u00eatre au fait des \u00e9v\u00e9nements internationaux en cours dans l\u2019environnement de l\u2019Alg\u00e9rie\u00a0\u00bb, le pr\u00e9sident de la R\u00e9publique a mis en garde contre \u00ab\u00a0certains relais de la cinqui\u00e8me colonne qui se croyaient prot\u00e9g\u00e9s par des parties \u00e9trang\u00e8res qui les instrumentalisaient pour diviser la soci\u00e9t\u00e9, mais qui ont fini par comprendre qu\u2019ils se sont fourvoy\u00e9s sans qu&rsquo;aucune partie ne puisse les prot\u00e9ger\u00a0\u00bb.<\/p>\n\n\n\n<p>Le pr\u00e9sident de la R\u00e9publique a rappel\u00e9 s\u2019\u00eatre engag\u00e9 devant le peuple alg\u00e9rien, lors de sa prestation de serment, \u00e0 \u00ab\u00a0combattre quiconque oserait porter atteinte \u00e0 l&rsquo;unit\u00e9 nationale ou \u00e0 l&rsquo;une des composantes de l&rsquo;identit\u00e9 nationale, qui sont prot\u00e9g\u00e9es par la Constitution et les lois de la R\u00e9publique\u00a0\u00bb.<\/p>\n\n\n\n<p>Il a \u00e9galement a r\u00e9affirm\u00e9 que la libert\u00e9 d\u2019expression est garantie en Alg\u00e9rie, \u00e0 condition de respecter les lois de la R\u00e9publique, les composantes de l\u2019identit\u00e9 nationale et les traditions de la soci\u00e9t\u00e9, et \u00e0 condition aussi que les id\u00e9es exprim\u00e9es soient celles de leurs auteurs et non pas des id\u00e9es dict\u00e9es par d\u2019autres parties.<\/p>\n\n\n\n<p>Le pr\u00e9sident de la R\u00e9publique a, dans le m\u00eame sillage, assur\u00e9 que l&rsquo;intervention de la Justice alg\u00e9rienne dans les questions li\u00e9es \u00e0 l&rsquo;expression d&rsquo;opinion demeure \u00ab\u00a0rare\u00a0\u00bb, pr\u00e9cisant que \u00ab\u00a0tout contrevenant aux principes statu\u00e9s par la Constitution, la loi alg\u00e9rienne et les traditions de la soci\u00e9t\u00e9, en paiera le prix, car la Justice est libre et elle a pour mission d&rsquo;interdire l&rsquo;injure et la diffamation\u00a0\u00bb.<\/p>\n\n\n\n<p>Le pr\u00e9sident de la R\u00e9publique a, par l\u00e0 m\u00eame, fustig\u00e9 le double discours de certains pays qui se targuent d\u2019\u00eatre des mod\u00e8les de d\u00e9mocratie alors qu\u2019ils infligent des peines d&#8217;emprisonnement \u00e0 ceux qui affichent leur soutien \u00e0 la cause palestinienne sur les r\u00e9seaux sociaux.<\/p>\n\n\n\n<p>Evoquant la visite effectu\u00e9e par le pape L\u00e9on XIV en Alg\u00e9rie, le pr\u00e9sident de la R\u00e9publique l\u2019a qualifi\u00e9e de \u00ab\u00a0succ\u00e8s\u00a0\u00bb marquant une \u00e9tape importante dans le renforcement des relations entre l\u2019Alg\u00e9rie et le Vatican, pr\u00e9cisant que ses entretiens avec le pape ont port\u00e9 essentiellement sur les relations bilat\u00e9rales et la n\u00e9cessit\u00e9 d\u2019en faire des \u00ab\u00a0relations p\u00e9rennes et enrichissantes pour les deux parties\u00a0\u00bb.<\/p>\n\n\n\n<p>Il a indiqu\u00e9 avoir donn\u00e9 des instructions dans ce sens \u00e0 l\u2019ambassadeur d\u2019Alg\u00e9rie aupr\u00e8s du Vatican, ajoutant avoir propos\u00e9 au pape l\u2019ouverture d\u2019une ambassade du Vatican en Alg\u00e9rie, proposition ayant \u00e9t\u00e9 accueillie favorablement.<\/p>\n\n\n\n<p>Le pr\u00e9sident de la R\u00e9publique a estim\u00e9 que cette visite a \u00ab\u00a0r\u00e9fut\u00e9 le mythe de l\u2019ancien colonisateur pr\u00e9tendant avoir \u00e9t\u00e9 \u00e0 l\u2019origine de la cr\u00e9ation de l\u2019Alg\u00e9rie\u00a0\u00bb. En effet, a-t-il dit, le pape a mis en \u00e9vidence \u00ab\u00a0l\u2019enracinement historique de l\u2019Alg\u00e9rie, qui remonte \u00e0 saint Augustin et bien avant\u00a0\u00bb.<\/p>\n\n\n\n<p>Cette visite \u00ab\u00a0place l&rsquo;Alg\u00e9rie dans sa position naturelle\u00a0\u00bb, celle d\u2019\u00a0\u00bbinterm\u00e9diaire fiable qu&rsquo;elle a toujours \u00e9t\u00e9\u00a0\u00bb, a soulign\u00e9 le pr\u00e9sident de la R\u00e9publique, mettant en exergue son r\u00f4le dans le dialogue entre les religions et le rapprochement des peuples.<\/p>\n\n\n\n<p>Il s\u2019est \u00e9galement arr\u00eat\u00e9 sur la visite du souverain pontife \u00e0 Djama\u00e2 El-Djaza\u00efr, disant \u00e0 ce propos que \u00ab\u00a0ceux qui ne connaissent pas l&rsquo;Alg\u00e9rie ont pu voir cet \u00e9difice, troisi\u00e8me plus grande mosqu\u00e9e du monde\u00a0\u00bb.<\/p>\n\n\n\n<p>Par ailleurs, concernant les l\u00e9gislatives du 2 juillet prochain, le pr\u00e9sident de la R\u00e9publique a assur\u00e9 que toutes les conditions sont r\u00e9unies pour garantir l\u2019int\u00e9grit\u00e9 du processus \u00e9lectoral, soulignant que la cr\u00e9ation de l\u2019Autorit\u00e9 nationale ind\u00e9pendante des \u00e9lections (ANIE) s\u2019inscrit dans la politique de l\u2019Etat visant \u00e0 \u00e9viter toute suspicion susceptible d\u2019entacher l\u2019int\u00e9grit\u00e9 de ce processus.<\/p>\n\n\n\n<p>Apr\u00e8s avoir relev\u00e9 que \u00ab\u00a0le terme de fraude \u00e9lectorale n\u2019a plus cours et ne figure plus dans le vocabulaire politique des Alg\u00e9riens\u00a0\u00bb, le pr\u00e9sident de la R\u00e9publique a mis en avant les efforts de l&rsquo;Etat visant \u00e0 barrer la route \u00e0 l&rsquo;utilisation de l&rsquo;argent sale et \u00e0 interdire la transhumance politique.<\/p>\n\n\n\n<p>\u00ab\u00a0Toute tentative de porter atteinte \u00e0 l&rsquo;int\u00e9grit\u00e9 des \u00e9lections se heurtera \u00e0 la loi\u00a0\u00bb, a-t-il averti. \u00ab\u00a0Nous \u0153uvrons \u00e0 b\u00e2tir un Etat in\u00e9branlable, fond\u00e9 sur des bases solides\u00a0\u00bb.<\/p>\n\n\n\n<p>A une question sur les informations circulant au sujet de l\u2019achat de cartes d\u2019adh\u00e9rent aupr\u00e8s de partis politiques et de l\u2019investiture de candidats, le pr\u00e9sident de la R\u00e9publique a pr\u00e9venu que \u00ab\u00a0toute personne dont l\u2019implication est av\u00e9r\u00e9e fera face \u00e0 des poursuites p\u00e9nales pouvant entra\u00eener la suspension, la r\u00e9vocation, le retrait de confiance et la lev\u00e9e de l\u2019immunit\u00e9 par le biais de la Cour constitutionnelle\u00a0\u00bb. \u00ab\u00a0La loi est claire et sera appliqu\u00e9e \u00e0 tous. Nul n\u2019est au-dessus de la loi\u00a0\u00bb, a-t-il rappel\u00e9.<\/p>\n\n\n\n<p>S&rsquo;agissant de la participation des femmes \u00e0 la vie politique, le pr\u00e9sident de la R\u00e9publique a indiqu\u00e9 que \u00ab\u00a0l\u2019acc\u00e8s des femmes au champ politique doit reposer sur leurs id\u00e9es et leurs capacit\u00e9s \u00e0 d\u00e9velopper la soci\u00e9t\u00e9\u00a0\u00bb, estimant que \u00ab\u00a0l\u2019instauration de quotas pour la repr\u00e9sentation f\u00e9minine pourrait \u00eatre contreproductive\u00a0\u00bb.<\/p>\n\n\n\n<p>Par ailleurs, concernant les pratiques commerciales ill\u00e9gales, le pr\u00e9sident de la R\u00e9publique a averti que l\u2019Etat ne tol\u00e9rera aucune atteinte aux moyens de subsistance des Alg\u00e9riens, pr\u00e9venant que \u00ab\u00a0quiconque sp\u00e9culera sur les moutons de l\u2019A\u00efd en paiera le prix fort\u00a0\u00bb.<\/p>\n\n\n\n<p>Il a \u00e9galement mis en garde contre certaines pratiques enregistr\u00e9es dans l\u2019activit\u00e9 d\u2019exportation, notamment la sous-facturation, indiquant que des cas de non-rapatriement de devises issues des exportations, d\u2019une valeur de 350 millions de dollars, ont r\u00e9cemment \u00e9t\u00e9 constat\u00e9s. \u00ab\u00a0Nous nous sommes d\u00e9barrass\u00e9s de la \u00ab&nbsp;issaba&nbsp;\u00bb qui s&rsquo;adonnait \u00e0 la surfacturation pour nous retrouver face \u00e0 une autre \u00ab&nbsp;issaba&nbsp;\u00bb qui se livre \u00e0 la sous-facturation\u00a0\u00bb, a-t-il d\u00e9plor\u00e9.<\/p>\n","protected":false},"excerpt":{"rendered":"<p>Le pr\u00e9sident de la R\u00e9publique, M. Abdelmadjid Tebboune, a affirm\u00e9 que l&rsquo;Alg\u00e9rie n&rsquo;hypoth\u00e8quera ni son ind\u00e9pendance ni ses richesses, qui appartiennent exclusivement aux Alg\u00e9riens, soulignant l&rsquo;importance de saisir les dimensions et les r\u00e9percussions des \u00e9v\u00e9nements internationaux actuels dans son environnement. Lors de son entrevue p\u00e9riodique avec les repr\u00e9sentants des m\u00e9dias [&hellip;]<\/p>\n","protected":false},"author":3,"featured_media":60851,"comment_status":"closed","ping_status":"open","sticky":false,"template":"","format":"standard","meta":{"footnotes":""},"categories":[236,36],"tags":[228],"class_list":["post-60850","post","type-post","status-publish","format-standard","has-post-thumbnail","hentry","category-a-la-une","category-actualites","tag-abdelmadjid-tebboune"],"_links":{"self":[{"href":"https:\/\/alger16.dz\/index.php?rest_route=\/wp\/v2\/posts\/60850","targetHints":{"allow":["GET"]}}],"collection":[{"href":"https:\/\/alger16.dz\/index.php?rest_route=\/wp\/v2\/posts"}],"about":[{"href":"https:\/\/alger16.dz\/index.php?rest_route=\/wp\/v2\/types\/post"}],"author":[{"embeddable":true,"href":"https:\/\/alger16.dz\/index.php?rest_route=\/wp\/v2\/users\/3"}],"replies":[{"embeddable":true,"href":"https:\/\/alger16.dz\/index.php?rest_route=%2Fwp%2Fv2%2Fcomments&post=60850"}],"version-history":[{"count":1,"href":"https:\/\/alger16.dz\/index.php?rest_route=\/wp\/v2\/posts\/60850\/revisions"}],"predecessor-version":[{"id":60852,"href":"https:\/\/alger16.dz\/index.php?rest_route=\/wp\/v2\/posts\/60850\/revisions\/60852"}],"wp:featuredmedia":[{"embeddable":true,"href":"https:\/\/alger16.dz\/index.php?rest_route=\/wp\/v2\/media\/60851"}],"wp:attachment":[{"href":"https:\/\/alger16.dz\/index.php?rest_route=%2Fwp%2Fv2%2Fmedia&parent=60850"}],"wp:term":[{"taxonomy":"category","embeddable":true,"href":"https:\/\/alger16.dz\/index.php?rest_route=%2Fwp%2Fv2%2Fcategories&post=60850"},{"taxonomy":"post_tag","embeddable":true,"href":"https:\/\/alger16.dz\/index.php?rest_route=%2Fwp%2Fv2%2Ftags&post=60850"}],"curies":[{"name":"wp","href":"https:\/\/api.w.org\/{rel}","templated":true}]}}