{"id":60866,"date":"2026-05-03T00:17:00","date_gmt":"2026-05-03T00:17:00","guid":{"rendered":"https:\/\/alger16.dz\/?p=60866"},"modified":"2026-05-03T13:38:48","modified_gmt":"2026-05-03T13:38:48","slug":"1er-mai-fete-du-travail-des-acquis-socioprofessionnels-sans-precedent","status":"publish","type":"post","link":"https:\/\/alger16.dz\/?p=60866","title":{"rendered":"1er Mai F\u00eate du travail : Des acquis socioprofessionnels sans pr\u00e9c\u00e9dent"},"content":{"rendered":"\n<figure class=\"wp-block-image size-full\"><img loading=\"lazy\" decoding=\"async\" width=\"745\" height=\"470\" src=\"https:\/\/alger16.dz\/wp-content\/uploads\/2026\/05\/travailleurs.jpg\" alt=\"\" class=\"wp-image-60867\" srcset=\"https:\/\/alger16.dz\/wp-content\/uploads\/2026\/05\/travailleurs.jpg 745w, https:\/\/alger16.dz\/wp-content\/uploads\/2026\/05\/travailleurs-300x189.jpg 300w\" sizes=\"auto, (max-width: 745px) 100vw, 745px\" \/><\/figure>\n\n\n\n<p><strong>Les travailleurs alg\u00e9riens ont c\u00e9l\u00e9br\u00e9 la Journ\u00e9e internationale des travailleurs vendredi dernier. Cette f\u00eate intervient \u00e0 un moment o\u00f9 ils ont r\u00e9alis\u00e9 d&rsquo;importants progr\u00e8s sociaux et professionnels, fruits de la mise en \u0153uvre des promesses faites par le pr\u00e9sident de la R\u00e9publique, M. Abdelmadjid Tebboune. Ces r\u00e9sultats positifs sont d\u00e9sormais tangibles sur le terrain.<\/strong><\/p>\n\n\n\n<p>\u00c0 chaque occasion, le pr\u00e9sident de la R\u00e9publique tient \u00e0 affirmer sa volont\u00e9 de continuer \u00e0 consolider les acquis obtenus au profit des travailleurs en concr\u00e9tisant ses engagements en mati\u00e8re d&rsquo;augmentations de salaires, de r\u00e9vision des grilles salariales, des r\u00e9gimes d&rsquo;indemnisation, des prestations de retraite et de pension, et de r\u00e9duction significative de la pression fiscale dans le but d&rsquo;assurer un cadre de vie satisfaisant aux citoyens, confirmant ainsi la volont\u00e9 de l&rsquo;\u00c9tat de garantir leur dignit\u00e9 et de consacrer la protection de leurs droits.<br>\u00c0 ce stade, l\u2019\u00c9tat entend faire de \u00ab l\u2019effort et du travail le moteur d\u2019un d\u00e9veloppement durable dans le pays et encourager les comp\u00e9tences, notamment celles des jeunes, afin de favoriser l\u2019excellence technique et la ma\u00eetrise des technologies\u00bb, comme l\u2019a indiqu\u00e9 le Pr\u00e9sident Tebboune dans un message pr\u00e9c\u00e9dent \u00e0 l\u2019occasion du double anniversaire du 24 F\u00e9vrier (cr\u00e9ation de l&rsquo;Union g\u00e9n\u00e9rale des travailleurs alg\u00e9riens et nationalisation des hydrocarbures) dans lequel il a f\u00e9licit\u00e9 tous les travailleurs qui s\u2019engagent \u00e0 concr\u00e9tiser les grands projets r\u00e9alis\u00e9s dans diff\u00e9rentes r\u00e9gions du pays ces derni\u00e8res ann\u00e9es, ceux en cours de construction et ceux qui seront bient\u00f4t lanc\u00e9s dans le cadre de la mise en \u0153uvre d\u2019\u00ab un mod\u00e8le \u00e9conomique moderne \u00bb.<br>Le Pr\u00e9sident a exprim\u00e9 sa conviction que la r\u00e9alisation de ces grands succ\u00e8s par des Alg\u00e9riens et en si peu de temps est la preuve que, lorsqu&rsquo;\u00ab un Alg\u00e9rien le d\u00e9cide, il peut accomplir un miracle \u00bb et que \u00ab les r\u00e9formes sont un processus continu visant \u00e0 \u00e9tablir une gouvernance pour le peuple et par le peuple \u00bb.<br>Le chef de l\u2019\u00c9tat a plac\u00e9 l&rsquo;am\u00e9lioration des conditions de vie du travailleur alg\u00e9rien et la protection de son pouvoir d&rsquo;achat au sommet de ses priorit\u00e9s, en prenant des d\u00e9cisions historiques et des r\u00e9formes profondes qui ont progressivement modifi\u00e9 la structure des revenus nationaux, en am\u00e9liorant les revenus, en r\u00e9duisant la pression fiscale, en soutenant les agriculteurs et les producteurs et en renfor\u00e7ant la protection sociale, contribuant ainsi \u00e0 consolider la justice sociale.<br>Les premi\u00e8res mesures prises dans ce sens ont consist\u00e9 \u00e0 relever le salaire national minimum garanti (SNMG) \u00e0 20. 000 DA \u00e0 compter du 1er juin 2020. Deux ans plus tard seulement, en 2022, est intervenue la plus importante r\u00e9\u00e9valuation des salaires depuis l\u2019ind\u00e9pendance, le pr\u00e9sident de la R\u00e9publique ayant ordonn\u00e9 une r\u00e9vision de la grille salariale de r\u00e9f\u00e9rence de la fonction publique. Cette mesure a permis d\u2019\u00e9largir la base des augmentations \u00e0 tous les grades et \u00e9chelons, autorisant des hausses mensuelles comprises entre 4.500 et<br>8.500 DA, soit pr\u00e8s de 47 % sur trois ans (2022-2023-2024). Les 53 % restants devraient \u00eatre appliqu\u00e9s entre 2026 et 2027 pour atteindre 100 %.<br>Dans ce sens, et \u00e0 compter de janvier 2026, la hausse du salaire minimum a \u00e9t\u00e9 appliqu\u00e9e, le portant \u00e0 24.000 DZD, soit la plus forte augmentation jamais enregistr\u00e9e dans le pays dans ce domaine, apportant ainsi un soutien suppl\u00e9mentaire \u00e0 la plus large partie des travailleurs, la valeur du point indiciaire pour les agents du secteur public \u00e9tant augment\u00e9e de 15 %.<br>Ces mesures se sont accompagn\u00e9es de la suppression de l&rsquo;imp\u00f4t sur les revenus limit\u00e9s, ce qui a profit\u00e9 \u00e0 ceux dont le salaire \u00e9tait inf\u00e9rieur \u00e0 30.000 DA.<br>Outre les nombreuses mesures sociales dont ont b\u00e9n\u00e9fici\u00e9 les employ\u00e9s du secteur de la sant\u00e9, des augmentations significatives ont \u00e9t\u00e9 approuv\u00e9es pour les enseignants, gr\u00e2ce \u00e0 la mise en \u0153uvre du nouveau syst\u00e8me de r\u00e9mun\u00e9ration et \u00e0 l&rsquo;am\u00e9lioration de la classification.<br>Le pr\u00e9sident de la R\u00e9publique a \u00e9galement accord\u00e9 une attention particuli\u00e8re \u00e0 la cat\u00e9gorie des retrait\u00e9s, en d\u00e9cidant de relever la pension de retraite minimale \u00e0 15.000 DA pour ceux qui percevaient moins de 10.000 DA, et \u00e0 20. 000 DA pour ceux dont la pension s\u2019\u00e9levait \u00e0 15.000 DA.<br>\u00c0 compter de la premi\u00e8re semaine de mai, les augmentations des allocations et des pensions de plus de 3,5 millions de retrait\u00e9s seront vers\u00e9es et ils b\u00e9n\u00e9ficieront \u00e9galement de pr\u00eats \u00e0 taux d&rsquo;int\u00e9r\u00eat pr\u00e9f\u00e9rentiels, en vertu d&rsquo;un accord sign\u00e9 entre la Caisse nationale des retraites (CNR) et la Banque de d\u00e9veloppement local (BDL).<br>Le Pr\u00e9sident a \u00e9galement d\u00e9cid\u00e9 de porter l&rsquo;allocation ch\u00f4mage \u00e0 18.000 DA, la consid\u00e9rant comme un outil efficace pour soutenir les jeunes et les encourager \u00e0 s&rsquo;int\u00e9grer au march\u00e9 du travail, tout en leur garantissant un revenu minimum qui pr\u00e9serve leur dignit\u00e9 pendant la phase de recherche d&#8217;emploi. \u00c0 cet \u00e9gard, il convient de noter que les mesures incitatives en faveur des jeunes entrepreneurs innovants ont permis la cr\u00e9ation de plus de 13.000 start-up en Alg\u00e9rie, dont certaines jouissent d\u2019une r\u00e9putation internationale.<br>Le secteur agricole a constitu\u00e9 un axe prioritaire du programme de r\u00e9formes, car il est un pilier de la s\u00e9curit\u00e9 alimentaire nationale.<br>Le Pr\u00e9sident de la R\u00e9publique a approuv\u00e9 d&rsquo;importantes mesures en faveur des agriculteurs, leur permettant de cr\u00e9er plus de 15.000 exploitations agricoles. Parmi les mesures les plus importantes figuraient la hausse des prix d&rsquo;achat des c\u00e9r\u00e9ales s\u00e8ches afin d&rsquo;encourager la production locale, le soutien aux producteurs et distributeurs de lait pour accro\u00eetre leurs marges b\u00e9n\u00e9ficiaires et garantir la disponibilit\u00e9 du produit, ainsi que l&rsquo;ouverture de pr\u00eats bancaires aux investisseurs dans les installations d&rsquo;entreposage frigorifique afin de lutter contre la sp\u00e9culation.<br>Ces chiffres positifs sans pr\u00e9c\u00e9dent confirment le bond qualitatif r\u00e9alis\u00e9 sur la voie du d\u00e9veloppement national, salu\u00e9 par les plus grandes instances \u00e9conomiques internationales. Ces indicateurs traduisent, \u00e9galement, une dynamique de transformation progressive, port\u00e9e par une volont\u00e9 affich\u00e9e de renforcer les \u00e9quilibres \u00e9conomiques et sociaux du pays. Une trajectoire qui, si elle se confirme dans la dur\u00e9e, pourrait red\u00e9finir en profondeur les bases du d\u00e9veloppement national. <br><strong>Abir Menasria<\/strong><\/p>\n","protected":false},"excerpt":{"rendered":"<p>Les travailleurs alg\u00e9riens ont c\u00e9l\u00e9br\u00e9 la Journ\u00e9e internationale des travailleurs vendredi dernier. Cette f\u00eate intervient \u00e0 un moment o\u00f9 ils ont r\u00e9alis\u00e9 d&rsquo;importants progr\u00e8s sociaux et professionnels, fruits de la mise en \u0153uvre des promesses faites par le pr\u00e9sident de la R\u00e9publique, M. Abdelmadjid Tebboune. Ces r\u00e9sultats positifs sont d\u00e9sormais [&hellip;]<\/p>\n","protected":false},"author":3,"featured_media":60867,"comment_status":"closed","ping_status":"open","sticky":false,"template":"","format":"standard","meta":{"footnotes":""},"categories":[53],"tags":[5271],"class_list":["post-60866","post","type-post","status-publish","format-standard","has-post-thumbnail","hentry","category-societe","tag-fete-du-travail"],"_links":{"self":[{"href":"https:\/\/alger16.dz\/index.php?rest_route=\/wp\/v2\/posts\/60866","targetHints":{"allow":["GET"]}}],"collection":[{"href":"https:\/\/alger16.dz\/index.php?rest_route=\/wp\/v2\/posts"}],"about":[{"href":"https:\/\/alger16.dz\/index.php?rest_route=\/wp\/v2\/types\/post"}],"author":[{"embeddable":true,"href":"https:\/\/alger16.dz\/index.php?rest_route=\/wp\/v2\/users\/3"}],"replies":[{"embeddable":true,"href":"https:\/\/alger16.dz\/index.php?rest_route=%2Fwp%2Fv2%2Fcomments&post=60866"}],"version-history":[{"count":1,"href":"https:\/\/alger16.dz\/index.php?rest_route=\/wp\/v2\/posts\/60866\/revisions"}],"predecessor-version":[{"id":60868,"href":"https:\/\/alger16.dz\/index.php?rest_route=\/wp\/v2\/posts\/60866\/revisions\/60868"}],"wp:featuredmedia":[{"embeddable":true,"href":"https:\/\/alger16.dz\/index.php?rest_route=\/wp\/v2\/media\/60867"}],"wp:attachment":[{"href":"https:\/\/alger16.dz\/index.php?rest_route=%2Fwp%2Fv2%2Fmedia&parent=60866"}],"wp:term":[{"taxonomy":"category","embeddable":true,"href":"https:\/\/alger16.dz\/index.php?rest_route=%2Fwp%2Fv2%2Fcategories&post=60866"},{"taxonomy":"post_tag","embeddable":true,"href":"https:\/\/alger16.dz\/index.php?rest_route=%2Fwp%2Fv2%2Ftags&post=60866"}],"curies":[{"name":"wp","href":"https:\/\/api.w.org\/{rel}","templated":true}]}}