{"id":60869,"date":"2026-05-03T00:56:00","date_gmt":"2026-05-03T00:56:00","guid":{"rendered":"https:\/\/alger16.dz\/?p=60869"},"modified":"2026-05-03T14:04:10","modified_gmt":"2026-05-03T14:04:10","slug":"1er-mai-fete-du-travail-lugta-entre-memoire-acquis-sociaux-et-nouvelles-ambitions","status":"publish","type":"post","link":"https:\/\/alger16.dz\/?p=60869","title":{"rendered":"1er Mai F\u00eate du travail : L\u2019UGTA entre m\u00e9moire, acquis sociaux et nouvelles ambitions"},"content":{"rendered":"\n<figure class=\"wp-block-image size-large\"><img loading=\"lazy\" decoding=\"async\" width=\"1024\" height=\"768\" src=\"https:\/\/alger16.dz\/wp-content\/uploads\/2026\/05\/ugta2-1024x768.jpg\" alt=\"\" class=\"wp-image-60870\" srcset=\"https:\/\/alger16.dz\/wp-content\/uploads\/2026\/05\/ugta2-1024x768.jpg 1024w, https:\/\/alger16.dz\/wp-content\/uploads\/2026\/05\/ugta2-300x225.jpg 300w, https:\/\/alger16.dz\/wp-content\/uploads\/2026\/05\/ugta2-768x576.jpg 768w, https:\/\/alger16.dz\/wp-content\/uploads\/2026\/05\/ugta2-1536x1152.jpg 1536w, https:\/\/alger16.dz\/wp-content\/uploads\/2026\/05\/ugta2-2048x1536.jpg 2048w\" sizes=\"auto, (max-width: 1024px) 100vw, 1024px\" \/><\/figure>\n\n\n\n<p><strong>Hier, l\u2019Union g\u00e9n\u00e9rale des travailleurs alg\u00e9riens (UGTA) a c\u00e9l\u00e9br\u00e9 les festivit\u00e9s officielles de la Journ\u00e9e internationale des travailleurs, organis\u00e9es au si\u00e8ge de la centrale syndicale Dar El Cha\u00e2b, \u00e0 la place du 1er -Mai \u00e0 Alger, dans une atmosph\u00e8re marqu\u00e9e \u00e0 la fois par la fiert\u00e9 du parcours historique du mouvement syndical et par l\u2019aspiration \u00e0 un avenir \u00e9conomique plus solide et plus inclusif.<\/strong><\/p>\n\n\n\n<p>Cette c\u00e9l\u00e9bration s\u2019est d\u00e9roul\u00e9e sous la supervision du secr\u00e9taire g\u00e9n\u00e9ral de l\u2019UGTA, M. Amar Takdjout, en pr\u00e9sence du ministre du Travail, de l\u2019Emploi et de la S\u00e9curit\u00e9 sociale, M. Abdelhak Saihi, ainsi que de la ministre de la Solidarit\u00e9 nationale, de la Famille et de la Condition de la femme, Mme Soraya Mouloudji. Plusieurs responsables gouvernementaux et repr\u00e9sentants syndicaux ont \u00e9galement pris part \u00e0 l\u2019\u00e9v\u00e9nement dans une dynamique visant \u00e0 renforcer la concertation entre les partenaires sociaux et l\u2019ex\u00e9cutif autour des enjeux \u00e9conomiques et sociaux du pays.<br>Au-del\u00e0 de son caract\u00e8re comm\u00e9moratif, cette rencontre a constitu\u00e9 un moment de reconnaissance du r\u00f4le central des travailleurs dans le d\u00e9veloppement national. Les diff\u00e9rentes interventions ont mis en avant la contribution constante de la classe ouvri\u00e8re \u00e0 la stabilit\u00e9 \u00e9conomique, \u00e0 la continuit\u00e9 des services publics et \u00e0 l\u2019accompagnement des grands chantiers engag\u00e9s \u00e0 l\u2019\u00e9chelle nationale.<br>La c\u00e9r\u00e9monie a \u00e9galement \u00e9t\u00e9 marqu\u00e9e par des \u00e9changes autour du renforcement du dialogue social, consid\u00e9r\u00e9 comme un levier essentiel pour am\u00e9liorer les conditions professionnelles et sociales des travailleurs. Dans cette perspective, les participants ont soulign\u00e9 la n\u00e9cessit\u00e9 de consolider des m\u00e9canismes de concertation r\u00e9guliers entre syndicats, employeurs et institutions publiques, afin de garantir un climat de travail stable, \u00e9quilibr\u00e9 et productif.<br>Dans son allocution, le ministre du Travail, de l\u2019Emploi et de la S\u00e9curit\u00e9 sociale, M. Abdelhak Saihi, a exprim\u00e9 sa reconnaissance envers les travailleurs alg\u00e9riens de tous les secteurs, saluant leur engagement quotidien dans le fonctionnement des structures \u00e9conomiques et sociales du pays. Il a insist\u00e9 sur leur r\u00f4le d\u00e9terminant dans le soutien au processus de d\u00e9veloppement global et dans la consolidation des \u00e9quilibres sociaux.<br>De son c\u00f4t\u00e9, le secr\u00e9taire g\u00e9n\u00e9ral de l\u2019UGTA, M. Amar Takdjout, a ouvert son intervention en rendant hommage aux travailleurs alg\u00e9riens, qualifi\u00e9s de v\u00e9ritables piliers de la production nationale et de la stabilit\u00e9 sociale. Il a mis en avant leur r\u00e9silience, leur discipline et leur engagement dans un contexte \u00e9conomique en constante \u00e9volution.<br>Il a \u00e9galement rappel\u00e9 la dimension historique de cette journ\u00e9e, qui puise sa symbolique dans la convergence entre le combat ouvrier et la lutte de lib\u00e9ration nationale. Le 1er Mai, a-t-il soulign\u00e9, ne repr\u00e9sente pas uniquement une f\u00eate du travail en Alg\u00e9rie, mais un moment de m\u00e9moire collective qui renvoie \u00e0 l\u2019engagement de la classe ouvri\u00e8re dans les grandes \u00e9tapes de l\u2019histoire du pays, au-del\u00e0 des seules revendications professionnelles.<br>Dans ce cadre, M. Takdjout a salu\u00e9 la d\u00e9marche de dialogue et de concertation initi\u00e9e par le pr\u00e9sident de la R\u00e9publique, M. Abdelmadjid Tebboune, avec les partenaires sociaux. Il a estim\u00e9 que cette approche a permis de cr\u00e9er un climat plus propice \u00e0 la prise en charge des pr\u00e9occupations des travailleurs et \u00e0 la consolidation des acquis sociaux \u00e0 travers des d\u00e9cisions jug\u00e9es structurantes.<br>Le responsable syndical a \u00e9galement soulign\u00e9 que la coh\u00e9sion entre l\u2019Union et les pouvoirs publics constitue un facteur essentiel de stabilit\u00e9, permettant de renforcer le front interne face aux d\u00e9fis \u00e9conomiques, r\u00e9gionaux et internationaux. Selon lui, cette convergence contribue \u00e0 donner plus de coh\u00e9rence aux politiques sociales et \u00e9conomiques mises en \u0153uvre.<br>Dans le m\u00eame esprit, il a mis en avant les d\u00e9cisions prises en mati\u00e8re de revalorisation du pouvoir d\u2019achat, notamment les augmentations successives des salaires, estim\u00e9es \u00e0 environ 46 %, avec une projection pouvant atteindre 100 % \u00e0 l\u2019horizon 2027. Il a \u00e9galement \u00e9voqu\u00e9 la r\u00e9vision du salaire minimum, ainsi que la revalorisation des pensions de retraite, consid\u00e9r\u00e9es comme des mesures importantes en faveur de la justice sociale.<br>M. Takdjout a, par ailleurs, insist\u00e9 sur la n\u00e9cessit\u00e9 de renforcer les canaux de dialogue entre les organisations syndicales et les employeurs. Il a appel\u00e9 \u00e0 privil\u00e9gier des espaces de concertation structur\u00e9s pour traiter les pr\u00e9occupations professionnelles dans le respect des lois de la R\u00e9publique, afin de garantir la stabilit\u00e9 des relations de travail et d\u2019am\u00e9liorer durablement le climat social au sein des institutions.<br>Il a \u00e9galement affirm\u00e9 que ces mesures ne doivent pas \u00eatre per\u00e7ues comme de simples d\u00e9cisions administratives, mais comme une reconnaissance explicite du r\u00f4le fondamental de la classe ouvri\u00e8re dans la construction \u00e9conomique du pays. Selon lui, le travail constitue l\u2019un des principaux moteurs du d\u00e9veloppement national.<br>Dans cette continuit\u00e9, il a lanc\u00e9 un appel aux travailleurs afin de poursuivre les efforts engag\u00e9s et de contribuer activement \u00e0 la dynamique de d\u00e9veloppement \u00e9conomique durable. Il a \u00e9galement encourag\u00e9 l\u2019\u00e9volution de l\u2019action syndicale vers une phase davantage orient\u00e9e vers la construction et l\u2019accompagnement des grands projets strat\u00e9giques engag\u00e9s par l\u2019\u00c9tat, notamment dans les secteurs de l\u2019\u00e9nergie, des mines et de l\u2019agriculture.<br>Il a soulign\u00e9 \u00e0 ce titre que la force de l\u2019Alg\u00e9rie r\u00e9side dans la capacit\u00e9 de ses travailleurs \u00e0 produire, innover et accompagner les mutations \u00e9conomiques en cours.<br>La dimension historique a \u00e9galement occup\u00e9 une place importante dans son intervention. M. Takdjout a \u00e9tabli un lien entre la lutte de la premi\u00e8re g\u00e9n\u00e9ration syndicale, incarn\u00e9e notamment par le martyr A\u00efssat Idir, et les d\u00e9fis actuels li\u00e9s \u00e0 la souverainet\u00e9 \u00e9conomique. Il a rappel\u00e9 que le syndicalisme en Alg\u00e9rie s\u2019est construit comme un outil de lutte et d\u2019\u00e9mancipation, profond\u00e9ment li\u00e9 aux grandes \u00e9tapes de l\u2019histoire nationale.<br>Enfin, la c\u00e9r\u00e9monie s\u2019est achev\u00e9e par le d\u00e9p\u00f4t d\u2019une gerbe de fleurs en hommage aux martyrs A\u00efssat Idir et Abdelhak Benhamouda, figures embl\u00e9matiques du mouvement syndical alg\u00e9rien. Ce moment de recueillement a \u00e9t\u00e9 marqu\u00e9 par une forte charge symbolique, en reconnaissance du parcours de ces personnalit\u00e9s qui ont marqu\u00e9 durablement la m\u00e9moire du mouvement ouvrier en Alg\u00e9rie.<br>Au-del\u00e0 de la dimension comm\u00e9morative, cette c\u00e9l\u00e9bration du 1er Mai s\u2019inscrit dans une lecture plus large de la place du travail dans les transformations \u00e9conomiques et sociales du pays. Entre reconnaissance des acquis, consolidation du dialogue social et volont\u00e9 affich\u00e9e de modernisation, le mouvement syndical se retrouve aujourd\u2019hui face \u00e0 un d\u00e9fi central : accompagner les mutations en cours sans perdre son r\u00f4le historique de force de proposition et d\u2019\u00e9quilibre. Une \u00e9quation o\u00f9 se joue, en partie, la capacit\u00e9 du pays \u00e0 transformer ses ambitions \u00e9conomiques en r\u00e9sultats durables et partag\u00e9s.<br><strong>Amira Benhizia<\/strong><\/p>\n","protected":false},"excerpt":{"rendered":"<p>Hier, l\u2019Union g\u00e9n\u00e9rale des travailleurs alg\u00e9riens (UGTA) a c\u00e9l\u00e9br\u00e9 les festivit\u00e9s officielles de la Journ\u00e9e internationale des travailleurs, organis\u00e9es au si\u00e8ge de la centrale syndicale Dar El Cha\u00e2b, \u00e0 la place du 1er -Mai \u00e0 Alger, dans une atmosph\u00e8re marqu\u00e9e \u00e0 la fois par la fiert\u00e9 du parcours historique du [&hellip;]<\/p>\n","protected":false},"author":3,"featured_media":60870,"comment_status":"closed","ping_status":"open","sticky":false,"template":"","format":"standard","meta":{"footnotes":""},"categories":[53],"tags":[628],"class_list":["post-60869","post","type-post","status-publish","format-standard","has-post-thumbnail","hentry","category-societe","tag-ugta"],"_links":{"self":[{"href":"https:\/\/alger16.dz\/index.php?rest_route=\/wp\/v2\/posts\/60869","targetHints":{"allow":["GET"]}}],"collection":[{"href":"https:\/\/alger16.dz\/index.php?rest_route=\/wp\/v2\/posts"}],"about":[{"href":"https:\/\/alger16.dz\/index.php?rest_route=\/wp\/v2\/types\/post"}],"author":[{"embeddable":true,"href":"https:\/\/alger16.dz\/index.php?rest_route=\/wp\/v2\/users\/3"}],"replies":[{"embeddable":true,"href":"https:\/\/alger16.dz\/index.php?rest_route=%2Fwp%2Fv2%2Fcomments&post=60869"}],"version-history":[{"count":1,"href":"https:\/\/alger16.dz\/index.php?rest_route=\/wp\/v2\/posts\/60869\/revisions"}],"predecessor-version":[{"id":60871,"href":"https:\/\/alger16.dz\/index.php?rest_route=\/wp\/v2\/posts\/60869\/revisions\/60871"}],"wp:featuredmedia":[{"embeddable":true,"href":"https:\/\/alger16.dz\/index.php?rest_route=\/wp\/v2\/media\/60870"}],"wp:attachment":[{"href":"https:\/\/alger16.dz\/index.php?rest_route=%2Fwp%2Fv2%2Fmedia&parent=60869"}],"wp:term":[{"taxonomy":"category","embeddable":true,"href":"https:\/\/alger16.dz\/index.php?rest_route=%2Fwp%2Fv2%2Fcategories&post=60869"},{"taxonomy":"post_tag","embeddable":true,"href":"https:\/\/alger16.dz\/index.php?rest_route=%2Fwp%2Fv2%2Ftags&post=60869"}],"curies":[{"name":"wp","href":"https:\/\/api.w.org\/{rel}","templated":true}]}}