{"id":60873,"date":"2026-05-03T00:04:00","date_gmt":"2026-05-03T00:04:00","guid":{"rendered":"https:\/\/alger16.dz\/?p=60873"},"modified":"2026-05-03T14:09:25","modified_gmt":"2026-05-03T14:09:25","slug":"lalgerie-engage-une-reforme-structurelle-de-sa-production-agricole-et-animale-vers-un-nouveau-modele-agricole-fonde-sur-la-science","status":"publish","type":"post","link":"https:\/\/alger16.dz\/?p=60873","title":{"rendered":"L\u2019Alg\u00e9rie engage une r\u00e9forme structurelle de sa production agricole et animale : Vers un nouveau mod\u00e8le agricole fond\u00e9 sur la science"},"content":{"rendered":"\n<figure class=\"wp-block-image size-large\"><img loading=\"lazy\" decoding=\"async\" width=\"1024\" height=\"634\" src=\"https:\/\/alger16.dz\/wp-content\/uploads\/2026\/05\/image-9-1024x634.png\" alt=\"\" class=\"wp-image-60879\" srcset=\"https:\/\/alger16.dz\/wp-content\/uploads\/2026\/05\/image-9-1024x634.png 1024w, https:\/\/alger16.dz\/wp-content\/uploads\/2026\/05\/image-9-300x186.png 300w, https:\/\/alger16.dz\/wp-content\/uploads\/2026\/05\/image-9-768x476.png 768w, https:\/\/alger16.dz\/wp-content\/uploads\/2026\/05\/image-9.png 1200w\" sizes=\"auto, (max-width: 1024px) 100vw, 1024px\" \/><\/figure>\n\n\n\n<p><strong>Le ministre de l\u2019Agriculture, du D\u00e9veloppement rural et de la P\u00eache, Yacine El-Mahdi Oualid, a soulign\u00e9 mercredi \u00e0 Alger l\u2019importance de r\u00e9duire le co\u00fbt de production des viandes rouges \u00e0 travers l\u2019adoption d\u2019un syst\u00e8me de production moderne. Il a \u00e9galement insist\u00e9 sur la n\u00e9cessit\u00e9 de d\u00e9velopper des races locales \u00e0 forte productivit\u00e9 pour les viandes blanches.<\/strong><\/p>\n\n\n\n<p>En marge de sa supervision des activit\u00e9s comm\u00e9morant le 60e anniversaire de la cr\u00e9ation de l\u2019Institut national de la recherche agronomique d\u2019Alg\u00e9rie (INRAA) d\u2019El Harrach, en pr\u00e9sence du ministre de l\u2019Enseignement sup\u00e9rieur et de la Recherche scientifique, Kamel Beddari, le ministre a indiqu\u00e9 que l\u2019\u00e9cart de prix entre la viande locale et la viande import\u00e9e met en \u00e9vidence les d\u00e9fis li\u00e9s au co\u00fbt \u00e9lev\u00e9 de production nationale, principalement d\u00fb aux charges structurelles.<br>Dans ce contexte, M. Oualid a plaid\u00e9 pour des solutions scientifiques innovantes, plus efficaces et \u00e9conomiquement viables, ainsi que pour le renforcement de la recherche en nutrition animale afin de r\u00e9duire les co\u00fbts. Il a \u00e9galement appel\u00e9 \u00e0 une transition vers un mod\u00e8le de production modernis\u00e9, fond\u00e9 sur la recherche scientifique plut\u00f4t que sur les m\u00e9thodes traditionnelles, tout en valorisant le d\u00e9veloppement de races locales de qualit\u00e9. Concernant la fili\u00e8re des viandes blanches, il a insist\u00e9 sur la n\u00e9cessit\u00e9 de r\u00e9duire la d\u00e9pendance aux intrants import\u00e9s et de promouvoir des souches locales \u00e0 haute performance.<br>S\u2019agissant du secteur laitier, le ministre a relev\u00e9 la forte d\u00e9pendance de l\u2019Alg\u00e9rie aux importations de mat\u00e9riel g\u00e9n\u00e9tique, malgr\u00e9 les progr\u00e8s r\u00e9alis\u00e9s dans les programmes d\u2019ins\u00e9mination artificielle. Il a appel\u00e9 \u00e0 approfondir les recherches sur les races locales \u00e0 fort potentiel productif et immunitaire afin d\u2019augmenter la production nationale.<br>Dans le m\u00eame esprit, il a soulign\u00e9 l\u2019importance d\u2019am\u00e9liorer les rendements c\u00e9r\u00e9aliers, notamment \u00e0 travers le d\u00e9veloppement de semences adapt\u00e9es aux sp\u00e9cificit\u00e9s r\u00e9gionales, le respect des itin\u00e9raires techniques et l\u2019utilisation rationnelle des engrais.<br>Par ailleurs, un programme national d\u2019analyse des sols a \u00e9t\u00e9 annonc\u00e9 en coordination avec le secteur de l\u2019Enseignement sup\u00e9rieur et de la Recherche scientifique. L\u2019objectif est de d\u00e9terminer avec pr\u00e9cision les besoins des diff\u00e9rentes r\u00e9gions, d\u2019optimiser l\u2019usage des engrais et de g\u00e9n\u00e9raliser les techniques d\u2019irrigation modernes afin d\u2019am\u00e9liorer la productivit\u00e9 et de pr\u00e9server les ressources hydriques.<br>Le ministre a \u00e9galement qualifi\u00e9 le projet de banque de g\u00e8nes de strat\u00e9gique, soulignant son r\u00f4le central dans la s\u00e9curit\u00e9 alimentaire \u00e0 travers la pr\u00e9servation des ressources g\u00e9n\u00e9tiques animales et v\u00e9g\u00e9tales. Il a annonc\u00e9 son lancement prochain, accompagn\u00e9 d\u2019initiatives nationales d\u2019inventaire des diff\u00e9rentes vari\u00e9t\u00e9s.<br>De son c\u00f4t\u00e9, le ministre de l\u2019Enseignement sup\u00e9rieur et de la Recherche scientifique a affirm\u00e9 que l\u2019INRAA joue un r\u00f4le cl\u00e9 dans l\u2019\u00e9laboration des politiques agricoles. Il a insist\u00e9 sur la n\u00e9cessit\u00e9 de moderniser le secteur en renfor\u00e7ant l\u2019articulation entre agriculture et recherche scientifique.<br>M. Beddari a indiqu\u00e9 que cette synergie constitue un choix strat\u00e9gique pour b\u00e2tir une \u00e9conomie agricole fond\u00e9e sur la connaissance, rappelant le lancement de 100 projets de doctorat dans les domaines de la production v\u00e9g\u00e9tale et animale, ainsi que la formation d\u2019ing\u00e9nieurs hautement qualifi\u00e9s et la promotion de la recherche orient\u00e9e vers les besoins des citoyens.<br>Il a enfin soulign\u00e9 que ces efforts s\u2019inscrivent dans une d\u00e9marche globale de consolidation de la souverainet\u00e9 alimentaire et hydrique du pays.<br>En marge de cette rencontre, les deux ministres ont pr\u00e9sid\u00e9 la signature de deux conventions de coop\u00e9ration : la premi\u00e8re entre l\u2019INRAA et la Chambre nationale d\u2019agriculture (CNA), et la seconde entre l\u2019INRAA et le Centre de recherche scientifique et technique en analyses physico-chimiques (CRAPC).<br>Ces accords visent \u00e0 renforcer l\u2019accompagnement du secteur agricole, structurer les fili\u00e8res, notamment celle du camelin, et soutenir les incubateurs sp\u00e9cialis\u00e9s.<br><strong>Abir menasria<\/strong><\/p>\n","protected":false},"excerpt":{"rendered":"<p>Le ministre de l\u2019Agriculture, du D\u00e9veloppement rural et de la P\u00eache, Yacine El-Mahdi Oualid, a soulign\u00e9 mercredi \u00e0 Alger l\u2019importance de r\u00e9duire le co\u00fbt de production des viandes rouges \u00e0 travers l\u2019adoption d\u2019un syst\u00e8me de production moderne. Il a \u00e9galement insist\u00e9 sur la n\u00e9cessit\u00e9 de d\u00e9velopper des races locales \u00e0 [&hellip;]<\/p>\n","protected":false},"author":3,"featured_media":60879,"comment_status":"closed","ping_status":"open","sticky":false,"template":"","format":"standard","meta":{"footnotes":""},"categories":[63],"tags":[109,1408],"class_list":["post-60873","post","type-post","status-publish","format-standard","has-post-thumbnail","hentry","category-economie","tag-agriculture","tag-yacine-el-mahdi-oualid-2"],"_links":{"self":[{"href":"https:\/\/alger16.dz\/index.php?rest_route=\/wp\/v2\/posts\/60873","targetHints":{"allow":["GET"]}}],"collection":[{"href":"https:\/\/alger16.dz\/index.php?rest_route=\/wp\/v2\/posts"}],"about":[{"href":"https:\/\/alger16.dz\/index.php?rest_route=\/wp\/v2\/types\/post"}],"author":[{"embeddable":true,"href":"https:\/\/alger16.dz\/index.php?rest_route=\/wp\/v2\/users\/3"}],"replies":[{"embeddable":true,"href":"https:\/\/alger16.dz\/index.php?rest_route=%2Fwp%2Fv2%2Fcomments&post=60873"}],"version-history":[{"count":1,"href":"https:\/\/alger16.dz\/index.php?rest_route=\/wp\/v2\/posts\/60873\/revisions"}],"predecessor-version":[{"id":60880,"href":"https:\/\/alger16.dz\/index.php?rest_route=\/wp\/v2\/posts\/60873\/revisions\/60880"}],"wp:featuredmedia":[{"embeddable":true,"href":"https:\/\/alger16.dz\/index.php?rest_route=\/wp\/v2\/media\/60879"}],"wp:attachment":[{"href":"https:\/\/alger16.dz\/index.php?rest_route=%2Fwp%2Fv2%2Fmedia&parent=60873"}],"wp:term":[{"taxonomy":"category","embeddable":true,"href":"https:\/\/alger16.dz\/index.php?rest_route=%2Fwp%2Fv2%2Fcategories&post=60873"},{"taxonomy":"post_tag","embeddable":true,"href":"https:\/\/alger16.dz\/index.php?rest_route=%2Fwp%2Fv2%2Ftags&post=60873"}],"curies":[{"name":"wp","href":"https:\/\/api.w.org\/{rel}","templated":true}]}}