{"id":67174,"date":"2026-08-29T11:02:01","date_gmt":"2026-08-29T11:02:01","guid":{"rendered":"https:\/\/alger16.dz\/?p=67174"},"modified":"2026-08-29T11:02:01","modified_gmt":"2026-08-29T11:02:01","slug":"universite-dete-de-lorganisation-nationale-des-journalistes-algeriens-faire-face-aux-guerres-de-quatrieme-generation-exige-de-renforcer-les-capacites-en-matiere-de-recits-nationaux","status":"publish","type":"post","link":"https:\/\/alger16.dz\/?p=67174","title":{"rendered":"Universit\u00e9 d&rsquo;\u00e9t\u00e9 de l&rsquo;Organisation nationale des journalistes alg\u00e9riens : Faire face aux guerres de quatri\u00e8me g\u00e9n\u00e9ration exige de renforcer les capacit\u00e9s en mati\u00e8re de r\u00e9cits nationaux"},"content":{"rendered":"\n<h1 class=\"wp-block-heading\"><\/h1>\n\n\n\n<p class=\"wp-block-paragraph\">Des participants \u00e0 l&rsquo;Universit\u00e9 d&rsquo;\u00e9t\u00e9 de l&rsquo;Organisation nationale des journalistes alg\u00e9riens, dont les travaux ont d\u00e9but\u00e9 vendredi \u00e0 Oran, ont soulign\u00e9 que la lutte contre \u00ab\u00a0les guerres de quatri\u00e8me g\u00e9n\u00e9ration et les guerres hybrides\u00a0\u00bb exige de renforcer les capacit\u00e9s en mati\u00e8re de r\u00e9cits nationaux et de former des comp\u00e9tences sp\u00e9cialis\u00e9es.<\/p>\n\n\n\n<figure class=\"wp-block-image size-large\"><img loading=\"lazy\" decoding=\"async\" width=\"1024\" height=\"768\" src=\"https:\/\/alger16.dz\/wp-content\/uploads\/2026\/08\/image-15-1024x768.webp\" alt=\"\" class=\"wp-image-67175\" srcset=\"https:\/\/alger16.dz\/wp-content\/uploads\/2026\/08\/image-15-1024x768.webp 1024w, https:\/\/alger16.dz\/wp-content\/uploads\/2026\/08\/image-15-300x225.webp 300w, https:\/\/alger16.dz\/wp-content\/uploads\/2026\/08\/image-15-768x576.webp 768w, https:\/\/alger16.dz\/wp-content\/uploads\/2026\/08\/image-15.webp 1080w\" sizes=\"auto, (max-width: 1024px) 100vw, 1024px\" \/><\/figure>\n\n\n\n<p class=\"wp-block-paragraph\">Ce nouveau type de guerre constitue d\u00e9sormais un domaine pris en charge par des cellules sp\u00e9cialis\u00e9es au sein de nombreuses grandes puissances, a indiqu\u00e9 Dr Ahmed Bens\u00e2ada, qui a anim\u00e9 un atelier intitul\u00e9 : \u00ab\u00a0Les guerres cognitives&#8230;le cerveau comme nouveau champ de bataille\u00a0\u00bb.<\/p>\n\n\n\n<p class=\"wp-block-paragraph\">Il a pr\u00e9cis\u00e9 que les guerres perceptives et cognitives ne visent pas uniquement \u00e0 modifier les informations, mais cherchent \u00e9galement \u00e0 influencer la mani\u00e8re dont les individus pensent et \u00e0 fa\u00e7onner leurs positions et leurs convictions, ce qui rend particuli\u00e8rement important le renforcement des capacit\u00e9s en mati\u00e8re de r\u00e9cits nationaux capables de pr\u00e9server les int\u00e9r\u00eats, l&rsquo;identit\u00e9, la culture, l&rsquo;histoire et la souverainet\u00e9.<\/p>\n\n\n\n<p class=\"wp-block-paragraph\">Pour ce faire, il est n\u00e9cessaire de faire appel \u00e0 plusieurs disciplines, notamment la psychologie, la sociologie, l&rsquo;informatique, l&rsquo;intelligence artificielle et l&rsquo;analyse des m\u00e9gadonn\u00e9es, ces outils \u00e9tant d\u00e9sormais partie int\u00e9grante des m\u00e9canismes modernes d&rsquo;influence, a-t-il expliqu\u00e9. &nbsp;&nbsp;<\/p>\n\n\n\n<p class=\"wp-block-paragraph\">S&rsquo;agissant du r\u00f4le des m\u00e9dias, le sp\u00e9cialiste a insist\u00e9 sur la n\u00e9cessit\u00e9 de former les journalistes dans ce nouveau domaine, en compl\u00e9ment de leur formation traditionnelle aux techniques r\u00e9dactionnelles, afin de leur permettre de comprendre les m\u00e9canismes des guerres perceptives, ainsi que les modes de production et d&rsquo;orientation de l&rsquo;information et les moyens de traiter les r\u00e9cits ciblant la soci\u00e9t\u00e9.<\/p>\n\n\n\n<p class=\"wp-block-paragraph\">De son c\u00f4t\u00e9, le pr\u00e9sident de l&rsquo;Organisation nationale des journalistes alg\u00e9riens, Slimane Abdouche, a soulign\u00e9, dans une allocution prononc\u00e9e \u00e0 cette occasion, que le choix du th\u00e8me : \u00ab\u00a0Les m\u00e9dias nationaux face aux guerres des r\u00e9cits\u00a0\u00bb pour cette premi\u00e8re \u00e9dition de l&rsquo;Universit\u00e9 d&rsquo;\u00e9t\u00e9 n&rsquo;\u00e9tait pas fortuit, estimant que la bataille m\u00e9diatique ne se limite plus aujourd&rsquo;hui \u00e0 la transmission de l&rsquo;information ou au commentaire des \u00e9v\u00e9nements, mais constitue d\u00e9sormais une v\u00e9ritable bataille pour les esprits, la conscience et la fabrication de l&rsquo;opinion publique.<\/p>\n\n\n\n<p class=\"wp-block-paragraph\">Il a ajout\u00e9 quela nature des guerres avait chang\u00e9 et que l&rsquo;information elle-m\u00eame \u00e9tait devenue un terrain de confrontation, soulignant qu&rsquo;une information trompeuse pouvait se propager en quelques secondes, tandis qu&rsquo;une image tronqu\u00e9e, une information erron\u00e9e ou des comptes fictifs pouvaient contribuer \u00e0 fabriquer un r\u00e9cit complet dont les effets peuvent \u00eatre difficiles \u00e0 corriger par la suite.<\/p>\n\n\n\n<p class=\"wp-block-paragraph\">Pour sa part, le secr\u00e9taire g\u00e9n\u00e9ral de l&rsquo;Union des travailleurs sahraouis, Nefa\u00e2 Ahmed, a, dans une allocution, mis en avant la place de l&rsquo;Alg\u00e9rie en tant que bastion de la libert\u00e9 et soutien constant aux causes de lib\u00e9ration, notamment les causes sahraouie et palestinienne, \u00e9voquant les efforts d\u00e9ploy\u00e9s par les journalistes alg\u00e9riens, depuis les ann\u00e9es 1970, pour r\u00e9v\u00e9ler les contrev\u00e9rit\u00e9s et contrer les tentatives d&rsquo;effacement de la v\u00e9rit\u00e9.<\/p>\n\n\n\n<p class=\"wp-block-paragraph\">Cette manifestation, qui s&rsquo;\u00e9tale sur deux jours, est marqu\u00e9e par la participation de nombreux journalistes et experts issus de diff\u00e9rentes r\u00e9gions du pays.<\/p>\n\n\n\n<p class=\"wp-block-paragraph\">Les travaux de cette rencontre sont notamment marqu\u00e9s par l&rsquo;organisation de plusieurs ateliers, dont \u00ab\u00a0La guerre des r\u00e9cits et les nouvelles transformations de l&rsquo;environnement num\u00e9rique\u00a0\u00bb et \u00ab\u00a0Les r\u00e9cits num\u00e9riques&#8230; faire face \u00e0 la guerre psychologique et \u00e0 la propagande hostile et malveillante\u00a0\u00bb.&nbsp;<\/p>\n","protected":false},"excerpt":{"rendered":"<p>Des participants \u00e0 l&rsquo;Universit\u00e9 d&rsquo;\u00e9t\u00e9 de l&rsquo;Organisation nationale des journalistes alg\u00e9riens, dont les travaux ont d\u00e9but\u00e9 vendredi \u00e0 Oran, ont soulign\u00e9 que la lutte contre \u00ab\u00a0les guerres de quatri\u00e8me g\u00e9n\u00e9ration et les guerres hybrides\u00a0\u00bb exige de renforcer les capacit\u00e9s en mati\u00e8re de r\u00e9cits nationaux et de former des comp\u00e9tences sp\u00e9cialis\u00e9es. [&hellip;]<\/p>\n","protected":false},"author":3,"featured_media":67175,"comment_status":"open","ping_status":"open","sticky":false,"template":"","format":"standard","meta":{"footnotes":""},"categories":[36,113],"tags":[],"class_list":["post-67174","post","type-post","status-publish","format-standard","has-post-thumbnail","hentry","category-actualites","category-sciences-et-technologies"],"_links":{"self":[{"href":"https:\/\/alger16.dz\/index.php?rest_route=\/wp\/v2\/posts\/67174","targetHints":{"allow":["GET"]}}],"collection":[{"href":"https:\/\/alger16.dz\/index.php?rest_route=\/wp\/v2\/posts"}],"about":[{"href":"https:\/\/alger16.dz\/index.php?rest_route=\/wp\/v2\/types\/post"}],"author":[{"embeddable":true,"href":"https:\/\/alger16.dz\/index.php?rest_route=\/wp\/v2\/users\/3"}],"replies":[{"embeddable":true,"href":"https:\/\/alger16.dz\/index.php?rest_route=%2Fwp%2Fv2%2Fcomments&post=67174"}],"version-history":[{"count":1,"href":"https:\/\/alger16.dz\/index.php?rest_route=\/wp\/v2\/posts\/67174\/revisions"}],"predecessor-version":[{"id":67176,"href":"https:\/\/alger16.dz\/index.php?rest_route=\/wp\/v2\/posts\/67174\/revisions\/67176"}],"wp:featuredmedia":[{"embeddable":true,"href":"https:\/\/alger16.dz\/index.php?rest_route=\/wp\/v2\/media\/67175"}],"wp:attachment":[{"href":"https:\/\/alger16.dz\/index.php?rest_route=%2Fwp%2Fv2%2Fmedia&parent=67174"}],"wp:term":[{"taxonomy":"category","embeddable":true,"href":"https:\/\/alger16.dz\/index.php?rest_route=%2Fwp%2Fv2%2Fcategories&post=67174"},{"taxonomy":"post_tag","embeddable":true,"href":"https:\/\/alger16.dz\/index.php?rest_route=%2Fwp%2Fv2%2Ftags&post=67174"}],"curies":[{"name":"wp","href":"https:\/\/api.w.org\/{rel}","templated":true}]}}