{"id":67220,"date":"2026-08-29T11:39:13","date_gmt":"2026-08-29T11:39:13","guid":{"rendered":"https:\/\/alger16.dz\/?p=67220"},"modified":"2026-08-29T11:39:13","modified_gmt":"2026-08-29T11:39:13","slug":"preche-du-vendredi-appel-a-lentraide-et-a-la-solidarite-avec-les-sinistres-des-incendies-enregistres-dans-plusieurs-regions-du-pays","status":"publish","type":"post","link":"https:\/\/alger16.dz\/?p=67220","title":{"rendered":"Pr\u00eache du vendredi : Appel \u00e0 l&rsquo;entraide et \u00e0 la solidarit\u00e9 avec les sinistr\u00e9s des incendies enregistr\u00e9s dans plusieurs r\u00e9gions du pays"},"content":{"rendered":"\n<h1 class=\"wp-block-heading\"><\/h1>\n\n\n\n<p class=\"wp-block-paragraph\">Les imams des mosqu\u00e9es \u00e0 travers le territoire national ont appel\u00e9, dans le pr\u00eache du vendredi, l&rsquo;ensemble des fid\u00e8les \u00e0 faire preuve d&rsquo;entraide et de solidarit\u00e9, et \u00e0 se tenir aux c\u00f4t\u00e9s des sinistr\u00e9s et des familles des victimes des incendies enregistr\u00e9s dans plusieurs r\u00e9gions du pays.<\/p>\n\n\n\n<figure class=\"wp-block-image size-large\"><img loading=\"lazy\" decoding=\"async\" width=\"1024\" height=\"717\" src=\"https:\/\/alger16.dz\/wp-content\/uploads\/2026\/08\/image-24-1024x717.webp\" alt=\"\" class=\"wp-image-67221\" srcset=\"https:\/\/alger16.dz\/wp-content\/uploads\/2026\/08\/image-24-1024x717.webp 1024w, https:\/\/alger16.dz\/wp-content\/uploads\/2026\/08\/image-24-300x210.webp 300w, https:\/\/alger16.dz\/wp-content\/uploads\/2026\/08\/image-24-767x537.webp 767w, https:\/\/alger16.dz\/wp-content\/uploads\/2026\/08\/image-24.webp 1080w\" sizes=\"auto, (max-width: 1024px) 100vw, 1024px\" \/><\/figure>\n\n\n\n<p class=\"wp-block-paragraph\">Les imams ont rappel\u00e9, dans leurs pr\u00eaches, l&rsquo;importance de se solidariser avec les sinistr\u00e9s et les personnes touch\u00e9es par cette \u00e9preuve, en leur portant secours et assistance, conform\u00e9ment aux valeurs de fraternit\u00e9 et d&rsquo;entraide pr\u00f4n\u00e9es par l&rsquo;Islam. &nbsp;<\/p>\n\n\n\n<p class=\"wp-block-paragraph\">Les imams ont \u00e9galement appel\u00e9 \u00e0 poursuivre l&rsquo;\u00e9lan de solidarit\u00e9 sinc\u00e8re avec les familles sinistr\u00e9es, en se tenant \u00e0 leurs c\u00f4t\u00e9s et en les aidant \u00e0 panser leurs blessures, en s&rsquo;inspirant du Hadith du Proph\u00e8te (QSSSL) : \u00ab\u00a0L&rsquo;exemple des croyants dans leur affection, leur mis\u00e9ricorde et leur compassion les uns pour les autres est celui d&rsquo;un corps : lorsqu&rsquo;un de ses membres souffre, c&rsquo;est tout le corps qui r\u00e9agit par l&rsquo;insomnie et la fi\u00e8vre\u00a0\u00bb.&nbsp;<\/p>\n\n\n\n<p class=\"wp-block-paragraph\">Face \u00e0 cette douloureuse \u00e9preuve qui a endeuill\u00e9 tous les Alg\u00e9riens, les imams ont implor\u00e9 Allah Tout-Puissant de pr\u00e9server l&rsquo;Alg\u00e9rie et son peuple de tout mal, d&rsquo;accorder Sa sainte mis\u00e9ricorde aux victimes de ces incendies, d&rsquo;accorder un prompt r\u00e9tablissement aux bless\u00e9s et de pr\u00e9server la s\u00e9curit\u00e9 et la stabilit\u00e9 du pays.<\/p>\n","protected":false},"excerpt":{"rendered":"<p>Les imams des mosqu\u00e9es \u00e0 travers le territoire national ont appel\u00e9, dans le pr\u00eache du vendredi, l&rsquo;ensemble des fid\u00e8les \u00e0 faire preuve d&rsquo;entraide et de solidarit\u00e9, et \u00e0 se tenir aux c\u00f4t\u00e9s des sinistr\u00e9s et des familles des victimes des incendies enregistr\u00e9s dans plusieurs r\u00e9gions du pays. Les imams ont [&hellip;]<\/p>\n","protected":false},"author":3,"featured_media":67221,"comment_status":"open","ping_status":"open","sticky":false,"template":"","format":"standard","meta":{"footnotes":""},"categories":[53],"tags":[],"class_list":["post-67220","post","type-post","status-publish","format-standard","has-post-thumbnail","hentry","category-societe"],"_links":{"self":[{"href":"https:\/\/alger16.dz\/index.php?rest_route=\/wp\/v2\/posts\/67220","targetHints":{"allow":["GET"]}}],"collection":[{"href":"https:\/\/alger16.dz\/index.php?rest_route=\/wp\/v2\/posts"}],"about":[{"href":"https:\/\/alger16.dz\/index.php?rest_route=\/wp\/v2\/types\/post"}],"author":[{"embeddable":true,"href":"https:\/\/alger16.dz\/index.php?rest_route=\/wp\/v2\/users\/3"}],"replies":[{"embeddable":true,"href":"https:\/\/alger16.dz\/index.php?rest_route=%2Fwp%2Fv2%2Fcomments&post=67220"}],"version-history":[{"count":1,"href":"https:\/\/alger16.dz\/index.php?rest_route=\/wp\/v2\/posts\/67220\/revisions"}],"predecessor-version":[{"id":67222,"href":"https:\/\/alger16.dz\/index.php?rest_route=\/wp\/v2\/posts\/67220\/revisions\/67222"}],"wp:featuredmedia":[{"embeddable":true,"href":"https:\/\/alger16.dz\/index.php?rest_route=\/wp\/v2\/media\/67221"}],"wp:attachment":[{"href":"https:\/\/alger16.dz\/index.php?rest_route=%2Fwp%2Fv2%2Fmedia&parent=67220"}],"wp:term":[{"taxonomy":"category","embeddable":true,"href":"https:\/\/alger16.dz\/index.php?rest_route=%2Fwp%2Fv2%2Fcategories&post=67220"},{"taxonomy":"post_tag","embeddable":true,"href":"https:\/\/alger16.dz\/index.php?rest_route=%2Fwp%2Fv2%2Ftags&post=67220"}],"curies":[{"name":"wp","href":"https:\/\/api.w.org\/{rel}","templated":true}]}}