{"id":67223,"date":"2026-08-29T11:40:36","date_gmt":"2026-08-29T11:40:36","guid":{"rendered":"https:\/\/alger16.dz\/?p=67223"},"modified":"2026-08-29T11:40:36","modified_gmt":"2026-08-29T11:40:36","slug":"bejaia-debut-de-remise-des-decisions-dindemnisation-aux-sinistres-des-incendies-de-juillet-dernier","status":"publish","type":"post","link":"https:\/\/alger16.dz\/?p=67223","title":{"rendered":"Bejaia : d\u00e9but de remise des d\u00e9cisions d&rsquo;indemnisation aux sinistr\u00e9s des incendies de juillet dernier"},"content":{"rendered":"\n<h1 class=\"wp-block-heading\"><\/h1>\n\n\n\n<p class=\"wp-block-paragraph\">&nbsp;L&rsquo;op\u00e9ration de remise des d\u00e9cisions d&rsquo;indemnisation aux sinistr\u00e9s des incendies ayant affect\u00e9 plusieurs communes de la wilaya de Bejaia en juillet dernier, a \u00e9t\u00e9 lanc\u00e9e, a-t-on appris, vendredi, aupr\u00e8s des services de la wilaya.<\/p>\n\n\n\n<figure class=\"wp-block-image size-large\"><img loading=\"lazy\" decoding=\"async\" width=\"1024\" height=\"1024\" src=\"https:\/\/alger16.dz\/wp-content\/uploads\/2026\/08\/image-25-1024x1024.webp\" alt=\"\" class=\"wp-image-67224\" srcset=\"https:\/\/alger16.dz\/wp-content\/uploads\/2026\/08\/image-25-1024x1024.webp 1024w, https:\/\/alger16.dz\/wp-content\/uploads\/2026\/08\/image-25-150x150.webp 150w, https:\/\/alger16.dz\/wp-content\/uploads\/2026\/08\/image-25-300x300.webp 300w, https:\/\/alger16.dz\/wp-content\/uploads\/2026\/08\/image-25-768x768.webp 768w, https:\/\/alger16.dz\/wp-content\/uploads\/2026\/08\/image-25.webp 1080w\" sizes=\"auto, (max-width: 1024px) 100vw, 1024px\" \/><\/figure>\n\n\n\n<p class=\"wp-block-paragraph\">La remise des d\u00e9cisions d&rsquo;indemnisation a d\u00e9but\u00e9 hier, jeudi, au profit des citoyens sinistr\u00e9s par les incendies qui ont touch\u00e9 la da\u00efra d&rsquo;Ouzellaguen, ainsi que les communes de Beni Maouche et Barbacha, juillet dernier, ont pr\u00e9cis\u00e9 les m\u00eames services. Ces indemnisations concernent les citoyens ayant subi des pr\u00e9judices \u00e0 la suite des incendies de for\u00eats et des d\u00e9g\u00e2ts caus\u00e9s aux r\u00e9coltes agricoles dans la r\u00e9gion, et ce sur la base des r\u00e9sultats des constats effectu\u00e9s sur le terrain et de l&rsquo;\u00e9valuation des dommages et pertes enregistr\u00e9s par les commissions ad hoc, ajoute la m\u00eame source.<\/p>\n\n\n\n<p class=\"wp-block-paragraph\">Les m\u00eames services ont indiqu\u00e9 que cette op\u00e9ration s&rsquo;inscrit dans la cadre de la mise en \u0153uvre des instructions du pr\u00e9sident de la R\u00e9publique, M. Abdelmadjid Tebboune, portant finalisation de l&rsquo;op\u00e9ration d&rsquo;indemnisation des sinistr\u00e9s des incendies avant le 31 &nbsp;ao\u00fbt en cours, et conform\u00e9ment aux orientations du ministre de l&rsquo;Int\u00e9rieur, des Collectivit\u00e9s locales et des Transports, M. Said Sayoud, visant \u00e0 acc\u00e9l\u00e9rer l&rsquo;application de cette op\u00e9ration d&rsquo;indemnisation et de prise en charge rapide des sinistr\u00e9s.<\/p>\n","protected":false},"excerpt":{"rendered":"<p>&nbsp;L&rsquo;op\u00e9ration de remise des d\u00e9cisions d&rsquo;indemnisation aux sinistr\u00e9s des incendies ayant affect\u00e9 plusieurs communes de la wilaya de Bejaia en juillet dernier, a \u00e9t\u00e9 lanc\u00e9e, a-t-on appris, vendredi, aupr\u00e8s des services de la wilaya. La remise des d\u00e9cisions d&rsquo;indemnisation a d\u00e9but\u00e9 hier, jeudi, au profit des citoyens sinistr\u00e9s par les [&hellip;]<\/p>\n","protected":false},"author":3,"featured_media":67224,"comment_status":"open","ping_status":"open","sticky":false,"template":"","format":"standard","meta":{"footnotes":""},"categories":[53],"tags":[],"class_list":["post-67223","post","type-post","status-publish","format-standard","has-post-thumbnail","hentry","category-societe"],"_links":{"self":[{"href":"https:\/\/alger16.dz\/index.php?rest_route=\/wp\/v2\/posts\/67223","targetHints":{"allow":["GET"]}}],"collection":[{"href":"https:\/\/alger16.dz\/index.php?rest_route=\/wp\/v2\/posts"}],"about":[{"href":"https:\/\/alger16.dz\/index.php?rest_route=\/wp\/v2\/types\/post"}],"author":[{"embeddable":true,"href":"https:\/\/alger16.dz\/index.php?rest_route=\/wp\/v2\/users\/3"}],"replies":[{"embeddable":true,"href":"https:\/\/alger16.dz\/index.php?rest_route=%2Fwp%2Fv2%2Fcomments&post=67223"}],"version-history":[{"count":1,"href":"https:\/\/alger16.dz\/index.php?rest_route=\/wp\/v2\/posts\/67223\/revisions"}],"predecessor-version":[{"id":67225,"href":"https:\/\/alger16.dz\/index.php?rest_route=\/wp\/v2\/posts\/67223\/revisions\/67225"}],"wp:featuredmedia":[{"embeddable":true,"href":"https:\/\/alger16.dz\/index.php?rest_route=\/wp\/v2\/media\/67224"}],"wp:attachment":[{"href":"https:\/\/alger16.dz\/index.php?rest_route=%2Fwp%2Fv2%2Fmedia&parent=67223"}],"wp:term":[{"taxonomy":"category","embeddable":true,"href":"https:\/\/alger16.dz\/index.php?rest_route=%2Fwp%2Fv2%2Fcategories&post=67223"},{"taxonomy":"post_tag","embeddable":true,"href":"https:\/\/alger16.dz\/index.php?rest_route=%2Fwp%2Fv2%2Ftags&post=67223"}],"curies":[{"name":"wp","href":"https:\/\/api.w.org\/{rel}","templated":true}]}}