{"id":67341,"date":"2026-08-30T22:01:00","date_gmt":"2026-08-30T22:01:00","guid":{"rendered":"https:\/\/alger16.dz\/?p=67341"},"modified":"2026-08-30T15:09:22","modified_gmt":"2026-08-30T15:09:22","slug":"recents-incendies-ayant-touche-plusieurs-wilayas-le-president-tebboune-salue-lelan-de-solidarite-populaire","status":"publish","type":"post","link":"https:\/\/alger16.dz\/?p=67341","title":{"rendered":"R\u00e9cents incendies ayant touch\u00e9 plusieurs wilayas: Le pr\u00e9sident Tebboune salue l&rsquo;\u00e9lan de solidarit\u00e9 populaire"},"content":{"rendered":"\n<p class=\"wp-block-paragraph\">Par G. Salah Eddine<\/p>\n\n\n\n<p class=\"wp-block-paragraph\"><strong><em>Le pr\u00e9sident de la R\u00e9publique, M. Abdelmadjid Tebboune, a affirm\u00e9 samedi dernier \u00e0 Alger que des actes criminels pourraient \u00eatre \u00e0 l\u2019origine d\u2019une partie des incendies ayant r\u00e9cemment touch\u00e9 plusieurs wilayas de l\u2019est et du centre du pays, assurant que des enqu\u00eates seront men\u00e9es pour identifier les responsables, tout en refusant de parler de \u00abconspiration \u00bb.<\/em><\/strong><\/p>\n\n\n\n<figure class=\"wp-block-image size-full\"><img loading=\"lazy\" decoding=\"async\" width=\"498\" height=\"372\" src=\"https:\/\/alger16.dz\/wp-content\/uploads\/2026\/08\/teb.jpg\" alt=\"\" class=\"wp-image-67342\" srcset=\"https:\/\/alger16.dz\/wp-content\/uploads\/2026\/08\/teb.jpg 498w, https:\/\/alger16.dz\/wp-content\/uploads\/2026\/08\/teb-300x224.jpg 300w\" sizes=\"auto, (max-width: 498px) 100vw, 498px\" \/><\/figure>\n\n\n\n<p class=\"wp-block-paragraph\">Les flammes ont laiss\u00e9 derri\u00e8re elles des paysages meurtris, des familles sinistr\u00e9es et une mobilisation qui s\u2019est \u00e9tendue bien au-del\u00e0 des zones directement touch\u00e9es. Alors que la situation semble aujourd\u2019hui enfin stabilis\u00e9e et que les bless\u00e9s sont pris en charge, le pr\u00e9sident de la R\u00e9publique a choisi de revenir sur l\u2019une des questions les plus sensibles soulev\u00e9es par cette catastrophe : l\u2019origine des feux.<br>\u00c0 l\u2019issue de sa visite \u00e0 l\u2019h\u00f4pital des grands br\u00fbl\u00e9s Dr Sa\u00efd-Chibane de Z\u00e9ralda, o\u00f9 il s\u2019est enquis de l\u2019\u00e9tat de sant\u00e9 des bless\u00e9s \u00e9vacu\u00e9s des wilayas sinistr\u00e9es, Abdelmadjid Tebboune a d\u00e9clar\u00e9 : \u00ab C&rsquo;est effectivement une circonstance douloureuse et nous croyons au destin in\u00e9luctable de Dieu, mais il y a des actes criminels et nous enqu\u00eaterons sur ceux qui en sont responsables. \u00bb Avant de pr\u00e9ciser : \u00ab Je n&#8217;emploierai pas de termes forts, comme celui de conspiration. \u00bb<br>Une d\u00e9claration qui ouvre clairement la voie \u00e0 des investigations sur l\u2019origine criminelle de certains d\u00e9parts de feu, sans pour autant pr\u00e9juger de leurs responsables ni de la nature exacte des faits qui devront \u00eatre \u00e9tablis par les enqu\u00eates.<br>Face \u00e0 l\u2019ampleur des incendies, le chef de l\u2019\u00c9tat a surtout tenu \u00e0 saluer la mobilisation des Alg\u00e9riens autour des populations touch\u00e9es.<br>Dans un contexte marqu\u00e9 par les \u00e9vacuations, les pertes mat\u00e9rielles et les interventions continues des \u00e9quipes de secours, il a soulign\u00e9 l\u2019\u00e9lan de solidarit\u00e9 populaire qui s\u2019est manifest\u00e9 dans plusieurs r\u00e9gions du pays.<br>\u00ab Notre consolation r\u00e9side dans l&rsquo;\u00e9lan de solidarit\u00e9 du peuple alg\u00e9rien, qui nous rend fiers d&rsquo;appartenir \u00e0 l&rsquo;Alg\u00e9rie, n&rsquo;en d\u00e9plaise \u00e0 certains \u00bb, a-t-il d\u00e9clar\u00e9.<br>Le pr\u00e9sident de la R\u00e9publique a \u00e9galement r\u00e9pondu \u00e0 ceux qui, selon lui, entretiennent depuis longtemps une lecture n\u00e9gative de la soci\u00e9t\u00e9 alg\u00e9rienne.<br>\u00ab Ceux qui pensent autrement du peuple alg\u00e9rien se trompent et les analyses qu&rsquo;ils font depuis longtemps sur l&rsquo;Alg\u00e9rie sont \u00e9galement erron\u00e9es \u00bb, a-t-il ajout\u00e9.<\/p>\n\n\n\n<p class=\"wp-block-paragraph\"><strong>L\u2019\u00c9tat et l\u2019ANP mobilis\u00e9s sur tous les fronts<br><\/strong>Le pr\u00e9sident de la R\u00e9publique a \u00e9galement insist\u00e9 sur les moyens d\u00e9ploy\u00e9s pour contenir les incendies et prendre en charge leurs cons\u00e9quences.<br>\u00ab Lorsque de telles catastrophes nous frappent, nous y faisons face avec les moyens de l&rsquo;Etat et du peuple. L&rsquo;Arm\u00e9e nationale populaire (ANP) est \u00e9galement pr\u00e9sente dans toutes les \u00e9preuves, tout comme la Protection civile alg\u00e9rienne, \u00e0 l&rsquo;\u00e9gard de laquelle nous prendrons plusieurs d\u00e9cisions afin de soutenir ce corps cit\u00e9 en exemple \u00e0 travers le monde.\u00bb<br>L\u2019intervention des diff\u00e9rents corps a \u00e9t\u00e9 d\u00e9terminante dans les op\u00e9rations d\u2019\u00e9vacuation, de secours et de lutte contre les flammes. Protection civile, ANP, Gendarmerie et S\u00fbret\u00e9 nationales ont \u00e9t\u00e9 mobilis\u00e9es aux c\u00f4t\u00e9s des populations et des \u00e9quipes locales.<br>Mais les conditions m\u00e9t\u00e9orologiques ont consid\u00e9rablement compliqu\u00e9 les op\u00e9rations. Revenant sur les conditions dans lesquelles se sont d\u00e9roul\u00e9es les op\u00e9rations d\u2019extinction, le pr\u00e9sident de la R\u00e9publique a expliqu\u00e9 que les vents avaient favoris\u00e9 la progression rapide des incendies.<br>\u00ab Les vents \u00e9taient tr\u00e8s forts, ce qui a favoris\u00e9 la propagation des flammes \u00bb, a-t-il observ\u00e9, relevant \u00e9galement que, sur le plan technique, \u00ab il n\u2019existait aucun moyen, ni a\u00e9rien ni terrestre, permettant de venir \u00e0 bout de ces incendies \u00bb.<br>Une situation qui illustre la difficult\u00e9 rencontr\u00e9e par les \u00e9quipes de secours face \u00e0 des foyers multiples et \u00e0 des conditions m\u00e9t\u00e9orologiques particuli\u00e8rement d\u00e9favorables.<\/p>\n\n\n\n<p class=\"wp-block-paragraph\"><strong>\u00c0 Z\u00e9ralda, la bataille se poursuit<br><\/strong>Apr\u00e8s le front des incendies, c\u2019est d\u00e9sormais celui des soins qui mobilise les \u00e9quipes m\u00e9dicales.<br>\u00c0 l\u2019h\u00f4pital des grands br\u00fbl\u00e9s de Z\u00e9ralda, le Pr\u00e9sident s\u2019est enquis de l\u2019\u00e9tat des bless\u00e9s transf\u00e9r\u00e9s depuis les wilayas sinistr\u00e9es et a salu\u00e9 le niveau de prise en charge assur\u00e9 par les \u00e9quipes m\u00e9dicales.<br>\u00ab Auparavant, nous envoyions les cas complexes \u00e0 l\u2019\u00e9tranger pour les soins, alors qu\u2019aujourd\u2019hui, nous sommes en mesure de les prendre en charge ici \u00bb, a-t-il soutenu.<br>Le chef de l\u2019\u00c9tat a rappel\u00e9 que la r\u00e9alisation de cet \u00e9tablissement hospitalier \u00e9tait directement li\u00e9e \u00e0 l\u2019exp\u00e9rience douloureuse des incendies de 2021.<br>Cette p\u00e9riode avait constitu\u00e9, selon lui, \u00abune le\u00e7on pour nous \u00bb.<br>Cinq ans plus tard, l\u2019\u00e9tablissement se retrouve ainsi au c\u0153ur de la r\u00e9ponse m\u00e9dicale apport\u00e9e aux victimes des nouveaux incendies, illustrant l\u2019\u00e9volution des capacit\u00e9s nationales de prise en charge des grands br\u00fbl\u00e9s.<br>Le pr\u00e9sident de la R\u00e9publique a renouvel\u00e9 ses remerciements aux personnels m\u00e9dicaux des \u00e9tablissements de sant\u00e9 des wilayas touch\u00e9es, ainsi qu\u2019aux \u00e9l\u00e9ments de la Protection civile, de l\u2019ANP, de la Gendarmerie nationale et de la S\u00fbret\u00e9 nationale.<br>Tous, a-t-il soulign\u00e9, \u00ab ont contribu\u00e9 \u00e0 att\u00e9nuer cette catastrophe \u00bb.<br>Il a \u00e9galement salu\u00e9 l\u2019ensemble des personnes ayant particip\u00e9 \u00e0 l\u2019\u00e9vacuation des bless\u00e9s, qualifiant cette mobilisation g\u00e9n\u00e9rale de \u00ab le\u00e7on pour tous ceux qui critiquent l\u2019Alg\u00e9rie \u00bb.<br>Mais au-del\u00e0 des hommages, l\u2019ex\u00e9cutif entend d\u00e9sormais tirer les enseignements de cette nouvelle crise.<br>Une r\u00e9union regroupant, dimanche dernier, l\u2019ensemble des responsables concern\u00e9s par la lutte contre les incendies doit permettre d\u2019examiner les insuffisances constat\u00e9es et de d\u00e9finir de nouvelles mesures.<br>\u00c0 cette occasion, \u00ab des mesures seront prises qui nous permettront d\u2019\u00e9viter de telles catastrophes \u00e0 l&rsquo;avenir \u00bb, a annonc\u00e9 le pr\u00e9sident de la R\u00e9publique.<br>Entre la recherche des causes des d\u00e9parts de feu, la mobilisation des moyens de l\u2019\u00c9tat, le renforcement de la Protection civile et l\u2019am\u00e9lioration de la prise en charge m\u00e9dicale, le gouvernement entend ainsi transformer cette nouvelle \u00e9preuve en retour d\u2019exp\u00e9rience.<br>Car si les incendies ont une nouvelle fois rappel\u00e9 la vuln\u00e9rabilit\u00e9 de certaines r\u00e9gions face aux risques naturels et criminels, ils ont \u00e9galement mis en \u00e9vidence une autre r\u00e9alit\u00e9 : celle d\u2019une mobilisation collective qui, du terrain aux h\u00f4pitaux, a permis de limiter les cons\u00e9quences d\u2019une catastrophe dont l\u2019ampleur a \u00e9t\u00e9 aggrav\u00e9e par des conditions m\u00e9t\u00e9orologiques particuli\u00e8rement difficiles.<br><\/p>\n","protected":false},"excerpt":{"rendered":"<p>Par G. Salah Eddine Le pr\u00e9sident de la R\u00e9publique, M. Abdelmadjid Tebboune, a affirm\u00e9 samedi dernier \u00e0 Alger que des actes criminels pourraient \u00eatre \u00e0 l\u2019origine d\u2019une partie des incendies ayant r\u00e9cemment touch\u00e9 plusieurs wilayas de l\u2019est et du centre du pays, assurant que des enqu\u00eates seront men\u00e9es pour identifier [&hellip;]<\/p>\n","protected":false},"author":3,"featured_media":67342,"comment_status":"open","ping_status":"open","sticky":false,"template":"","format":"standard","meta":{"footnotes":""},"categories":[36,53],"tags":[],"class_list":["post-67341","post","type-post","status-publish","format-standard","has-post-thumbnail","hentry","category-actualites","category-societe"],"_links":{"self":[{"href":"https:\/\/alger16.dz\/index.php?rest_route=\/wp\/v2\/posts\/67341","targetHints":{"allow":["GET"]}}],"collection":[{"href":"https:\/\/alger16.dz\/index.php?rest_route=\/wp\/v2\/posts"}],"about":[{"href":"https:\/\/alger16.dz\/index.php?rest_route=\/wp\/v2\/types\/post"}],"author":[{"embeddable":true,"href":"https:\/\/alger16.dz\/index.php?rest_route=\/wp\/v2\/users\/3"}],"replies":[{"embeddable":true,"href":"https:\/\/alger16.dz\/index.php?rest_route=%2Fwp%2Fv2%2Fcomments&post=67341"}],"version-history":[{"count":1,"href":"https:\/\/alger16.dz\/index.php?rest_route=\/wp\/v2\/posts\/67341\/revisions"}],"predecessor-version":[{"id":67343,"href":"https:\/\/alger16.dz\/index.php?rest_route=\/wp\/v2\/posts\/67341\/revisions\/67343"}],"wp:featuredmedia":[{"embeddable":true,"href":"https:\/\/alger16.dz\/index.php?rest_route=\/wp\/v2\/media\/67342"}],"wp:attachment":[{"href":"https:\/\/alger16.dz\/index.php?rest_route=%2Fwp%2Fv2%2Fmedia&parent=67341"}],"wp:term":[{"taxonomy":"category","embeddable":true,"href":"https:\/\/alger16.dz\/index.php?rest_route=%2Fwp%2Fv2%2Fcategories&post=67341"},{"taxonomy":"post_tag","embeddable":true,"href":"https:\/\/alger16.dz\/index.php?rest_route=%2Fwp%2Fv2%2Ftags&post=67341"}],"curies":[{"name":"wp","href":"https:\/\/api.w.org\/{rel}","templated":true}]}}