{"id":67356,"date":"2026-08-30T15:39:34","date_gmt":"2026-08-30T15:39:34","guid":{"rendered":"https:\/\/alger16.dz\/?p=67356"},"modified":"2026-08-30T15:39:34","modified_gmt":"2026-08-30T15:39:34","slug":"5-choses-essentielles-a-savoir-sur-lautisme","status":"publish","type":"post","link":"https:\/\/alger16.dz\/?p=67356","title":{"rendered":"5 choses essentielles \u00e0 savoir sur l\u2019autisme"},"content":{"rendered":"\n<p class=\"wp-block-paragraph\"><strong><em>Souvent cit\u00e9 mais encore entour\u00e9 de nombreuses id\u00e9es re\u00e7ues, l\u2019autisme reste un trouble du d\u00e9veloppement neurologique encore mal compris. Ses manifestations sont diverses et peuvent varier consid\u00e9rablement d\u2019une personne \u00e0 l\u2019autre. Origines, diagnostic, troubles associ\u00e9s ou prise en charge : voici cinq points essentiels pour mieux comprendre l\u2019autisme, chez l\u2019enfant comme chez l\u2019adulte.<\/em><\/strong><\/p>\n\n\n\n<figure class=\"wp-block-image size-full\"><img loading=\"lazy\" decoding=\"async\" width=\"1000\" height=\"675\" src=\"https:\/\/alger16.dz\/wp-content\/uploads\/2026\/08\/i96597-.webp\" alt=\"\" class=\"wp-image-67357\" srcset=\"https:\/\/alger16.dz\/wp-content\/uploads\/2026\/08\/i96597-.webp 1000w, https:\/\/alger16.dz\/wp-content\/uploads\/2026\/08\/i96597-300x202-1.webp 300w, https:\/\/alger16.dz\/wp-content\/uploads\/2026\/08\/i96597-767x518-1.webp 767w\" sizes=\"auto, (max-width: 1000px) 100vw, 1000px\" \/><\/figure>\n\n\n\n<ol class=\"wp-block-list\">\n<li><strong>L\u2019autisme est un trouble<br><\/strong>du d\u00e9veloppement neurologique<br>Contrairement \u00e0 une id\u00e9e longtemps r\u00e9pandue, l\u2019autisme n\u2019est pas simplement un trouble psychiatrique. Il correspond \u00e0 une particularit\u00e9 du d\u00e9veloppement neurologique, dont les premi\u00e8res manifestations apparaissent g\u00e9n\u00e9ralement au cours des premi\u00e8res ann\u00e9es de la vie.<br>Les difficult\u00e9s peuvent notamment concerner la communication, le langage, les interactions sociales et certains comportements. Leur intensit\u00e9 et leur expression peuvent cependant \u00eatre tr\u00e8s diff\u00e9rentes selon les personnes.<br>Les anciennes classifications m\u00e9dicales regroupaient l\u2019autisme avec d\u2019autres troubles sous l\u2019appellation de troubles envahissants du d\u00e9veloppement (TED). On y retrouvait notamment le syndrome d\u2019Asperger, le syndrome de Rett, les troubles d\u00e9sint\u00e9gratifs de l\u2019enfance ou encore les TED non sp\u00e9cifi\u00e9s.<br>Il est donc important de ne pas r\u00e9duire l\u2019autisme \u00e0 un profil unique : chaque personne peut pr\u00e9senter des caract\u00e9ristiques et des besoins diff\u00e9rents.<\/li>\n\n\n\n<li><strong>Ses causes restent encore difficiles \u00e0 d\u00e9terminer<br><\/strong>Les causes pr\u00e9cises de l\u2019autisme ne sont pas encore totalement \u00e9tablies. Les recherches sugg\u00e8rent qu\u2019il r\u00e9sulte probablement de l\u2019interaction de plusieurs facteurs, notamment g\u00e9n\u00e9tiques et environnementaux.<br>La g\u00e9n\u00e9tique semble jouer un r\u00f4le important. Plusieurs variations g\u00e9n\u00e9tiques pourraient \u00eatre impliqu\u00e9es dans le d\u00e9veloppement de certains troubles du spectre de l\u2019autisme. Cela ne signifie toutefois pas qu\u2019un seul g\u00e8ne serait responsable de l\u2019autisme. Des facteurs environnementaux sont \u00e9galement \u00e9tudi\u00e9s par les chercheurs. Certaines complications survenues pendant la grossesse ou autour de la naissance, ainsi que diff\u00e9rentes expositions, ont notamment fait l\u2019objet de recherches.<br>Il faut donc \u00e9viter les explications trop simplistes : l\u2019autisme ne peut pas \u00eatre attribu\u00e9 \u00e0 une cause unique.<\/li>\n\n\n\n<li><strong>Il peut \u00eatre associ\u00e9 \u00e0 d\u2019autres troubles<br><\/strong>L\u2019autisme peut parfois s\u2019accompagner d\u2019autres troubles ou probl\u00e8mes de sant\u00e9. Ces associations peuvent varier consid\u00e9rablement d\u2019une personne \u00e0 l\u2019autre.<br>Parmi les troubles fr\u00e9quemment \u00e9tudi\u00e9s figure notamment l\u2019\u00e9pilepsie, qui peut \u00eatre davantage pr\u00e9sente chez les personnes autistes que dans la population g\u00e9n\u00e9rale. Certains enfants peuvent \u00e9galement pr\u00e9senter des difficult\u00e9s ou un retard dans leur d\u00e9veloppement intellectuel.<br>D\u2019autres maladies g\u00e9n\u00e9tiques ou neurologiques peuvent plus rarement \u00eatre associ\u00e9es \u00e0 l\u2019autisme, notamment la scl\u00e9rose tub\u00e9reuse de Bourneville ou le syndrome de l\u2019X fragile. La pr\u00e9sence de troubles associ\u00e9s ne signifie toutefois pas qu\u2019ils concernent toutes les personnes autistes. L\u2019autisme constitue justement un trouble tr\u00e8s h\u00e9t\u00e9rog\u00e8ne, avec des profils extr\u00eamement diff\u00e9rents.<\/li>\n\n\n\n<li><strong>Le diagnostic peut prendre du temps<br><\/strong>Identifier l\u2019autisme n\u2019est pas toujours simple. Il n\u2019existe pas un seul signe permettant \u00e0 lui seul de poser le diagnostic et les manifestations peuvent varier selon l\u2019\u00e2ge et la personne.<br>Les premiers signes peuvent \u00eatre observ\u00e9s d\u00e8s les premi\u00e8res ann\u00e9es de vie. Certaines difficult\u00e9s concernant le langage, les interactions sociales, la communication ou le comportement peuvent progressivement devenir plus visibles.<br>Le diagnostic intervient parfois autour de l\u2019\u00e2ge de 3 ans, mais il peut \u00e9galement \u00eatre pos\u00e9 plus tard. Certains enfants pr\u00e9sentent en effet des signes moins \u00e9vidents ou compensent certaines difficult\u00e9s, ce qui peut retarder leur identification.<br>Un diagnostic repose sur une \u00e9valuation globale du d\u00e9veloppement et du comportement, r\u00e9alis\u00e9e par des professionnels form\u00e9s. Il permet ensuite de mieux comprendre les difficult\u00e9s rencontr\u00e9es et d&rsquo;adapter l\u2019accompagnement aux besoins de la personne.<\/li>\n\n\n\n<li><strong>L\u2019autisme concerne aussi les adultes<br><\/strong>L\u2019autisme n\u2019est pas uniquement une r\u00e9alit\u00e9 de l\u2019enfance. De nombreux adultes peuvent \u00e9galement \u00eatre concern\u00e9s, y compris des personnes qui n\u2019ont jamais re\u00e7u de diagnostic lorsqu\u2019elles \u00e9taient enfants.<br>Il y a plusieurs d\u00e9cennies, les connaissances sur l\u2019autisme \u00e9taient moins d\u00e9velopp\u00e9es et les crit\u00e8res diagnostiques \u00e9taient diff\u00e9rents. Certains adultes ont ainsi pu passer leur enfance et leur adolescence sans que leurs particularit\u00e9s soient identifi\u00e9es.<br>Chez certaines personnes, le diagnostic peut \u00eatre pos\u00e9 \u00e0 l\u2019\u00e2ge adulte apr\u00e8s des ann\u00e9es de difficult\u00e9s dans les relations sociales, la communication ou l\u2019adaptation \u00e0 certaines situations. Cette reconnaissance peut permettre de mieux comprendre son propre fonctionnement et de rechercher un accompagnement adapt\u00e9 aux besoins individuels.<\/li>\n<\/ol>\n\n\n\n<p class=\"wp-block-paragraph\"><strong>Pourquoi un diagnostic pr\u00e9coce peut-il \u00eatre important ?<br><\/strong>Lorsqu\u2019un trouble du spectre de l\u2019autisme est identifi\u00e9 suffisamment t\u00f4t, il devient possible de mettre en place un accompagnement adapt\u00e9 au profil de l\u2019enfant. Celui-ci peut notamment concerner la communication, le langage, les apprentissages ou les interactions sociales.<br>L\u2019objectif n\u2019est pas de faire dispara\u00eetre l\u2019autisme, mais d\u2019aider la personne \u00e0 d\u00e9velopper ses capacit\u00e9s et \u00e0 mieux g\u00e9rer les difficult\u00e9s qui peuvent avoir un impact sur son quotidien. Chez l\u2019adulte \u00e9galement, un diagnostic peut permettre de mieux identifier les besoins et de rechercher les dispositifs d\u2019accompagnement appropri\u00e9s.<\/p>\n\n\n\n<p class=\"wp-block-paragraph\"><strong>\u00c0 retenir<br><\/strong>L\u2019autisme est un trouble du d\u00e9veloppement neurologique complexe et tr\u00e8s variable. Ses causes sont multiples et encore imparfaitement comprises, tandis que le diagnostic peut intervenir \u00e0 diff\u00e9rents \u00e2ges. Il peut \u00e9galement \u00eatre associ\u00e9 \u00e0 d\u2019autres troubles, mais chaque personne pr\u00e9sente un profil qui lui est propre.<br>Mieux conna\u00eetre l\u2019autisme permet surtout de d\u00e9passer les id\u00e9es re\u00e7ues et de favoriser un accompagnement adapt\u00e9 \u00e0 chaque personne.<\/p>\n","protected":false},"excerpt":{"rendered":"<p>Souvent cit\u00e9 mais encore entour\u00e9 de nombreuses id\u00e9es re\u00e7ues, l\u2019autisme reste un trouble du d\u00e9veloppement neurologique encore mal compris. Ses manifestations sont diverses et peuvent varier consid\u00e9rablement d\u2019une personne \u00e0 l\u2019autre. Origines, diagnostic, troubles associ\u00e9s ou prise en charge : voici cinq points essentiels pour mieux comprendre l\u2019autisme, chez l\u2019enfant [&hellip;]<\/p>\n","protected":false},"author":3,"featured_media":67357,"comment_status":"open","ping_status":"open","sticky":false,"template":"","format":"standard","meta":{"footnotes":""},"categories":[64],"tags":[],"class_list":["post-67356","post","type-post","status-publish","format-standard","has-post-thumbnail","hentry","category-sante-magazine"],"_links":{"self":[{"href":"https:\/\/alger16.dz\/index.php?rest_route=\/wp\/v2\/posts\/67356","targetHints":{"allow":["GET"]}}],"collection":[{"href":"https:\/\/alger16.dz\/index.php?rest_route=\/wp\/v2\/posts"}],"about":[{"href":"https:\/\/alger16.dz\/index.php?rest_route=\/wp\/v2\/types\/post"}],"author":[{"embeddable":true,"href":"https:\/\/alger16.dz\/index.php?rest_route=\/wp\/v2\/users\/3"}],"replies":[{"embeddable":true,"href":"https:\/\/alger16.dz\/index.php?rest_route=%2Fwp%2Fv2%2Fcomments&post=67356"}],"version-history":[{"count":1,"href":"https:\/\/alger16.dz\/index.php?rest_route=\/wp\/v2\/posts\/67356\/revisions"}],"predecessor-version":[{"id":67358,"href":"https:\/\/alger16.dz\/index.php?rest_route=\/wp\/v2\/posts\/67356\/revisions\/67358"}],"wp:featuredmedia":[{"embeddable":true,"href":"https:\/\/alger16.dz\/index.php?rest_route=\/wp\/v2\/media\/67357"}],"wp:attachment":[{"href":"https:\/\/alger16.dz\/index.php?rest_route=%2Fwp%2Fv2%2Fmedia&parent=67356"}],"wp:term":[{"taxonomy":"category","embeddable":true,"href":"https:\/\/alger16.dz\/index.php?rest_route=%2Fwp%2Fv2%2Fcategories&post=67356"},{"taxonomy":"post_tag","embeddable":true,"href":"https:\/\/alger16.dz\/index.php?rest_route=%2Fwp%2Fv2%2Ftags&post=67356"}],"curies":[{"name":"wp","href":"https:\/\/api.w.org\/{rel}","templated":true}]}}