{"id":67359,"date":"2026-08-30T22:10:00","date_gmt":"2026-08-30T22:10:00","guid":{"rendered":"https:\/\/alger16.dz\/?p=67359"},"modified":"2026-08-30T15:41:42","modified_gmt":"2026-08-30T15:41:42","slug":"football-gabriel-jesus-le-nouveau-pari-du-barca-pour-son-attaque","status":"publish","type":"post","link":"https:\/\/alger16.dz\/?p=67359","title":{"rendered":"football: Gabriel Jesus, le nouveau pari du Bar\u00e7a pour son attaque"},"content":{"rendered":"\n<p class=\"wp-block-paragraph\">Par A. Amine<\/p>\n\n\n\n<p class=\"wp-block-paragraph\"><strong><em>Le FC Barcelone tient-il enfin son nouveau num\u00e9ro 9 ? Alors que le club catalan cherchait depuis plusieurs semaines un attaquant capable de prendre progressivement le relais de Robert Lewandowski, les dirigeants blaugrana auraient trouv\u00e9 un accord avec Arsenal pour le transfert de Gabriel Jesus.<\/em><\/strong><\/p>\n\n\n\n<figure class=\"wp-block-image size-full\"><img loading=\"lazy\" decoding=\"async\" width=\"687\" height=\"511\" src=\"https:\/\/alger16.dz\/wp-content\/uploads\/2026\/08\/790392237_1639526927732277_4614450848811446503_n.jpg\" alt=\"\" class=\"wp-image-67360\" srcset=\"https:\/\/alger16.dz\/wp-content\/uploads\/2026\/08\/790392237_1639526927732277_4614450848811446503_n.jpg 687w, https:\/\/alger16.dz\/wp-content\/uploads\/2026\/08\/790392237_1639526927732277_4614450848811446503_n-300x223.jpg 300w\" sizes=\"auto, (max-width: 687px) 100vw, 687px\" \/><\/figure>\n\n\n\n<p class=\"wp-block-paragraph\">Une op\u00e9ration qui pourrait rapidement se concr\u00e9tiser, alors que le contrat de l\u2019international br\u00e9silien avec les Gunners court jusqu\u2019en 2027.<\/p>\n\n\n\n<p class=\"wp-block-paragraph\"><strong>Flick voulait un renfort en attaque<br><\/strong>Hansi Flick n\u2019a jamais cach\u00e9 son souhait de disposer d\u2019une nouvelle solution \u00e0 la pointe de son attaque. M\u00eame si l\u2019entra\u00eeneur allemand continue de faire confiance \u00e0 Raphinha dans un r\u00f4le axial, il estime que l\u2019effectif doit \u00eatre renforc\u00e9 \u00e0 ce poste.<br>\u00ab En tant que num\u00e9ro 9, il initie le pressing. Il le fait tr\u00e8s bien. C\u2019est l\u2019un de nos leaders, il sait parfaitement quand se lancer et tout le monde suit son exemple. Il est tr\u00e8s efficace devant le but. Ce n\u2019est pas un probl\u00e8me pour lui \u00bb, expliquait r\u00e9cemment Flick au sujet de Raphinha.<\/p>\n\n\n\n<p class=\"wp-block-paragraph\">Le technicien a \u00e9galement assur\u00e9 que le jeune Hamza Abdelkarim pourrait b\u00e9n\u00e9ficier de temps de jeu cette saison. Malgr\u00e9 tout, le Bar\u00e7a cherchait une solution suppl\u00e9mentaire afin de compenser les d\u00e9parts ou la baisse de disponibilit\u00e9 de certains \u00e9l\u00e9ments offensifs.<\/p>\n\n\n\n<p class=\"wp-block-paragraph\"><strong>Gabriel Jesus plut\u00f4t que Julian Alvarez<br><\/strong>Pendant plusieurs semaines, le nom de Julian Alvarez revenait avec insistance dans les discussions autour du FC Barcelone. Certains m\u00e9dias catalans affirmaient m\u00eame que l\u2019attaquant de l\u2019Atl\u00e9tico de Madrid constituait la priorit\u00e9 absolue du club, avec une formule simple : Alvarez ou rien.<br>La direction catalane aurait finalement chang\u00e9 de strat\u00e9gie. Selon les informations rapport\u00e9es par Mundo Deportivo et Fabrizio Romano, le Bar\u00e7a aurait jet\u00e9 son d\u00e9volu sur Gabriel Jesus et serait parvenu \u00e0 trouver un terrain d\u2019entente avec Arsenal.<br>L\u2019op\u00e9ration serait estim\u00e9e \u00e0 environ 10 millions d\u2019euros, une somme particuli\u00e8rement abordable pour un joueur de cette exp\u00e9rience. Sous contrat avec Arsenal jusqu\u2019en 2027, le Br\u00e9silien ne semble plus occuper une place centrale dans les plans de Mikel Arteta. Une situation qui aurait facilit\u00e9 les n\u00e9gociations entre les deux clubs.<\/p>\n\n\n\n<p class=\"wp-block-paragraph\"><strong>Un profil exp\u00e9riment\u00e9 pour \u00e9pauler l\u2019attaque<br><\/strong>\u00c0 29 ans, Gabriel Jesus poss\u00e8de une solide exp\u00e9rience du tr\u00e8s haut niveau. Form\u00e9 \u00e0 Palmeiras, l\u2019attaquant br\u00e9silien s\u2019\u00e9tait r\u00e9v\u00e9l\u00e9 en Europe sous le maillot de Manchester City avant de rejoindre Arsenal. Sa polyvalence constitue \u00e9galement un atout pour Flick, puisqu\u2019il peut \u00e9voluer comme avant-centre mais \u00e9galement \u00eatre utilis\u00e9 sur les c\u00f4t\u00e9s.<br>Le Bar\u00e7a aurait, par ailleurs, pris des renseignements concernant l\u2019\u00e9tat physique du joueur, notamment au sujet de son genou apr\u00e8s plusieurs blessures r\u00e9centes. Les premiers retours auraient \u00e9t\u00e9 suffisamment rassurants pour permettre au club catalan d\u2019avancer sur le dossier.<br>De son c\u00f4t\u00e9, Gabriel Jesus aurait accueilli tr\u00e8s favorablement la perspective de rejoindre la Catalogne. Le joueur aurait m\u00eame pouss\u00e9 en faveur de cette destination, d\u00e9sireux de relancer sa carri\u00e8re dans un club o\u00f9 il pourrait retrouver davantage de responsabilit\u00e9s.<\/p>\n\n\n\n<p class=\"wp-block-paragraph\"><strong>Une derni\u00e8re saison compliqu\u00e9e \u00e0 Arsenal<br><\/strong>La derni\u00e8re saison n\u2019a pas vraiment permis au Br\u00e9silien de s\u2019imposer durablement \u00e0 Arsenal. Gabriel Jesus n\u2019a inscrit que 3 buts en 14 rencontres de championnat dans un contexte marqu\u00e9 par la concurrence et ses probl\u00e8mes physiques.<br>Son temps de jeu limit\u00e9 l\u2019a naturellement conduit \u00e0 envisager un d\u00e9part cet \u00e9t\u00e9. Plusieurs pistes avaient circul\u00e9, notamment celle menant \u00e0 Naples, mais c\u2019est finalement le FC Barcelone qui semble avoir pris l\u2019avantage.<br>Avec cette arriv\u00e9e, le Bar\u00e7a miserait donc sur un attaquant exp\u00e9riment\u00e9, relativement peu co\u00fbteux et d\u00e9sireux de se relancer. Apr\u00e8s avoir longtemps explor\u00e9 la piste Julian Alvarez, les dirigeants catalans auraient finalement trouv\u00e9 une alternative beaucoup plus accessible.<br>Gabriel Jesus pourrait ainsi devenir le nouveau pari offensif de Hansi Flick et l\u2019une des recrues surprises de l\u2019\u00e9t\u00e9 barcelonais.<br><\/p>\n","protected":false},"excerpt":{"rendered":"<p>Par A. Amine Le FC Barcelone tient-il enfin son nouveau num\u00e9ro 9 ? Alors que le club catalan cherchait depuis plusieurs semaines un attaquant capable de prendre progressivement le relais de Robert Lewandowski, les dirigeants blaugrana auraient trouv\u00e9 un accord avec Arsenal pour le transfert de Gabriel Jesus. Une op\u00e9ration [&hellip;]<\/p>\n","protected":false},"author":3,"featured_media":67360,"comment_status":"open","ping_status":"open","sticky":false,"template":"","format":"standard","meta":{"footnotes":""},"categories":[61],"tags":[],"class_list":["post-67359","post","type-post","status-publish","format-standard","has-post-thumbnail","hentry","category-sport"],"_links":{"self":[{"href":"https:\/\/alger16.dz\/index.php?rest_route=\/wp\/v2\/posts\/67359","targetHints":{"allow":["GET"]}}],"collection":[{"href":"https:\/\/alger16.dz\/index.php?rest_route=\/wp\/v2\/posts"}],"about":[{"href":"https:\/\/alger16.dz\/index.php?rest_route=\/wp\/v2\/types\/post"}],"author":[{"embeddable":true,"href":"https:\/\/alger16.dz\/index.php?rest_route=\/wp\/v2\/users\/3"}],"replies":[{"embeddable":true,"href":"https:\/\/alger16.dz\/index.php?rest_route=%2Fwp%2Fv2%2Fcomments&post=67359"}],"version-history":[{"count":1,"href":"https:\/\/alger16.dz\/index.php?rest_route=\/wp\/v2\/posts\/67359\/revisions"}],"predecessor-version":[{"id":67361,"href":"https:\/\/alger16.dz\/index.php?rest_route=\/wp\/v2\/posts\/67359\/revisions\/67361"}],"wp:featuredmedia":[{"embeddable":true,"href":"https:\/\/alger16.dz\/index.php?rest_route=\/wp\/v2\/media\/67360"}],"wp:attachment":[{"href":"https:\/\/alger16.dz\/index.php?rest_route=%2Fwp%2Fv2%2Fmedia&parent=67359"}],"wp:term":[{"taxonomy":"category","embeddable":true,"href":"https:\/\/alger16.dz\/index.php?rest_route=%2Fwp%2Fv2%2Fcategories&post=67359"},{"taxonomy":"post_tag","embeddable":true,"href":"https:\/\/alger16.dz\/index.php?rest_route=%2Fwp%2Fv2%2Ftags&post=67359"}],"curies":[{"name":"wp","href":"https:\/\/api.w.org\/{rel}","templated":true}]}}