{"id":67365,"date":"2026-08-30T22:11:00","date_gmt":"2026-08-30T22:11:00","guid":{"rendered":"https:\/\/alger16.dz\/?p=67365"},"modified":"2026-08-30T15:44:38","modified_gmt":"2026-08-30T15:44:38","slug":"mercato-aux-dernieres-heureslusm-alger-a-presente-samedi-dernier-farid-boulaya","status":"publish","type":"post","link":"https:\/\/alger16.dz\/?p=67365","title":{"rendered":"MERCATO:  Aux derni\u00e8res heures\u2026L\u2019USM Alger a pr\u00e9sent\u00e9 samedi dernier Farid Boulaya"},"content":{"rendered":"\n<p class=\"wp-block-paragraph\">Par Djaffar Chilab<\/p>\n\n\n\n<figure class=\"wp-block-image size-large\"><img loading=\"lazy\" decoding=\"async\" width=\"1024\" height=\"683\" src=\"https:\/\/alger16.dz\/wp-content\/uploads\/2026\/08\/boulaya-copie-1024x683.jpg\" alt=\"\" class=\"wp-image-67366\" srcset=\"https:\/\/alger16.dz\/wp-content\/uploads\/2026\/08\/boulaya-copie-1024x683.jpg 1024w, https:\/\/alger16.dz\/wp-content\/uploads\/2026\/08\/boulaya-copie-300x200.jpg 300w, https:\/\/alger16.dz\/wp-content\/uploads\/2026\/08\/boulaya-copie-768x512.jpg 768w, https:\/\/alger16.dz\/wp-content\/uploads\/2026\/08\/boulaya-copie-1536x1024.jpg 1536w, https:\/\/alger16.dz\/wp-content\/uploads\/2026\/08\/boulaya-copie-2048x1366.jpg 2048w\" sizes=\"auto, (max-width: 1024px) 100vw, 1024px\" \/><\/figure>\n\n\n\n<p class=\"wp-block-paragraph\">La formation de l\u2019USM Alger a pr\u00e9sent\u00e9 avant-hier sa nouvelle recrue, le franco-alg\u00e9rien Farid Boulaya. L\u2019USMA a post\u00e9 sur ses r\u00e9seaux des photos de la c\u00e9r\u00e9monie de signature de son nouveau milieu offensif posant avec le maillot rouge et Noir du club aux c\u00f4t\u00e9s du pr\u00e9sident du Conseil d\u2019Administration du club Nouioua. Les deux parties avaient un accord depuis le 20 ao\u00fbt dernier, mais ce n\u2019est qu\u2019avant-hier que le joueur a rejoint son \u00e9quipe et a appos\u00e9 sa signature sur le contrat qui le lie d\u00e9sormais au club de Soustara jusqu\u2019en 2028. Farid Boulaya est \u00e2g\u00e9 de 33 ans et \u00e9volue au poste de milieu offensif. Il a \u00e9t\u00e9 international alg\u00e9rien apr\u00e8s s&rsquo;\u00eatre fait remarqu\u00e9 lors de son passage au FC Metz qu&rsquo;il quitta plus tard pour aller entamer une nouvelle aventure au Qatar, puis en Serbie.<br><\/p>\n\n\n\n<p class=\"wp-block-paragraph\"><strong>Riad Benayada rejoint l\u2019ES S\u00e9tif<br><\/strong>La direction de l\u2019ES S\u00e9tif a officialis\u00e9, le week-end \u00e9coul\u00e9, sa 14e recrue de ce mercato d\u2019intersaison qui touche \u00e0 sa fin. Il s\u2019agit de l\u2019ex-Usmiste Riad Benayada qui refait, \u00e0 l\u2019occasion, un autre passage chez les Aigles noirs dont il avait d\u00e9j\u00e0 port\u00e9 les couleurs lors de la saison 2021 \u2013 2022, alors qu\u2019il d\u00e9barquait \u00e0 titre de pr\u00eat du Paradou AC. Mais il n\u2019est pas rest\u00e9 longtemps puisque la saison d\u2019apr\u00e8s, il est all\u00e9 signer chez l\u2019ES Tunis avant de tenter une autre exp\u00e9rience chez le Raja de Casablanca pour revenir ensuite en Ligue 1 par la porte de l\u2019USMA. Selon le pr\u00e9sident ententiste, Farid Mellouli, c\u2019est le coach Hamada qui a appuy\u00e9 ce recrutement apr\u00e8s avoir visionn\u00e9 plusieurs vid\u00e9os du joueur.<\/p>\n\n\n\n<p class=\"wp-block-paragraph\"><strong>L\u2019attaquant franco- alg\u00e9rien Ouamri signe \u00e0 l\u2019O Akbou<br><\/strong>L&rsquo;Olympique Akbou a annonc\u00e9, samedi dernier, la signature de Mehdi Ouamri pour les deux prochaines saisons. Ag\u00e9 de 27 ans, l&rsquo;ancien avant-centre du club sud-africain TS Galaxy s&rsquo;est officiellement engag\u00e9 avec le club akboucien, apr\u00e8s la finalisation de l&rsquo;ensemble des d\u00e9marches administratives. Form\u00e9 \u00e0 l&rsquo;acad\u00e9mie belge du Standard de Li\u00e8ge, il rejoint l\u2019OA pour relever de nouveaux d\u00e9fis. \u00abNous lui souhaitons la bienvenue au sein de la grande famille de l&rsquo;Olympique Akbou et beaucoup de r\u00e9ussite sous nos couleurs\u00bb, a conclu le communiqu\u00e9 diffus\u00e9 par le club. <\/p>\n","protected":false},"excerpt":{"rendered":"<p>Par Djaffar Chilab La formation de l\u2019USM Alger a pr\u00e9sent\u00e9 avant-hier sa nouvelle recrue, le franco-alg\u00e9rien Farid Boulaya. L\u2019USMA a post\u00e9 sur ses r\u00e9seaux des photos de la c\u00e9r\u00e9monie de signature de son nouveau milieu offensif posant avec le maillot rouge et Noir du club aux c\u00f4t\u00e9s du pr\u00e9sident du [&hellip;]<\/p>\n","protected":false},"author":3,"featured_media":67366,"comment_status":"open","ping_status":"open","sticky":false,"template":"","format":"standard","meta":{"footnotes":""},"categories":[61],"tags":[],"class_list":["post-67365","post","type-post","status-publish","format-standard","has-post-thumbnail","hentry","category-sport"],"_links":{"self":[{"href":"https:\/\/alger16.dz\/index.php?rest_route=\/wp\/v2\/posts\/67365","targetHints":{"allow":["GET"]}}],"collection":[{"href":"https:\/\/alger16.dz\/index.php?rest_route=\/wp\/v2\/posts"}],"about":[{"href":"https:\/\/alger16.dz\/index.php?rest_route=\/wp\/v2\/types\/post"}],"author":[{"embeddable":true,"href":"https:\/\/alger16.dz\/index.php?rest_route=\/wp\/v2\/users\/3"}],"replies":[{"embeddable":true,"href":"https:\/\/alger16.dz\/index.php?rest_route=%2Fwp%2Fv2%2Fcomments&post=67365"}],"version-history":[{"count":1,"href":"https:\/\/alger16.dz\/index.php?rest_route=\/wp\/v2\/posts\/67365\/revisions"}],"predecessor-version":[{"id":67367,"href":"https:\/\/alger16.dz\/index.php?rest_route=\/wp\/v2\/posts\/67365\/revisions\/67367"}],"wp:featuredmedia":[{"embeddable":true,"href":"https:\/\/alger16.dz\/index.php?rest_route=\/wp\/v2\/media\/67366"}],"wp:attachment":[{"href":"https:\/\/alger16.dz\/index.php?rest_route=%2Fwp%2Fv2%2Fmedia&parent=67365"}],"wp:term":[{"taxonomy":"category","embeddable":true,"href":"https:\/\/alger16.dz\/index.php?rest_route=%2Fwp%2Fv2%2Fcategories&post=67365"},{"taxonomy":"post_tag","embeddable":true,"href":"https:\/\/alger16.dz\/index.php?rest_route=%2Fwp%2Fv2%2Ftags&post=67365"}],"curies":[{"name":"wp","href":"https:\/\/api.w.org\/{rel}","templated":true}]}}