{"id":67368,"date":"2026-08-30T22:16:00","date_gmt":"2026-08-30T22:16:00","guid":{"rendered":"https:\/\/alger16.dz\/?p=67368"},"modified":"2026-08-30T15:48:16","modified_gmt":"2026-08-30T15:48:16","slug":"affaire-ayoub-aissiou-les-medias-francais-au-coeur-dune-nouvelle-offensive-contre-lalgerie","status":"publish","type":"post","link":"https:\/\/alger16.dz\/?p=67368","title":{"rendered":"affaire Ayoub A\u00efssiou: les m\u00e9dias fran\u00e7ais au c\u0153ur d\u2019une nouvelle offensive contre l\u2019Alg\u00e9rie"},"content":{"rendered":"\n<p class=\"wp-block-paragraph\">Par G. Salah Eddine<\/p>\n\n\n\n<p class=\"wp-block-paragraph\"><strong><em>\u00c0 quelques semaines de l\u2019examen par la justice espagnole de la demande d\u2019extradition d\u2019Ayoub A\u00efssiou, une nouvelle bataille se pr\u00e9pare autour de l\u2019affaire. Selon l\u2019APS, TF1 et France T\u00e9l\u00e9visions s\u2019appr\u00eateraient \u00e0 consacrer des sujets au dossier dans une nouvelle tentative d\u2019instrumentalisation m\u00e9diatique visant \u00e0 peser sur le processus judiciaire.<\/em><\/strong><\/p>\n\n\n\n<figure class=\"wp-block-image size-full\"><img loading=\"lazy\" decoding=\"async\" width=\"663\" height=\"426\" src=\"https:\/\/alger16.dz\/wp-content\/uploads\/2026\/08\/medias-1.jpg\" alt=\"\" class=\"wp-image-67369\" srcset=\"https:\/\/alger16.dz\/wp-content\/uploads\/2026\/08\/medias-1.jpg 663w, https:\/\/alger16.dz\/wp-content\/uploads\/2026\/08\/medias-1-300x193.jpg 300w\" sizes=\"auto, (max-width: 663px) 100vw, 663px\" \/><\/figure>\n\n\n\n<p class=\"wp-block-paragraph\"><br>\u00c0 mesure que l\u2019\u00e9ch\u00e9ance judiciaire approche, le dossier A\u00efssiou change de terrain. Apr\u00e8s les tribunaux, les plateaux de t\u00e9l\u00e9vision. Apr\u00e8s les mandats d\u2019arr\u00eat, les tribunes et les appels publics. Et derri\u00e8re cette agitation, une question qui d\u00e9passe d\u00e9sormais le seul cas de cet homme d\u2019affaires : jusqu\u2019o\u00f9 certains m\u00e9dias fran\u00e7ais sont-ils pr\u00eats \u00e0 aller pour transformer une affaire judiciaire impliquant l\u2019Alg\u00e9rie en nouvelle offensive m\u00e9diatique contre Alger ?<br>L\u2019affaire Ayoub A\u00efssiou semble, en effet, entrer dans une nouvelle phase. Alors que l\u2019homme d\u2019affaires et ancien responsable de la cha\u00eene El Djazairia One est d\u00e9tenu en Espagne, apr\u00e8s l\u2019ex\u00e9cution d\u2019un mandat d\u2019arr\u00eat international \u00e9mis par la justice alg\u00e9rienne, des voix commencent \u00e0 s\u2019\u00e9lever en France pour contester son extradition vers l\u2019Alg\u00e9rie.<br>Une mobilisation qui intervient \u00e0 un moment particuli\u00e8rement sensible : la justice espagnole doit prochainement examiner la demande d\u2019extradition formul\u00e9e par Alger.<br>Dans une d\u00e9p\u00eache intitul\u00e9e \u00ab Des m\u00e9dias fran\u00e7ais se pr\u00e9parent \u00e0 d\u00e9fendre le cas A\u00efssiou : une op\u00e9ration de propagande \u00e9cul\u00e9e et st\u00e9rile \u00bb, l\u2019Alg\u00e9rie Presse Service (APS) donne le ton. Elle affirme que \u00ab la machine de propagande fran\u00e7aise se pr\u00e9pare \u00e0 mener une nouvelle campagne subversive contre l\u2019Alg\u00e9rie \u00bb, en mobilisant notamment des m\u00e9dias fran\u00e7ais autour du cas A\u00efssiou.<br>L\u2019agence ajoute que TF1 et France T\u00e9l\u00e9visions s\u2019appr\u00eateraient \u00e0 consacrer des sujets \u00e0 cette affaire afin de d\u00e9fendre le d\u00e9tenu alg\u00e9rien. Une offensive qui, selon l\u2019APS, ne serait pas sans arri\u00e8re-pens\u00e9e, puisqu\u2019elle viserait \u00e0 exercer une pression m\u00e9diatique susceptible d\u2019influencer la justice espagnole au moment o\u00f9 celle-ci doit se prononcer sur la demande d\u2019extradition. Pour comprendre la port\u00e9e de cette nouvelle s\u00e9quence, il faut revenir au c\u0153ur du dossier. Ayoub A\u00efssiou est consid\u00e9r\u00e9 par la justice alg\u00e9rienne comme un fugitif faisant l\u2019objet de condamnations pour plusieurs chefs d\u2019accusation, notamment le vol, la dilapidation de deniers publics, le blanchiment d\u2019argent, le financement d\u2019acteurs qualifi\u00e9s de subversifs et la spoliation de biens de citoyens.<br>Son arrestation en Espagne, le 25 juillet dernier, \u00e0 l\u2019a\u00e9roport de Barcelone, est intervenue sur la base d\u2019un mandat d\u2019arr\u00eat international \u00e9mis par la justice alg\u00e9rienne. Il est depuis d\u00e9tenu en Espagne dans l\u2019attente de la suite de la proc\u00e9dure d\u2019extradition.<br>Mais pendant que la justice suit son cours, un autre front s\u2019est ouvert, beaucoup plus bruyant : celui de la communication. En France, une vingtaine de personnalit\u00e9s, bien connues pour leur haine visc\u00e9rale de tous ce qui est alg\u00e9rien, se sont mobilis\u00e9es en faveur d\u2019A\u00efssiou. Ces haineux de l\u2019Alg\u00e9rie ont notamment adress\u00e9 un appel \u00e0 Emmanuel Macron et au chef du gouvernement espagnol Pedro S\u00e1nchez pour demander sa lib\u00e9ration et s\u2019opposer \u00e0 son extradition vers l\u2019Alg\u00e9rie.<br>L\u2019initiative a rapidement d\u00e9pass\u00e9 le cercle de ses signataires, relay\u00e9e par diff\u00e9rents m\u00e9dias fran\u00e7ais et espagnols. Le dossier commence ainsi \u00e0 \u00eatre pr\u00e9sent\u00e9 sous un autre angle, celui des libert\u00e9s, des droits humains et de la pr\u00e9tendue dimension politique des poursuites.<br>C\u2019est pr\u00e9cis\u00e9ment cette \u00e9volution qu\u2019Alger d\u00e9nonce. Dans sa d\u00e9p\u00eache, l\u2019APS estime ainsi que cette mobilisation participe \u00e0 une tentative de pression autour de la proc\u00e9dure espagnole.<br>\u00ab Par cette nouvelle op\u00e9ration de subversion, qui vise \u00e0 influencer la justice espagnole \u00bb, \u00e9crit l\u2019agence, \u00ab la France confirme sa r\u00e9putation de d\u00e9fenseur et de protecteur de tout acteur qui agit contre l\u2019Alg\u00e9rie \u00bb.<br>Le message est clair : pour Alger, il ne s\u2019agit pas simplement de journalisme ou d\u2019un int\u00e9r\u00eat soudain pour le sort d\u2019un justiciable. Il s\u2019agit d\u2019une m\u00e9canique d\u00e9j\u00e0 observ\u00e9e dans plusieurs dossiers alg\u00e9ro-fran\u00e7ais, o\u00f9 une proc\u00e9dure judiciaire est progressivement sortie de son cadre pour devenir un objet de confrontation politique et m\u00e9diatique.<br>Le proc\u00e9d\u00e9 est d\u2019ailleurs particuli\u00e8rement efficace. Il suffit de d\u00e9placer le centre de gravit\u00e9 du d\u00e9bat : les accusations disparaissent derri\u00e8re le portrait de \u00ab l\u2019opposant \u00bb, la proc\u00e9dure judiciaire derri\u00e8re celui de \u00ab la pers\u00e9cution \u00bb et les d\u00e9cisions de justice derri\u00e8re une mobilisation internationale soigneusement m\u00e9diatis\u00e9e.<\/p>\n\n\n\n<p class=\"wp-block-paragraph\"><strong>Le vieux sc\u00e9nario remis au go\u00fbt du jour<br><\/strong>Pour l\u2019APS, cette s\u00e9quence n\u2019a rien d\u2019in\u00e9dit. L\u2019agence consid\u00e8re que Paris r\u00e9active un \u00abmode op\u00e9ratoire \u00e9cul\u00e9 \u00bb consistant \u00e0 ouvrir ses m\u00e9dias \u00e0 des personnalit\u00e9s en conflit avec Alger et \u00e0 les transformer en relais d\u2019une confrontation politique avec l\u2019Alg\u00e9rie.<br>\u00ab En ouvrant ses m\u00e9dias \u00e0 ces truands et criminels, la France r\u00e9active ainsi son mode op\u00e9ratoire \u00e9cul\u00e9 pour s\u2019attaquer \u00e0 l\u2019Alg\u00e9rie et en faire ses proxys \u00bb, \u00e9crit encore l\u2019APS.<br>Une accusation qui prend place dans un contexte de relations alg\u00e9ro-fran\u00e7aises d\u00e9j\u00e0 marqu\u00e9es par de profondes tensions. Depuis plusieurs ann\u00e9es, les dossiers judiciaires, diplomatiques et m\u00e9diatiques s\u2019entrecroisent r\u00e9guli\u00e8rement, donnant naissance \u00e0 une v\u00e9ritable guerre des r\u00e9cits dans laquelle l\u2019Alg\u00e9rie refuse d\u00e9sormais de laisser s\u2019installer, sans r\u00e9ponse, les lectures fabriqu\u00e9es depuis l\u2019autre rive de la M\u00e9diterran\u00e9e.<br>L\u2019affaire A\u00efssiou vient ainsi s\u2019ajouter \u00e0 une longue s\u00e9rie de s\u00e9quences o\u00f9 certains m\u00e9dias fran\u00e7ais se sont transform\u00e9s en tribunes privil\u00e9gi\u00e9es pour des voix hostiles \u00e0 Alger. Et le timing interpelle. Alors que la justice espagnole doit prochainement se pencher sur l\u2019extradition, la pression m\u00e9diatique s\u2019intensifie. Des personnalit\u00e9s prennent position, des appels circulent et, selon l\u2019APS, de nouveaux sujets t\u00e9l\u00e9vis\u00e9s se pr\u00e9parent.<br>Le hasard fait parfois bien les choses. Enfin, surtout lorsqu\u2019il s\u2019agit de t\u00e9l\u00e9vision.<\/p>\n\n\n\n<p class=\"wp-block-paragraph\"><strong>Une mobilisation qui ne date pas d\u2019hier<br><\/strong>Notons que, ces derni\u00e8res semaines, plusieurs m\u00e9dias alg\u00e9riens ont \u00e9galement consacr\u00e9 de larges d\u00e9veloppements aux r\u00e9seaux auxquels Ayoub A\u00efssiou serait li\u00e9.<br>Le quotidien El Watan a notamment \u00e9voqu\u00e9, sous le titre \u00ab Connexions isra\u00e9liennes et lobbies de l\u2019ombre \u00bb, de pr\u00e9sum\u00e9es connexions avec des cercles proches de l\u2019entit\u00e9 sioniste et du Makhzen, ainsi que l\u2019existence d\u2019une mobilisation visant \u00e0 emp\u00eacher son extradition vers l\u2019Alg\u00e9rie. Le quotidien revient \u00e9galement sur son d\u00e9part vers la France, en 2019, et sur les contacts qu\u2019il aurait nou\u00e9s depuis avec diff\u00e9rents r\u00e9seaux d\u2019influence en France, en Suisse, au Maroc et en Isra\u00ebl. D\u2019autres titres ont adopt\u00e9 un ton tout aussi offensif. Le Jour d\u2019Alg\u00e9rie estime qu\u2019A\u00efssiou devient \u00ab le nouvel ingr\u00e9dient d\u2019une recette connue \u00bb, fond\u00e9e sur \u00abun peu de pol\u00e9mique, beaucoup de dramatisation \u00bb pour transformer une affaire judiciaire en cause politique. El-Khabar, de son c\u00f4t\u00e9, s\u2019est interrog\u00e9 sur le soutien apport\u00e9 \u00e0 A\u00efssiou par certaines personnalit\u00e9s fran\u00e7aises, \u00e9voquant des \u00ab liens \u00e9troits \u00bb avec le Makhzen et des cercles pro-isra\u00e9liens. Ces prises de position montrent que la bataille autour de l\u2019affaire est d\u00e9j\u00e0 largement engag\u00e9e. Avant m\u00eame que la justice espagnole ne rende sa d\u00e9cision, chacun cherche \u00e0 imposer son r\u00e9cit, \u00e0 d\u00e9finir la victime, le coupable et le r\u00f4le de chacun.<br>Reste d\u00e9sormais \u00e0 savoir jusqu\u2019o\u00f9 cette nouvelle offensive pourra aller. La justice espagnole demeure seule comp\u00e9tente pour examiner la demande d\u2019extradition et appr\u00e9cier les \u00e9l\u00e9ments qui lui sont soumis. Les plateaux de t\u00e9l\u00e9vision, les tribunes d\u2019intellectuels et les campagnes m\u00e9diatiques peuvent cr\u00e9er du bruit, mais ils ne devraient pas se substituer au droit.<br>L\u2019APS ne cache d\u2019ailleurs pas son scepticisme et estime que cette nouvelle tentative conna\u00eetra le m\u00eame sort que les pr\u00e9c\u00e9dentes, qualifi\u00e9es d\u2019\u00abacharnement st\u00e9rile et sans impact \u00bb.<br>Une chose est certaine : la justice espagnole n\u2019est pas un plateau de t\u00e9l\u00e9vision fran\u00e7ais.<br><\/p>\n","protected":false},"excerpt":{"rendered":"<p>Par G. Salah Eddine \u00c0 quelques semaines de l\u2019examen par la justice espagnole de la demande d\u2019extradition d\u2019Ayoub A\u00efssiou, une nouvelle bataille se pr\u00e9pare autour de l\u2019affaire. Selon l\u2019APS, TF1 et France T\u00e9l\u00e9visions s\u2019appr\u00eateraient \u00e0 consacrer des sujets au dossier dans une nouvelle tentative d\u2019instrumentalisation m\u00e9diatique visant \u00e0 peser sur [&hellip;]<\/p>\n","protected":false},"author":3,"featured_media":67369,"comment_status":"open","ping_status":"open","sticky":false,"template":"","format":"standard","meta":{"footnotes":""},"categories":[36,65],"tags":[],"class_list":["post-67368","post","type-post","status-publish","format-standard","has-post-thumbnail","hentry","category-actualites","category-monde"],"_links":{"self":[{"href":"https:\/\/alger16.dz\/index.php?rest_route=\/wp\/v2\/posts\/67368","targetHints":{"allow":["GET"]}}],"collection":[{"href":"https:\/\/alger16.dz\/index.php?rest_route=\/wp\/v2\/posts"}],"about":[{"href":"https:\/\/alger16.dz\/index.php?rest_route=\/wp\/v2\/types\/post"}],"author":[{"embeddable":true,"href":"https:\/\/alger16.dz\/index.php?rest_route=\/wp\/v2\/users\/3"}],"replies":[{"embeddable":true,"href":"https:\/\/alger16.dz\/index.php?rest_route=%2Fwp%2Fv2%2Fcomments&post=67368"}],"version-history":[{"count":1,"href":"https:\/\/alger16.dz\/index.php?rest_route=\/wp\/v2\/posts\/67368\/revisions"}],"predecessor-version":[{"id":67370,"href":"https:\/\/alger16.dz\/index.php?rest_route=\/wp\/v2\/posts\/67368\/revisions\/67370"}],"wp:featuredmedia":[{"embeddable":true,"href":"https:\/\/alger16.dz\/index.php?rest_route=\/wp\/v2\/media\/67369"}],"wp:attachment":[{"href":"https:\/\/alger16.dz\/index.php?rest_route=%2Fwp%2Fv2%2Fmedia&parent=67368"}],"wp:term":[{"taxonomy":"category","embeddable":true,"href":"https:\/\/alger16.dz\/index.php?rest_route=%2Fwp%2Fv2%2Fcategories&post=67368"},{"taxonomy":"post_tag","embeddable":true,"href":"https:\/\/alger16.dz\/index.php?rest_route=%2Fwp%2Fv2%2Ftags&post=67368"}],"curies":[{"name":"wp","href":"https:\/\/api.w.org\/{rel}","templated":true}]}}