{"id":67375,"date":"2026-08-30T16:32:03","date_gmt":"2026-08-30T16:32:03","guid":{"rendered":"https:\/\/alger16.dz\/?p=67375"},"modified":"2026-08-30T16:32:03","modified_gmt":"2026-08-30T16:32:03","slug":"en-hommage-aux-victimes-des-incendies-le-president-tebboune-observe-une-minute-de-silence","status":"publish","type":"post","link":"https:\/\/alger16.dz\/?p=67375","title":{"rendered":"En hommage aux victimes des incendies\u00a0: Le pr\u00e9sident Tebboune observe une minute de silence"},"content":{"rendered":"\n<p class=\"wp-block-paragraph\"><\/p>\n\n\n\n<p class=\"wp-block-paragraph\"><strong>Le pr\u00e9sident de la R\u00e9publique, Chef supr\u00eame des Forces arm\u00e9es, ministre de la D\u00e9fense nationale, M. Abdelmadjid Tebboune, a observ\u00e9, ce dimanche au si\u00e8ge de la Pr\u00e9sidence de la R\u00e9publique, une minute de silence, aux c\u00f4t\u00e9s des hauts responsables civils et militaires de l&rsquo;\u00c9tat, en hommage aux \u00e2mes des victimes des incendies qui ont touch\u00e9 les habitants de certaines wilayas du centre et de l&rsquo;est de notre pays.<\/strong><\/p>\n\n\n\n<p class=\"wp-block-paragraph\">Pour rappel, le pr\u00e9sident de la R\u00e9publique a pr\u00e9sid\u00e9 une r\u00e9union consacr\u00e9e \u00e0 la prise des mesures n\u00e9cessaires \u00e0 la prise en charge des cons\u00e9quences et des effets des r\u00e9cents incendies ayant touch\u00e9 plusieurs wilayas de l&rsquo;Est et du Centre du pays.<\/p>\n","protected":false},"excerpt":{"rendered":"<p>Le pr\u00e9sident de la R\u00e9publique, Chef supr\u00eame des Forces arm\u00e9es, ministre de la D\u00e9fense nationale, M. Abdelmadjid Tebboune, a observ\u00e9, ce dimanche au si\u00e8ge de la Pr\u00e9sidence de la R\u00e9publique, une minute de silence, aux c\u00f4t\u00e9s des hauts responsables civils et militaires de l&rsquo;\u00c9tat, en hommage aux \u00e2mes des victimes [&hellip;]<\/p>\n","protected":false},"author":3,"featured_media":67376,"comment_status":"open","ping_status":"open","sticky":false,"template":"","format":"standard","meta":{"footnotes":""},"categories":[236,36],"tags":[],"class_list":["post-67375","post","type-post","status-publish","format-standard","has-post-thumbnail","hentry","category-a-la-une","category-actualites"],"_links":{"self":[{"href":"https:\/\/alger16.dz\/index.php?rest_route=\/wp\/v2\/posts\/67375","targetHints":{"allow":["GET"]}}],"collection":[{"href":"https:\/\/alger16.dz\/index.php?rest_route=\/wp\/v2\/posts"}],"about":[{"href":"https:\/\/alger16.dz\/index.php?rest_route=\/wp\/v2\/types\/post"}],"author":[{"embeddable":true,"href":"https:\/\/alger16.dz\/index.php?rest_route=\/wp\/v2\/users\/3"}],"replies":[{"embeddable":true,"href":"https:\/\/alger16.dz\/index.php?rest_route=%2Fwp%2Fv2%2Fcomments&post=67375"}],"version-history":[{"count":1,"href":"https:\/\/alger16.dz\/index.php?rest_route=\/wp\/v2\/posts\/67375\/revisions"}],"predecessor-version":[{"id":67377,"href":"https:\/\/alger16.dz\/index.php?rest_route=\/wp\/v2\/posts\/67375\/revisions\/67377"}],"wp:featuredmedia":[{"embeddable":true,"href":"https:\/\/alger16.dz\/index.php?rest_route=\/wp\/v2\/media\/67376"}],"wp:attachment":[{"href":"https:\/\/alger16.dz\/index.php?rest_route=%2Fwp%2Fv2%2Fmedia&parent=67375"}],"wp:term":[{"taxonomy":"category","embeddable":true,"href":"https:\/\/alger16.dz\/index.php?rest_route=%2Fwp%2Fv2%2Fcategories&post=67375"},{"taxonomy":"post_tag","embeddable":true,"href":"https:\/\/alger16.dz\/index.php?rest_route=%2Fwp%2Fv2%2Ftags&post=67375"}],"curies":[{"name":"wp","href":"https:\/\/api.w.org\/{rel}","templated":true}]}}