{"id":67397,"date":"2026-08-31T11:21:12","date_gmt":"2026-08-31T11:21:12","guid":{"rendered":"https:\/\/alger16.dz\/?p=67397"},"modified":"2026-08-31T11:21:12","modified_gmt":"2026-08-31T11:21:12","slug":"convocation-du-corps-electoral-lancement-du-processus-des-elections-locales-dans-le-contexte-du-nouveau-decoupage-territorial","status":"publish","type":"post","link":"https:\/\/alger16.dz\/?p=67397","title":{"rendered":"Convocation du corps \u00e9lectoral : Lancement du processus des \u00e9lections locales dans le contexte du nouveau d\u00e9coupage territorial"},"content":{"rendered":"\n<h1 class=\"wp-block-heading\"><\/h1>\n\n\n\n<p class=\"wp-block-paragraph\">&nbsp;Suite \u00e0 la convocation du corps \u00e9lectoral par le pr\u00e9sident de la R\u00e9publique, M. Abdelmadjid Tebboune, pour l&rsquo;\u00e9lection des membres des Assembl\u00e9es populaires communales et des wilayas, pr\u00e9vue le samedi 28 novembre prochain, le processus relatif \u00e0 cette \u00e9ch\u00e9ance \u00e9lectorale est officiellement lanc\u00e9, dans un contexte marqu\u00e9 par l&rsquo;entr\u00e9e en application du nouveau d\u00e9coupage territorial du pays.<\/p>\n\n\n\n<figure class=\"wp-block-image size-full\"><img loading=\"lazy\" decoding=\"async\" width=\"713\" height=\"430\" src=\"https:\/\/alger16.dz\/wp-content\/uploads\/2026\/08\/image-46.webp\" alt=\"\" class=\"wp-image-67404\" srcset=\"https:\/\/alger16.dz\/wp-content\/uploads\/2026\/08\/image-46.webp 713w, https:\/\/alger16.dz\/wp-content\/uploads\/2026\/08\/image-46-300x181.webp 300w\" sizes=\"auto, (max-width: 713px) 100vw, 713px\" \/><\/figure>\n\n\n\n<p class=\"wp-block-paragraph\">Ces \u00e9lections locales se d\u00e9rouleront dans le cadre d&rsquo;une nouvelle cartographie administrative du pays, marqu\u00e9e par la cr\u00e9ation de nouvelles wilayas, entra\u00eenant une nouvelle r\u00e9partition des circonscriptions \u00e9lectorales ainsi que du nombre de si\u00e8ges au sein des Assembl\u00e9es populaires communales et de wilayas.<\/p>\n\n\n\n<p class=\"wp-block-paragraph\">Suite \u00e0 la convocation du corps \u00e9lectoral pour ces \u00e9ch\u00e9ances, il sera proc\u00e9d\u00e9 \u00e0 la r\u00e9vision exceptionnelle des listes \u00e9lectorales, qui constitue l&rsquo;une des principales \u00e9tapes pr\u00e9c\u00e9dant le scrutin, avant de passer aux autres \u00e9tapes de l&rsquo;op\u00e9ration \u00e9lectorale, conform\u00e9ment au calendrier fix\u00e9 par l&rsquo;Autorit\u00e9 nationale ind\u00e9pendante des \u00e9lections (ANIE).<\/p>\n\n\n\n<p class=\"wp-block-paragraph\">Ainsi, cette r\u00e9vision exceptionnelle d\u00e9butera dimanche 6 septembre prochain et prendra fin jeudi 17 du m\u00eame mois, et ce, conform\u00e9ment aux dispositions du d\u00e9cret pr\u00e9sidentiel n 26-284 du 29 ao\u00fbt 2026, portant convocation du corps \u00e9lectoral pour l&rsquo;\u00e9lection des membres des Assembl\u00e9es populaires communales et de wilayas.<\/p>\n\n\n\n<p class=\"wp-block-paragraph\">A ce titre, la loi organique relative au r\u00e9gime \u00e9lectoral dispose, dans son article 123, que le corps \u00e9lectoral est convoqu\u00e9 par d\u00e9cret pr\u00e9sidentiel trois mois avant la date du scrutin. Son article 169 pr\u00e9cise, quant \u00e0 lui, que les membres des Assembl\u00e9es populaires communales et de wilayas sont \u00e9lus pour un mandat de cinq ans, selon le mode de scrutin de liste ouverte \u00e0 la repr\u00e9sentation proportionnelle avec vote pr\u00e9f\u00e9rentiel, sans panachage.<\/p>\n\n\n\n<p class=\"wp-block-paragraph\">L&rsquo;article 124 de la loi pr\u00e9voit \u00e9galement que les circonscriptions \u00e9lectorales et le nombre de si\u00e8ges \u00e0 pourvoir pour les \u00e9lections des Assembl\u00e9es populaires communales et de wilayas sont fix\u00e9s par voie r\u00e9glementaire.<\/p>\n\n\n\n<p class=\"wp-block-paragraph\">Ces \u00e9lections interviennent \u00e9galement dans le cadre de la loi relative au nouveau d\u00e9coupage territorial du pays du pays, dont l&rsquo;article 3 dispose que ce nouveau d\u00e9coupage comprend 69 wilayas et 1.541 communes.<\/p>\n\n\n\n<p class=\"wp-block-paragraph\">Dans ce contexte, la d\u00e9termination des circonscriptions \u00e9lectorales et du Nombre de si\u00e8ges rev\u00eat une importance particuli\u00e8re au regard des changements induits par le nouveau d\u00e9coupage administratif.<\/p>\n\n\n\n<p class=\"wp-block-paragraph\">La loi organique relative au r\u00e9gime \u00e9lectoral pr\u00e9voit, en effet, que le nombre de membres des Assembl\u00e9es populaires communales et de wilaya varie en fonction du nombre d&rsquo;habitants issu du dernier recensement g\u00e9n\u00e9ral de la population et de l&rsquo;habitat.<\/p>\n\n\n\n<p class=\"wp-block-paragraph\">S&rsquo;agissant des listes de candidature aux Assembl\u00e9es populaires communales et de wilayas, celles-ci doivent comporter un nombre de candidats sup\u00e9rieur de sept au nombre de si\u00e8ges \u00e0 pourvoir dans les circonscriptions comptant un nombre impair de si\u00e8ges, et de six candidats dans celles comptant un nombre pair de si\u00e8ges.<\/p>\n\n\n\n<p class=\"wp-block-paragraph\">Elles doivent \u00e9galement, sous peine de rejet, comporter un tiers de candidates, r\u00e9server au moins la moiti\u00e9 des candidatures \u00e0 des personnes n&rsquo;ayant pas d\u00e9pass\u00e9 l&rsquo;\u00e2ge de 40 ans r\u00e9volus \u00e0 la date du scrutin, et compter au moins un tiers de candidats ayant un niveau d&rsquo;enseignement universitaire.<\/p>\n\n\n\n<p class=\"wp-block-paragraph\">La condition relative \u00e0 la repr\u00e9sentation des femmes ne s&rsquo;applique toutefois pas aux communes dont la population ne d\u00e9passe pas 20.000 habitants.<\/p>\n\n\n\n<p class=\"wp-block-paragraph\">Il convient de rappeler que les prochaines \u00e9lections locales s&rsquo;inscrivent dans le cadre des dispositions transitoires pr\u00e9vues par la loi \u00e9lectorale.<\/p>\n\n\n\n<p class=\"wp-block-paragraph\">Ainsi, les listes de candidats dans les wilayas nouvellement cr\u00e9\u00e9es, d\u00e9pos\u00e9es sous l&rsquo;\u00e9gide d&rsquo;un ou de plusieurs partis politiques, sont dispens\u00e9es de la condition relative \u00e0 la collecte des signatures, d\u00e8s lors qu&rsquo;elles remplissent l&rsquo;une des deux conditions li\u00e9es aux r\u00e9sultats obtenus par le parti ou \u00e0 sa repr\u00e9sentation dans la wilaya m\u00e8re lors des derni\u00e8res \u00e9lections.<\/p>\n\n\n\n<p class=\"wp-block-paragraph\">A noter que conform\u00e9ment \u00e0 l&rsquo;article 7 de la loi \u00e9lectorale, l&rsquo;ANIE est charg\u00e9e de pr\u00e9parer, d&rsquo;organiser, de g\u00e9rer, de superviser et de contr\u00f4ler l&rsquo;ensemble des op\u00e9rations \u00e9lectorales et r\u00e9f\u00e9rendaires.<\/p>\n\n\n\n<p class=\"wp-block-paragraph\">L&rsquo;administration comp\u00e9tente est, pour sa part, tenue de mettre \u00e0 sa disposition tous les moyens mat\u00e9riels n\u00e9cessaires \u00e0 la r\u00e9alisation de ces op\u00e9rations.<\/p>\n","protected":false},"excerpt":{"rendered":"<p>&nbsp;Suite \u00e0 la convocation du corps \u00e9lectoral par le pr\u00e9sident de la R\u00e9publique, M. Abdelmadjid Tebboune, pour l&rsquo;\u00e9lection des membres des Assembl\u00e9es populaires communales et des wilayas, pr\u00e9vue le samedi 28 novembre prochain, le processus relatif \u00e0 cette \u00e9ch\u00e9ance \u00e9lectorale est officiellement lanc\u00e9, dans un contexte marqu\u00e9 par l&rsquo;entr\u00e9e en [&hellip;]<\/p>\n","protected":false},"author":3,"featured_media":67404,"comment_status":"open","ping_status":"open","sticky":false,"template":"","format":"standard","meta":{"footnotes":""},"categories":[36,53],"tags":[],"class_list":["post-67397","post","type-post","status-publish","format-standard","has-post-thumbnail","hentry","category-actualites","category-societe"],"_links":{"self":[{"href":"https:\/\/alger16.dz\/index.php?rest_route=\/wp\/v2\/posts\/67397","targetHints":{"allow":["GET"]}}],"collection":[{"href":"https:\/\/alger16.dz\/index.php?rest_route=\/wp\/v2\/posts"}],"about":[{"href":"https:\/\/alger16.dz\/index.php?rest_route=\/wp\/v2\/types\/post"}],"author":[{"embeddable":true,"href":"https:\/\/alger16.dz\/index.php?rest_route=\/wp\/v2\/users\/3"}],"replies":[{"embeddable":true,"href":"https:\/\/alger16.dz\/index.php?rest_route=%2Fwp%2Fv2%2Fcomments&post=67397"}],"version-history":[{"count":1,"href":"https:\/\/alger16.dz\/index.php?rest_route=\/wp\/v2\/posts\/67397\/revisions"}],"predecessor-version":[{"id":67405,"href":"https:\/\/alger16.dz\/index.php?rest_route=\/wp\/v2\/posts\/67397\/revisions\/67405"}],"wp:featuredmedia":[{"embeddable":true,"href":"https:\/\/alger16.dz\/index.php?rest_route=\/wp\/v2\/media\/67404"}],"wp:attachment":[{"href":"https:\/\/alger16.dz\/index.php?rest_route=%2Fwp%2Fv2%2Fmedia&parent=67397"}],"wp:term":[{"taxonomy":"category","embeddable":true,"href":"https:\/\/alger16.dz\/index.php?rest_route=%2Fwp%2Fv2%2Fcategories&post=67397"},{"taxonomy":"post_tag","embeddable":true,"href":"https:\/\/alger16.dz\/index.php?rest_route=%2Fwp%2Fv2%2Ftags&post=67397"}],"curies":[{"name":"wp","href":"https:\/\/api.w.org\/{rel}","templated":true}]}}