{"id":67401,"date":"2026-08-31T11:20:41","date_gmt":"2026-08-31T11:20:41","guid":{"rendered":"https:\/\/alger16.dz\/?p=67401"},"modified":"2026-08-31T11:20:42","modified_gmt":"2026-08-31T11:20:42","slug":"protection-civile-maitrise-totale-des-feux-de-foret-a-travers-plusieurs-wilayas-du-pays","status":"publish","type":"post","link":"https:\/\/alger16.dz\/?p=67401","title":{"rendered":"Protection civile: Ma\u00eetrise totale des feux de for\u00eat \u00e0 travers plusieurs wilayas du pays"},"content":{"rendered":"\n<h1 class=\"wp-block-heading\"><\/h1>\n\n\n\n<figure class=\"wp-block-image size-full\"><img loading=\"lazy\" decoding=\"async\" width=\"1024\" height=\"768\" src=\"https:\/\/alger16.dz\/wp-content\/uploads\/2026\/08\/image-45.webp\" alt=\"\" class=\"wp-image-67402\" srcset=\"https:\/\/alger16.dz\/wp-content\/uploads\/2026\/08\/image-45.webp 1024w, https:\/\/alger16.dz\/wp-content\/uploads\/2026\/08\/image-45-300x225.webp 300w, https:\/\/alger16.dz\/wp-content\/uploads\/2026\/08\/image-45-768x576.webp 768w\" sizes=\"auto, (max-width: 1024px) 100vw, 1024px\" \/><\/figure>\n\n\n\n<p class=\"wp-block-paragraph\">Tous les feux de for\u00eat qui se sont d\u00e9clar\u00e9s dans plusieurs wilayas du pays, entre les 26 et 30 ao\u00fbt, ont \u00e9t\u00e9 circonscrits et totalement ma\u00eetris\u00e9s, a indiqu\u00e9 dimanche soir le charg\u00e9 de l\u2019information et de la communication \u00e0 la Direction g\u00e9n\u00e9rale de la Protection civile, le lieutenant Karim Benfahci.<\/p>\n\n\n\n<p class=\"wp-block-paragraph\">Dans une d\u00e9claration \u00e0 l\u2019APS, M. Benfahci a pr\u00e9cis\u00e9 que le bilan de la Protection civile \u00e9tabli dimanche soir confirme \u00ab\u00a0la ma\u00eetrise totale et le contr\u00f4le de la situation g\u00e9n\u00e9rale des incendies et des foyers\u00a0\u00bb, avec l\u2019extinction de 24 feux dans plusieurs wilayas, notamment Jijel, B\u00e9ja\u00efa et El Tarf.<\/p>\n\n\n\n<p class=\"wp-block-paragraph\">Il a ajout\u00e9 qu'\u00a0\u00bbapr\u00e8s l\u2019extinction des diff\u00e9rents incendies, un dispositif de s\u00e9curit\u00e9 a \u00e9t\u00e9 mis en place sur le terrain pour assurer une surveillance permanente\u00a0\u00bb, afin de pr\u00e9venir tout d\u00e9part de feu susceptible d\u2019\u00eatre provoqu\u00e9 par des braises pouvant se trouver dans les racines des arbres ou sous les cendres. Ce dispositif s\u2019appuie notamment sur des op\u00e9rations de refroidissement et de surveillance pour \u00e9viter toute reprise des incendies.<\/p>\n\n\n\n<p class=\"wp-block-paragraph\">Le lieutenant Benfahci a soulign\u00e9 que la surveillance \u00ab\u00a0se poursuivra jusqu\u2019au retour \u00e0 la vie normale\u00a0\u00bb, ajoutant que les unit\u00e9s et \u00e9quipes de la Protection civile restent mobilis\u00e9es et en \u00e9tat d\u2019alerte afin de garantir la rapidit\u00e9 d\u2019intervention et une r\u00e9ponse imm\u00e9diate \u00e0 toute \u00e9ventuelle urgence.<\/p>\n","protected":false},"excerpt":{"rendered":"<p>Tous les feux de for\u00eat qui se sont d\u00e9clar\u00e9s dans plusieurs wilayas du pays, entre les 26 et 30 ao\u00fbt, ont \u00e9t\u00e9 circonscrits et totalement ma\u00eetris\u00e9s, a indiqu\u00e9 dimanche soir le charg\u00e9 de l\u2019information et de la communication \u00e0 la Direction g\u00e9n\u00e9rale de la Protection civile, le lieutenant Karim Benfahci. [&hellip;]<\/p>\n","protected":false},"author":3,"featured_media":67402,"comment_status":"open","ping_status":"open","sticky":false,"template":"","format":"standard","meta":{"footnotes":""},"categories":[36,53],"tags":[],"class_list":["post-67401","post","type-post","status-publish","format-standard","has-post-thumbnail","hentry","category-actualites","category-societe"],"_links":{"self":[{"href":"https:\/\/alger16.dz\/index.php?rest_route=\/wp\/v2\/posts\/67401","targetHints":{"allow":["GET"]}}],"collection":[{"href":"https:\/\/alger16.dz\/index.php?rest_route=\/wp\/v2\/posts"}],"about":[{"href":"https:\/\/alger16.dz\/index.php?rest_route=\/wp\/v2\/types\/post"}],"author":[{"embeddable":true,"href":"https:\/\/alger16.dz\/index.php?rest_route=\/wp\/v2\/users\/3"}],"replies":[{"embeddable":true,"href":"https:\/\/alger16.dz\/index.php?rest_route=%2Fwp%2Fv2%2Fcomments&post=67401"}],"version-history":[{"count":1,"href":"https:\/\/alger16.dz\/index.php?rest_route=\/wp\/v2\/posts\/67401\/revisions"}],"predecessor-version":[{"id":67403,"href":"https:\/\/alger16.dz\/index.php?rest_route=\/wp\/v2\/posts\/67401\/revisions\/67403"}],"wp:featuredmedia":[{"embeddable":true,"href":"https:\/\/alger16.dz\/index.php?rest_route=\/wp\/v2\/media\/67402"}],"wp:attachment":[{"href":"https:\/\/alger16.dz\/index.php?rest_route=%2Fwp%2Fv2%2Fmedia&parent=67401"}],"wp:term":[{"taxonomy":"category","embeddable":true,"href":"https:\/\/alger16.dz\/index.php?rest_route=%2Fwp%2Fv2%2Fcategories&post=67401"},{"taxonomy":"post_tag","embeddable":true,"href":"https:\/\/alger16.dz\/index.php?rest_route=%2Fwp%2Fv2%2Ftags&post=67401"}],"curies":[{"name":"wp","href":"https:\/\/api.w.org\/{rel}","templated":true}]}}