{"id":67406,"date":"2026-08-31T11:25:11","date_gmt":"2026-08-31T11:25:11","guid":{"rendered":"https:\/\/alger16.dz\/?p=67406"},"modified":"2026-08-31T11:25:11","modified_gmt":"2026-08-31T11:25:11","slug":"corridor-sud-h2-reunion-preparatoire-de-la-prochaine-rencontre-des-ministres-de-lenergie-des-pays-concernes-a-alger","status":"publish","type":"post","link":"https:\/\/alger16.dz\/?p=67406","title":{"rendered":"Corridor Sud H2: R\u00e9union pr\u00e9paratoire de la prochaine rencontre des ministres de l&rsquo;Energie des pays concern\u00e9s \u00e0 Alger"},"content":{"rendered":"\n<h1 class=\"wp-block-heading\"><\/h1>\n\n\n\n<figure class=\"wp-block-image size-large\"><img loading=\"lazy\" decoding=\"async\" width=\"1024\" height=\"683\" src=\"https:\/\/alger16.dz\/wp-content\/uploads\/2026\/08\/image-1-7-1024x683.webp\" alt=\"\" class=\"wp-image-67415\" srcset=\"https:\/\/alger16.dz\/wp-content\/uploads\/2026\/08\/image-1-7-1024x683.webp 1024w, https:\/\/alger16.dz\/wp-content\/uploads\/2026\/08\/image-1-7-300x200.webp 300w, https:\/\/alger16.dz\/wp-content\/uploads\/2026\/08\/image-1-7-768x512.webp 768w, https:\/\/alger16.dz\/wp-content\/uploads\/2026\/08\/image-1-7.webp 1080w\" sizes=\"auto, (max-width: 1024px) 100vw, 1024px\" \/><\/figure>\n\n\n\n<p class=\"wp-block-paragraph\">Le ministre de l&rsquo;Energie et des Energies renouvelables, Mourad Adjal, a pr\u00e9sid\u00e9, dimanche \u00e0 Alger, une r\u00e9union consacr\u00e9e aux travaux pr\u00e9paratoires de l&rsquo;\u00e9v\u00e9nement mondial pr\u00e9vu en Alg\u00e9rie autour du projet du Corridor Sud H2 (South H2 Corridor), a indiqu\u00e9 un communiqu\u00e9 du minist\u00e8re.<\/p>\n\n\n\n<p class=\"wp-block-paragraph\">Consid\u00e9r\u00e9e comme l&rsquo;un des projets d&rsquo;infrastructures majeurs dans le domaine de l&rsquo;hydrog\u00e8ne, cette initiative vise \u00e0 transporter l&rsquo;hydrog\u00e8ne vert produit en Alg\u00e9rie vers l&rsquo;Allemagne, en passant par l&rsquo;Italie et l&rsquo;Autriche, renfor\u00e7ant ainsi l&rsquo;int\u00e9gration de l&rsquo;Alg\u00e9rie au march\u00e9 \u00e9nerg\u00e9tique europ\u00e9en.<\/p>\n\n\n\n<p class=\"wp-block-paragraph\">Cet \u00e9v\u00e9nement devrait r\u00e9unir les ministres de l&rsquo;Energie des pays concern\u00e9s par le projet, dans le cadre d&rsquo;un partenariat strat\u00e9gique destin\u00e9 \u00e0 d\u00e9velopper un couloir de transport d&rsquo;hydrog\u00e8ne vert depuis l&rsquo;Alg\u00e9rie jusqu&rsquo;au c\u0153ur de l&rsquo;Europe.<\/p>\n\n\n\n<p class=\"wp-block-paragraph\">Lors de la r\u00e9union, des pr\u00e9sentations ont \u00e9t\u00e9 faites sur les diff\u00e9rents dossiers li\u00e9s \u00e0 la pr\u00e9paration de cet \u00e9v\u00e9nement, \u00e0 la suite desquelles le ministre a donn\u00e9 des instructions et des directives pour la poursuite des pr\u00e9paratifs.<\/p>\n\n\n\n<p class=\"wp-block-paragraph\">Par ailleurs, M. Adjal a pr\u00e9sid\u00e9 une autre r\u00e9union consacr\u00e9e \u00e0 l&rsquo;examen de dossiers relatifs \u00e0 la gestion et aux activit\u00e9s du secteur de l&rsquo;\u00e9nergie, en pr\u00e9sence de plusieurs cadres dirigeants du minist\u00e8re et de responsables du Commissariat \u00e0 l&rsquo;\u00e9nergie atomique (COMENA).<\/p>\n\n\n\n<p class=\"wp-block-paragraph\">Cette rencontre a permis d&rsquo;examiner et d&rsquo;\u00e9valuer plusieurs dossiers li\u00e9s \u00e0 la gestion du secteur, avant que le ministre ne donne ses orientations et directives \u00e0 ce sujet, a conclu la m\u00eame source.<\/p>\n","protected":false},"excerpt":{"rendered":"<p>Le ministre de l&rsquo;Energie et des Energies renouvelables, Mourad Adjal, a pr\u00e9sid\u00e9, dimanche \u00e0 Alger, une r\u00e9union consacr\u00e9e aux travaux pr\u00e9paratoires de l&rsquo;\u00e9v\u00e9nement mondial pr\u00e9vu en Alg\u00e9rie autour du projet du Corridor Sud H2 (South H2 Corridor), a indiqu\u00e9 un communiqu\u00e9 du minist\u00e8re. Consid\u00e9r\u00e9e comme l&rsquo;un des projets d&rsquo;infrastructures majeurs [&hellip;]<\/p>\n","protected":false},"author":3,"featured_media":67415,"comment_status":"open","ping_status":"open","sticky":false,"template":"","format":"standard","meta":{"footnotes":""},"categories":[63],"tags":[],"class_list":["post-67406","post","type-post","status-publish","format-standard","has-post-thumbnail","hentry","category-economie"],"_links":{"self":[{"href":"https:\/\/alger16.dz\/index.php?rest_route=\/wp\/v2\/posts\/67406","targetHints":{"allow":["GET"]}}],"collection":[{"href":"https:\/\/alger16.dz\/index.php?rest_route=\/wp\/v2\/posts"}],"about":[{"href":"https:\/\/alger16.dz\/index.php?rest_route=\/wp\/v2\/types\/post"}],"author":[{"embeddable":true,"href":"https:\/\/alger16.dz\/index.php?rest_route=\/wp\/v2\/users\/3"}],"replies":[{"embeddable":true,"href":"https:\/\/alger16.dz\/index.php?rest_route=%2Fwp%2Fv2%2Fcomments&post=67406"}],"version-history":[{"count":1,"href":"https:\/\/alger16.dz\/index.php?rest_route=\/wp\/v2\/posts\/67406\/revisions"}],"predecessor-version":[{"id":67416,"href":"https:\/\/alger16.dz\/index.php?rest_route=\/wp\/v2\/posts\/67406\/revisions\/67416"}],"wp:featuredmedia":[{"embeddable":true,"href":"https:\/\/alger16.dz\/index.php?rest_route=\/wp\/v2\/media\/67415"}],"wp:attachment":[{"href":"https:\/\/alger16.dz\/index.php?rest_route=%2Fwp%2Fv2%2Fmedia&parent=67406"}],"wp:term":[{"taxonomy":"category","embeddable":true,"href":"https:\/\/alger16.dz\/index.php?rest_route=%2Fwp%2Fv2%2Fcategories&post=67406"},{"taxonomy":"post_tag","embeddable":true,"href":"https:\/\/alger16.dz\/index.php?rest_route=%2Fwp%2Fv2%2Ftags&post=67406"}],"curies":[{"name":"wp","href":"https:\/\/api.w.org\/{rel}","templated":true}]}}