{"id":67414,"date":"2026-08-31T15:42:10","date_gmt":"2026-08-31T15:42:10","guid":{"rendered":"https:\/\/alger16.dz\/?p=67414"},"modified":"2026-08-31T15:42:10","modified_gmt":"2026-08-31T15:42:10","slug":"incendies-le-premier-ministre-preside-une-reunion-pour-mettre-en-oeuvre-les-instructions-du-president-de-la-republique","status":"publish","type":"post","link":"https:\/\/alger16.dz\/?p=67414","title":{"rendered":"Incendies\u00a0: le Premier ministre pr\u00e9side une r\u00e9union pour mettre en \u0153uvre les instructions du pr\u00e9sident de la R\u00e9publique"},"content":{"rendered":"\n<p class=\"wp-block-paragraph\"><strong>Le Premier ministre, Sifi Ghrieb, a pr\u00e9sid\u00e9, ce lundi, une r\u00e9union en pr\u00e9sence de plusieurs ministres, avec la participation des walis par visioconf\u00e9rence, consacr\u00e9e \u00e0 la prise en charge des cons\u00e9quences des incendies ayant touch\u00e9 certaines wilayas du centre et de l\u2019est du pays, et ce conform\u00e9ment aux instructions et orientations du pr\u00e9sident de la R\u00e9publique, Abdelmadjid Tebboune, donn\u00e9es lors de la r\u00e9union d\u2019hier.<\/strong><\/p>\n\n\n\n<p class=\"wp-block-paragraph\">\u00ab&nbsp;Conform\u00e9ment aux instructions et orientations de Monsieur le Pr\u00e9sident de la R\u00e9publique, donn\u00e9es lors de la r\u00e9union du dimanche 30 ao\u00fbt 2026, consacr\u00e9e \u00e0 la prise en charge des cons\u00e9quences des incendies ayant touch\u00e9 certaines wilayas du centre et de l\u2019est du pays, Monsieur le Premier ministre a pr\u00e9sid\u00e9, ce lundi 31 ao\u00fbt, une r\u00e9union en pr\u00e9sence des Mesdames et Messieurs les ministres concern\u00e9s, ainsi qu\u2019avec la participation des Mesdames et Messieurs les walis par visioconf\u00e9rence&nbsp;\u00bb, indique un communiqu\u00e9 du Premier minist\u00e8re.<\/p>\n\n\n\n<p class=\"wp-block-paragraph\">Selon la m\u00eame source, cette r\u00e9union a \u00e9t\u00e9 consacr\u00e9e \u00ab&nbsp;\u00e0 l\u2019\u00e9valuation de l\u2019\u00e9tat d\u2019avancement de la mise en \u0153uvre du plan d\u2019urgence visant \u00e0 r\u00e9parer les d\u00e9g\u00e2ts caus\u00e9s par les incendies, \u00e0 assurer le r\u00e9tablissement des diff\u00e9rents services publics et \u00e0 permettre aux citoyens sinistr\u00e9s de reprendre leur vie quotidienne dans les meilleures conditions.&nbsp;\u00bb<\/p>\n\n\n\n<p class=\"wp-block-paragraph\">Apr\u00e8s une minute de silence observ\u00e9e \u00e0 la m\u00e9moire des personnes d\u00e9c\u00e9d\u00e9es, Sifi Ghrieb a rappel\u00e9 les d\u00e9cisions prises par le pr\u00e9sident de la R\u00e9publique, ainsi que \u00ab&nbsp;les m\u00e9canismes mis en place afin d\u2019assurer leur concr\u00e9tisation sur le terrain dans les d\u00e9lais fix\u00e9s.&nbsp;\u00bb<\/p>\n\n\n\n<p class=\"wp-block-paragraph\">\u00ab&nbsp;Dans ce cadre, les diff\u00e9rentes mesures et dispositions en cours, mises en \u0153uvre par les divers secteurs pour effacer totalement les traces mat\u00e9rielles laiss\u00e9es par les incendies, ont \u00e9t\u00e9 pr\u00e9sent\u00e9es. Il s\u2019agit notamment de l\u2019ach\u00e8vement de la r\u00e9habilitation des r\u00e9seaux vitaux afin d\u2019assurer l\u2019approvisionnement de tous les citoyens des zones sinistr\u00e9es en eau, en \u00e9lectricit\u00e9, en gaz et en services de t\u00e9l\u00e9communication, ainsi que de la finalisation des op\u00e9rations de recensement et d\u2019\u00e9valuation des pertes, quelle que soit leur nature : logements, mobilier, appareils \u00e9lectrom\u00e9nagers, cultures, arbres fruitiers, ruches, cheptel d\u2019ovins, de caprins et de bovins, volailles, et autres biens&nbsp;\u00bb, pr\u00e9cise le m\u00eame document.<\/p>\n\n\n\n<p class=\"wp-block-paragraph\">Aussi, souligne le communiqu\u00e9, \u00ab&nbsp;l\u2019indemnisation des personnes sinistr\u00e9es d\u00e9butera d\u00e8s la semaine prochaine et couvrira l\u2019ensemble des dommages, quelle que soit leur ampleur, conform\u00e9ment aux instructions de Monsieur le Pr\u00e9sident de la R\u00e9publique. Monsieur le Premier ministre a soulign\u00e9 que \u00ab m\u00eame le moindre bien endommag\u00e9, f\u00fbt-ce un seul clou, sera indemnis\u00e9 \u00bb, pr\u00e9cisant que l\u2019op\u00e9ration devra \u00eatre achev\u00e9e avant le 15 septembre prochain.&nbsp;\u00bb<\/p>\n\n\n\n<p class=\"wp-block-paragraph\">Les walis ont ensuite \u00e9t\u00e9 entendus sur \u00ab&nbsp;les actions concr\u00e8tement r\u00e9alis\u00e9es sur le terrain&nbsp;\u00bb, indique-t-on, ajoutant que Sifi Ghrieb a rappel\u00e9 \u00ab&nbsp;la n\u00e9cessit\u00e9 de faire preuve de souplesse et d\u2019efficacit\u00e9 dans la prise en charge des pr\u00e9occupations des citoyens sinistr\u00e9s, en privil\u00e9giant le travail de proximit\u00e9 et l\u2019action directe sur le terrain, tout en \u00e9vitant toute forme de bureaucratie, notamment lors de la reconstitution des documents et dossiers administratifs d\u00e9truits&nbsp;\u00bb.<\/p>\n\n\n\n<p class=\"wp-block-paragraph\">Enfin, le Premier ministre a affirm\u00e9 que \u00ab&nbsp;l\u2019\u00c9tat et l\u2019ensemble de ses institutions, aux niveaux central et local, ne m\u00e9nageront aucun effort et resteront pleinement mobilis\u00e9s aux c\u00f4t\u00e9s des citoyens, conform\u00e9ment aux orientations de Monsieur le Pr\u00e9sident de la R\u00e9publique. Ils \u0153uvreront \u00e0 la r\u00e9paration de tous les dommages et au r\u00e9tablissement de la situation normale dans les d\u00e9lais fix\u00e9s.&nbsp;\u00bb<\/p>\n","protected":false},"excerpt":{"rendered":"<p>Le Premier ministre, Sifi Ghrieb, a pr\u00e9sid\u00e9, ce lundi, une r\u00e9union en pr\u00e9sence de plusieurs ministres, avec la participation des walis par visioconf\u00e9rence, consacr\u00e9e \u00e0 la prise en charge des cons\u00e9quences des incendies ayant touch\u00e9 certaines wilayas du centre et de l\u2019est du pays, et ce conform\u00e9ment aux instructions et [&hellip;]<\/p>\n","protected":false},"author":3,"featured_media":67515,"comment_status":"open","ping_status":"open","sticky":false,"template":"","format":"standard","meta":{"footnotes":""},"categories":[236,36,112,53],"tags":[],"class_list":["post-67414","post","type-post","status-publish","format-standard","has-post-thumbnail","hentry","category-a-la-une","category-actualites","category-regions","category-societe"],"_links":{"self":[{"href":"https:\/\/alger16.dz\/index.php?rest_route=\/wp\/v2\/posts\/67414","targetHints":{"allow":["GET"]}}],"collection":[{"href":"https:\/\/alger16.dz\/index.php?rest_route=\/wp\/v2\/posts"}],"about":[{"href":"https:\/\/alger16.dz\/index.php?rest_route=\/wp\/v2\/types\/post"}],"author":[{"embeddable":true,"href":"https:\/\/alger16.dz\/index.php?rest_route=\/wp\/v2\/users\/3"}],"replies":[{"embeddable":true,"href":"https:\/\/alger16.dz\/index.php?rest_route=%2Fwp%2Fv2%2Fcomments&post=67414"}],"version-history":[{"count":1,"href":"https:\/\/alger16.dz\/index.php?rest_route=\/wp\/v2\/posts\/67414\/revisions"}],"predecessor-version":[{"id":67516,"href":"https:\/\/alger16.dz\/index.php?rest_route=\/wp\/v2\/posts\/67414\/revisions\/67516"}],"wp:featuredmedia":[{"embeddable":true,"href":"https:\/\/alger16.dz\/index.php?rest_route=\/wp\/v2\/media\/67515"}],"wp:attachment":[{"href":"https:\/\/alger16.dz\/index.php?rest_route=%2Fwp%2Fv2%2Fmedia&parent=67414"}],"wp:term":[{"taxonomy":"category","embeddable":true,"href":"https:\/\/alger16.dz\/index.php?rest_route=%2Fwp%2Fv2%2Fcategories&post=67414"},{"taxonomy":"post_tag","embeddable":true,"href":"https:\/\/alger16.dz\/index.php?rest_route=%2Fwp%2Fv2%2Ftags&post=67414"}],"curies":[{"name":"wp","href":"https:\/\/api.w.org\/{rel}","templated":true}]}}