{"id":67432,"date":"2026-08-31T11:34:45","date_gmt":"2026-08-31T11:34:45","guid":{"rendered":"https:\/\/alger16.dz\/?p=67432"},"modified":"2026-08-31T11:34:45","modified_gmt":"2026-08-31T11:34:45","slug":"renouvellement-du-parc-national-de-transport-la-wilaya-de-jijel-beneficie-de-30-bus-neufs","status":"publish","type":"post","link":"https:\/\/alger16.dz\/?p=67432","title":{"rendered":"Renouvellement du parc national de transport :La wilaya de Jijel b\u00e9n\u00e9ficie de 30 bus neufs"},"content":{"rendered":"\n<p class=\"wp-block-paragraph\">Le secteur des transports dans la wilaya de Jijel a b\u00e9n\u00e9fici\u00e9 de 30 bus neufs qui contribueront \u00e0 faciliter les d\u00e9placements des citoyens et \u00e0 am\u00e9liorer la qualit\u00e9 du service public, Indique dimanche un communiqu\u00e9 du minist\u00e8re de l&rsquo;Int\u00e9rieur, des Collectivit\u00e9s locales et des Transports.<\/p>\n\n\n\n<figure class=\"wp-block-image size-large\"><img loading=\"lazy\" decoding=\"async\" width=\"1024\" height=\"573\" src=\"https:\/\/alger16.dz\/wp-content\/uploads\/2026\/08\/image-54-1024x573.webp\" alt=\"\" class=\"wp-image-67433\" srcset=\"https:\/\/alger16.dz\/wp-content\/uploads\/2026\/08\/image-54-1024x573.webp 1024w, https:\/\/alger16.dz\/wp-content\/uploads\/2026\/08\/image-54-300x168.webp 300w, https:\/\/alger16.dz\/wp-content\/uploads\/2026\/08\/image-54-767x429.webp 767w, https:\/\/alger16.dz\/wp-content\/uploads\/2026\/08\/image-54.webp 1080w\" sizes=\"auto, (max-width: 1024px) 100vw, 1024px\" \/><\/figure>\n\n\n\n<p class=\"wp-block-paragraph\">Men\u00e9e sous la supervision et le suivi directs du ministre de l&rsquo;Int\u00e9rieur, des Collectivit\u00e9s locales et des Transports, cette op\u00e9ration s&rsquo;inscritdans le cadre de la mise en \u0153uvre de la d\u00e9cision du pr\u00e9sident de la R\u00e9publique, M. Abdelmadjid Tebboune, portant importation de 10.000 bus neufs pour le renouvellement du parc national de transport et la mise \u00e0 disposition de bus modernes et confortables.<\/p>\n\n\n\n<p class=\"wp-block-paragraph\">La wilaya de Jijel a ainsi b\u00e9n\u00e9fici\u00e9 de 20 bus de type Mercedes-Sprinter, d&rsquo;une capacit\u00e9 de 24 places, r\u00e9ceptionn\u00e9s aupr\u00e8s de l&rsquo;Etablissement de d\u00e9veloppement de l&rsquo;industrie de v\u00e9hicules (EDIV), plac\u00e9 sous la tutelle de la Direction des fabrications militaires du minist\u00e8re de la D\u00e9fense nationale (MDN), ainsi que de 10 bus Higer, d&rsquo;une capacit\u00e9 de 35 places, destin\u00e9s \u00e0 renforcer la flotte de transport urbain et suburbain dans la wilaya.<\/p>\n\n\n\n<p class=\"wp-block-paragraph\">Les travailleurs des \u00e9tablissements de transport urbain et suburbain d&rsquo;Alger et de Tiaret ont \u00e9t\u00e9 mobilis\u00e9s pour acheminer ces bus vers la wilaya de Jijel, dans le cadre de la solidarit\u00e9 et de la compl\u00e9mentarit\u00e9 entre les \u00e9tablissements de transport des diff\u00e9rentes wilayas, a pr\u00e9cis\u00e9 le minist\u00e8re.<\/p>\n","protected":false},"excerpt":{"rendered":"<p>Le secteur des transports dans la wilaya de Jijel a b\u00e9n\u00e9fici\u00e9 de 30 bus neufs qui contribueront \u00e0 faciliter les d\u00e9placements des citoyens et \u00e0 am\u00e9liorer la qualit\u00e9 du service public, Indique dimanche un communiqu\u00e9 du minist\u00e8re de l&rsquo;Int\u00e9rieur, des Collectivit\u00e9s locales et des Transports. Men\u00e9e sous la supervision et [&hellip;]<\/p>\n","protected":false},"author":3,"featured_media":67433,"comment_status":"open","ping_status":"open","sticky":false,"template":"","format":"standard","meta":{"footnotes":""},"categories":[36,53],"tags":[],"class_list":["post-67432","post","type-post","status-publish","format-standard","has-post-thumbnail","hentry","category-actualites","category-societe"],"_links":{"self":[{"href":"https:\/\/alger16.dz\/index.php?rest_route=\/wp\/v2\/posts\/67432","targetHints":{"allow":["GET"]}}],"collection":[{"href":"https:\/\/alger16.dz\/index.php?rest_route=\/wp\/v2\/posts"}],"about":[{"href":"https:\/\/alger16.dz\/index.php?rest_route=\/wp\/v2\/types\/post"}],"author":[{"embeddable":true,"href":"https:\/\/alger16.dz\/index.php?rest_route=\/wp\/v2\/users\/3"}],"replies":[{"embeddable":true,"href":"https:\/\/alger16.dz\/index.php?rest_route=%2Fwp%2Fv2%2Fcomments&post=67432"}],"version-history":[{"count":1,"href":"https:\/\/alger16.dz\/index.php?rest_route=\/wp\/v2\/posts\/67432\/revisions"}],"predecessor-version":[{"id":67434,"href":"https:\/\/alger16.dz\/index.php?rest_route=\/wp\/v2\/posts\/67432\/revisions\/67434"}],"wp:featuredmedia":[{"embeddable":true,"href":"https:\/\/alger16.dz\/index.php?rest_route=\/wp\/v2\/media\/67433"}],"wp:attachment":[{"href":"https:\/\/alger16.dz\/index.php?rest_route=%2Fwp%2Fv2%2Fmedia&parent=67432"}],"wp:term":[{"taxonomy":"category","embeddable":true,"href":"https:\/\/alger16.dz\/index.php?rest_route=%2Fwp%2Fv2%2Fcategories&post=67432"},{"taxonomy":"post_tag","embeddable":true,"href":"https:\/\/alger16.dz\/index.php?rest_route=%2Fwp%2Fv2%2Ftags&post=67432"}],"curies":[{"name":"wp","href":"https:\/\/api.w.org\/{rel}","templated":true}]}}