{"id":67438,"date":"2026-08-31T11:38:33","date_gmt":"2026-08-31T11:38:33","guid":{"rendered":"https:\/\/alger16.dz\/?p=67438"},"modified":"2026-08-31T11:38:34","modified_gmt":"2026-08-31T11:38:34","slug":"feux-de-foret-renforcement-des-cellules-de-proximite-de-solidarite-de-la-wilaya-de-jijel-par-des-equipes-supplementaires","status":"publish","type":"post","link":"https:\/\/alger16.dz\/?p=67438","title":{"rendered":"Feux de for\u00eat : Renforcement des cellules de proximit\u00e9 de solidarit\u00e9 de la wilaya de Jijel par des \u00e9quipes suppl\u00e9mentaires"},"content":{"rendered":"\n<p class=\"wp-block-paragraph\">&nbsp;Les \u00e9quipes des cellules de proximit\u00e9 de solidarit\u00e9 de la wilaya de Jijel ont \u00e9t\u00e9 renforc\u00e9es par des \u00e9quipes suppl\u00e9mentaires venues des wilayas limitrophes, permettant ainsi d&rsquo;\u00e9largir leur d\u00e9ploiement \u00e0 travers les diff\u00e9rentes zones touch\u00e9es par les incendies, indique samedi un communiqu\u00e9 du minist\u00e8re de la Solidarit\u00e9 nationale, de la Famille et de la Condition de la femme.<\/p>\n\n\n\n<figure class=\"wp-block-image size-large\"><img loading=\"lazy\" decoding=\"async\" width=\"1024\" height=\"576\" src=\"https:\/\/alger16.dz\/wp-content\/uploads\/2026\/08\/image-56-1024x576.webp\" alt=\"\" class=\"wp-image-67439\" srcset=\"https:\/\/alger16.dz\/wp-content\/uploads\/2026\/08\/image-56-1024x576.webp 1024w, https:\/\/alger16.dz\/wp-content\/uploads\/2026\/08\/image-56-300x169.webp 300w, https:\/\/alger16.dz\/wp-content\/uploads\/2026\/08\/image-56-767x432.webp 767w, https:\/\/alger16.dz\/wp-content\/uploads\/2026\/08\/image-56.webp 1080w\" sizes=\"auto, (max-width: 1024px) 100vw, 1024px\" \/><\/figure>\n\n\n\n<p class=\"wp-block-paragraph\">La ministre de la Solidarit\u00e9 nationale, de la Famille et de la Condition de la femme, Mme Soraya Mouloudji, a donn\u00e9 des instructions \u00e0 l&rsquo;Agence de d\u00e9veloppement social (ADS) afin de renforcer les \u00e9quipes des cellules de proximit\u00e9 de solidarit\u00e9 de la wilaya de Jijel par des \u00e9quipes suppl\u00e9mentaires des wilayas limitrophes, permettant ainsi d&rsquo;\u00e9largir leur d\u00e9ploiement \u00e0 travers les diff\u00e9rentes zones sinistr\u00e9es, notamment les zones enclav\u00e9es et les agglom\u00e9rations situ\u00e9es dans les r\u00e9gions montagneuses, apr\u00e8s la stabilisation de la situation et l&rsquo;extinction des incendies, pr\u00e9cise le communiqu\u00e9.<\/p>\n\n\n\n<p class=\"wp-block-paragraph\">A cet \u00e9gard, la ministre a insist\u00e9 sur \u00ab\u00a0la n\u00e9cessit\u00e9 d&rsquo;adopter un plan de d\u00e9ploiement sur le terrain bien \u00e9tudi\u00e9, permettant aux \u00e9quipes intervenantes de se rapprocher des familles sinistr\u00e9es dans leurs lieux de r\u00e9sidence et de s&rsquo;enqu\u00e9rir de pr\u00e8s de leurs besoins et de leurs conditions sociales et humaines\u00a0\u00bb.<\/p>\n\n\n\n<p class=\"wp-block-paragraph\">Cette op\u00e9ration se d\u00e9roule en coordination avec les services locaux et les autorit\u00e9s concern\u00e9es, \u00ab\u00a0afin de garantir l&rsquo;efficacit\u00e9 et la compl\u00e9mentarit\u00e9 des interventions, jusqu&rsquo;\u00e0 une prise en charge totale des familles sinistr\u00e9es\u00a0\u00bb.<\/p>\n\n\n\n<p class=\"wp-block-paragraph\">Dans le m\u00eame contexte, le communiqu\u00e9 a indiqu\u00e9 que les cellules de proximit\u00e9 de solidarit\u00e9, \u00e0 travers les diff\u00e9rentes wilayas du pays, demeurent \u00ab\u00a0en \u00e9tat de mobilisation totale, afin de poursuivre leurs interventions sur le terrain, de suivre l&rsquo;\u00e9volution de la situation et d&rsquo;actualiser en permanence les donn\u00e9es, de mani\u00e8re \u00e0 garantir une r\u00e9ponse efficace aux besoins recens\u00e9s et la continuit\u00e9 de l&rsquo;accompagnement psychosocial et sanitaire, jusqu&rsquo;\u00e0 la stabilisation de la situation des familles sinistr\u00e9es\u00a0\u00bb.<\/p>\n","protected":false},"excerpt":{"rendered":"<p>&nbsp;Les \u00e9quipes des cellules de proximit\u00e9 de solidarit\u00e9 de la wilaya de Jijel ont \u00e9t\u00e9 renforc\u00e9es par des \u00e9quipes suppl\u00e9mentaires venues des wilayas limitrophes, permettant ainsi d&rsquo;\u00e9largir leur d\u00e9ploiement \u00e0 travers les diff\u00e9rentes zones touch\u00e9es par les incendies, indique samedi un communiqu\u00e9 du minist\u00e8re de la Solidarit\u00e9 nationale, de la [&hellip;]<\/p>\n","protected":false},"author":3,"featured_media":67439,"comment_status":"open","ping_status":"open","sticky":false,"template":"","format":"standard","meta":{"footnotes":""},"categories":[53],"tags":[],"class_list":["post-67438","post","type-post","status-publish","format-standard","has-post-thumbnail","hentry","category-societe"],"_links":{"self":[{"href":"https:\/\/alger16.dz\/index.php?rest_route=\/wp\/v2\/posts\/67438","targetHints":{"allow":["GET"]}}],"collection":[{"href":"https:\/\/alger16.dz\/index.php?rest_route=\/wp\/v2\/posts"}],"about":[{"href":"https:\/\/alger16.dz\/index.php?rest_route=\/wp\/v2\/types\/post"}],"author":[{"embeddable":true,"href":"https:\/\/alger16.dz\/index.php?rest_route=\/wp\/v2\/users\/3"}],"replies":[{"embeddable":true,"href":"https:\/\/alger16.dz\/index.php?rest_route=%2Fwp%2Fv2%2Fcomments&post=67438"}],"version-history":[{"count":1,"href":"https:\/\/alger16.dz\/index.php?rest_route=\/wp\/v2\/posts\/67438\/revisions"}],"predecessor-version":[{"id":67440,"href":"https:\/\/alger16.dz\/index.php?rest_route=\/wp\/v2\/posts\/67438\/revisions\/67440"}],"wp:featuredmedia":[{"embeddable":true,"href":"https:\/\/alger16.dz\/index.php?rest_route=\/wp\/v2\/media\/67439"}],"wp:attachment":[{"href":"https:\/\/alger16.dz\/index.php?rest_route=%2Fwp%2Fv2%2Fmedia&parent=67438"}],"wp:term":[{"taxonomy":"category","embeddable":true,"href":"https:\/\/alger16.dz\/index.php?rest_route=%2Fwp%2Fv2%2Fcategories&post=67438"},{"taxonomy":"post_tag","embeddable":true,"href":"https:\/\/alger16.dz\/index.php?rest_route=%2Fwp%2Fv2%2Ftags&post=67438"}],"curies":[{"name":"wp","href":"https:\/\/api.w.org\/{rel}","templated":true}]}}