{"id":67441,"date":"2026-08-31T11:39:36","date_gmt":"2026-08-31T11:39:36","guid":{"rendered":"https:\/\/alger16.dz\/?p=67441"},"modified":"2026-08-31T11:39:37","modified_gmt":"2026-08-31T11:39:37","slug":"feux-de-foret-renforcement-des-unites-dintervention-a-jijel-par-lenvoi-de-detachements-supplementaires","status":"publish","type":"post","link":"https:\/\/alger16.dz\/?p=67441","title":{"rendered":"Feux de for\u00eat : Renforcement des unit\u00e9s d\u2019intervention \u00e0 Jijel par l\u2019envoi de d\u00e9tachements suppl\u00e9mentaires"},"content":{"rendered":"\n<p class=\"wp-block-paragraph\">Le dispositif de lutte contre les incendies dans la wilaya de Jijel a \u00e9t\u00e9 renforc\u00e9 par des d\u00e9tachements suppl\u00e9mentaires d\u00e9p\u00each\u00e9s de la wilaya de Bouira et de l\u2019Unit\u00e9 nationale de formation et d\u2019intervention, afin d&rsquo;assurer la pr\u00e9paration op\u00e9rationnelle des unit\u00e9s pour une plus grande efficacit\u00e9 dans les op\u00e9rations d\u2019extinction, indique samedi un communiqu\u00e9 de la Direction g\u00e9n\u00e9rale de la Protection civile.<\/p>\n\n\n\n<figure class=\"wp-block-image size-full\"><img loading=\"lazy\" decoding=\"async\" width=\"1000\" height=\"455\" src=\"https:\/\/alger16.dz\/wp-content\/uploads\/2026\/08\/image-57.webp\" alt=\"\" class=\"wp-image-67442\" srcset=\"https:\/\/alger16.dz\/wp-content\/uploads\/2026\/08\/image-57.webp 1000w, https:\/\/alger16.dz\/wp-content\/uploads\/2026\/08\/image-57-300x136.webp 300w, https:\/\/alger16.dz\/wp-content\/uploads\/2026\/08\/image-57-767x349.webp 767w\" sizes=\"auto, (max-width: 1000px) 100vw, 1000px\" \/><\/figure>\n\n\n\n<p class=\"wp-block-paragraph\">Cette mesure s\u2019inscrit dans le cadre du \u00ab\u00a0renforcement continu du dispositif op\u00e9rationnel de lutte contre les feux de for\u00eat, notamment dans la wilaya de Jijel\u00a0\u00bb, o\u00f9 \u00ab\u00a0les \u00e9quipes mobilis\u00e9es et pr\u00e9sentes sur le terrain ont \u00e9t\u00e9 appuy\u00e9es par des moyens et des \u00e9quipes suppl\u00e9mentaires, \u00e0 travers l\u2019envoi de deux d\u00e9tachements r\u00e9gionaux de lutte contre les feux de for\u00eat de la wilaya de Bouira, ainsi que d\u2019un d\u00e9tachement de l\u2019Unit\u00e9 nationale de formation et d\u2019intervention, vers la wilaya de Jijel\u00a0\u00bb, pr\u00e9cise la m\u00eame source.<\/p>\n\n\n\n<p class=\"wp-block-paragraph\">Ces d\u00e9tachements contribueront \u00e0 \u00ab\u00a0renforcer les \u00e9quipes engag\u00e9es sur le terrain, accro\u00eetre les capacit\u00e9s d\u2019intervention et de r\u00e9ponse rapide et consolider la pr\u00e9paration op\u00e9rationnelle face \u00e0 toute \u00e9volution \u00e9ventuelle de la situation, ce qui permettra d\u2019assurer une plus grande efficacit\u00e9 dans les op\u00e9rations d\u2019extinction des incendies\u00a0\u00bb, souligne le communiqu\u00e9.<\/p>\n\n\n\n<p class=\"wp-block-paragraph\">Cette mesure intervient dans le cadre des \u00ab\u00a0dispositions pr\u00e9ventives adopt\u00e9es pour renforcer la couverture op\u00e9rationnelle dans les wilayas de l\u2019est du pays, en pr\u00e9vision de toute propagation ou reprise \u00e9ventuelle des foyers d\u2019incendie, et afin de garantir la disponibilit\u00e9 des \u00e9quipes d\u2019intervention et leur capacit\u00e9 \u00e0 se mobiliser imm\u00e9diatement le cas \u00e9ch\u00e9ant\u00a0\u00bb, conclut la m\u00eame source.<\/p>\n","protected":false},"excerpt":{"rendered":"<p>Le dispositif de lutte contre les incendies dans la wilaya de Jijel a \u00e9t\u00e9 renforc\u00e9 par des d\u00e9tachements suppl\u00e9mentaires d\u00e9p\u00each\u00e9s de la wilaya de Bouira et de l\u2019Unit\u00e9 nationale de formation et d\u2019intervention, afin d&rsquo;assurer la pr\u00e9paration op\u00e9rationnelle des unit\u00e9s pour une plus grande efficacit\u00e9 dans les op\u00e9rations d\u2019extinction, indique [&hellip;]<\/p>\n","protected":false},"author":3,"featured_media":67442,"comment_status":"open","ping_status":"open","sticky":false,"template":"","format":"standard","meta":{"footnotes":""},"categories":[53],"tags":[],"class_list":["post-67441","post","type-post","status-publish","format-standard","has-post-thumbnail","hentry","category-societe"],"_links":{"self":[{"href":"https:\/\/alger16.dz\/index.php?rest_route=\/wp\/v2\/posts\/67441","targetHints":{"allow":["GET"]}}],"collection":[{"href":"https:\/\/alger16.dz\/index.php?rest_route=\/wp\/v2\/posts"}],"about":[{"href":"https:\/\/alger16.dz\/index.php?rest_route=\/wp\/v2\/types\/post"}],"author":[{"embeddable":true,"href":"https:\/\/alger16.dz\/index.php?rest_route=\/wp\/v2\/users\/3"}],"replies":[{"embeddable":true,"href":"https:\/\/alger16.dz\/index.php?rest_route=%2Fwp%2Fv2%2Fcomments&post=67441"}],"version-history":[{"count":1,"href":"https:\/\/alger16.dz\/index.php?rest_route=\/wp\/v2\/posts\/67441\/revisions"}],"predecessor-version":[{"id":67443,"href":"https:\/\/alger16.dz\/index.php?rest_route=\/wp\/v2\/posts\/67441\/revisions\/67443"}],"wp:featuredmedia":[{"embeddable":true,"href":"https:\/\/alger16.dz\/index.php?rest_route=\/wp\/v2\/media\/67442"}],"wp:attachment":[{"href":"https:\/\/alger16.dz\/index.php?rest_route=%2Fwp%2Fv2%2Fmedia&parent=67441"}],"wp:term":[{"taxonomy":"category","embeddable":true,"href":"https:\/\/alger16.dz\/index.php?rest_route=%2Fwp%2Fv2%2Fcategories&post=67441"},{"taxonomy":"post_tag","embeddable":true,"href":"https:\/\/alger16.dz\/index.php?rest_route=%2Fwp%2Fv2%2Ftags&post=67441"}],"curies":[{"name":"wp","href":"https:\/\/api.w.org\/{rel}","templated":true}]}}