{"id":67454,"date":"2026-08-31T11:44:10","date_gmt":"2026-08-31T11:44:10","guid":{"rendered":"https:\/\/alger16.dz\/?p=67454"},"modified":"2026-08-31T11:44:10","modified_gmt":"2026-08-31T11:44:10","slug":"incendies-les-equipes-des-cellules-de-solidarite-de-proximite-poursuivent-leurs-interventions-sur-le-terrain-au-profit-des-sinistres","status":"publish","type":"post","link":"https:\/\/alger16.dz\/?p=67454","title":{"rendered":"Incendies : Les \u00e9quipes des cellules de solidarit\u00e9 de proximit\u00e9 poursuivent leurs interventions sur le terrain au profit des sinistr\u00e9s"},"content":{"rendered":"\n<p class=\"wp-block-paragraph\">&nbsp;Les \u00e9quipes des cellules de solidarit\u00e9 de proximit\u00e9 poursuivent leurs interventions sur le terrain dans les wilayas de Tizi Ouzou, Jijel et El Tarf au profit des sinistr\u00e9s des r\u00e9cents incendies, indique dimanche un communiqu\u00e9 du minist\u00e8re de la Solidarit\u00e9 nationale, de la Famille et de la Condition de la femme.<\/p>\n\n\n\n<figure class=\"wp-block-image size-large\"><img loading=\"lazy\" decoding=\"async\" width=\"1024\" height=\"1024\" src=\"https:\/\/alger16.dz\/wp-content\/uploads\/2026\/08\/image-61-1024x1024.webp\" alt=\"\" class=\"wp-image-67455\" srcset=\"https:\/\/alger16.dz\/wp-content\/uploads\/2026\/08\/image-61-1024x1024.webp 1024w, https:\/\/alger16.dz\/wp-content\/uploads\/2026\/08\/image-61-150x150.webp 150w, https:\/\/alger16.dz\/wp-content\/uploads\/2026\/08\/image-61-300x300.webp 300w, https:\/\/alger16.dz\/wp-content\/uploads\/2026\/08\/image-61-768x768.webp 768w, https:\/\/alger16.dz\/wp-content\/uploads\/2026\/08\/image-61.webp 1080w\" sizes=\"auto, (max-width: 1024px) 100vw, 1024px\" \/><\/figure>\n\n\n\n<p class=\"wp-block-paragraph\">Ces interventions interviennent \u00ab\u00a0en application des instructions de la ministre de la Solidarit\u00e9 nationale, de la Famille et de la Condition de la femme, Mme Soraya Mouloudji, dans le cadre de la prise en charge des familles impact\u00e9es par les incendies\u00a0\u00bb, pr\u00e9cise le communiqu\u00e9.<\/p>\n\n\n\n<p class=\"wp-block-paragraph\">Dans la wilaya de Tizi Ouzou, les \u00e9quipes des cellules de solidarit\u00e9 ont continu\u00e9, dans plusieurs communes, \u00e0 apporter des aides en nature et \u00e0 accompagner les citoyens \u00e9vacu\u00e9s \u00e0 titre pr\u00e9ventif, tout en intensifiant le soutien psychologique et en s&rsquo;enqu\u00e9rant de l&rsquo;\u00e9tat des bless\u00e9s.<\/p>\n\n\n\n<p class=\"wp-block-paragraph\">A Jijel, les \u00e9quipes sp\u00e9cialis\u00e9es des cellules de solidarit\u00e9 poursuivent leurs actions au profit des enfants h\u00e9berg\u00e9s au centre de formation professionnelle de Chekfa, o\u00f9 plusde 55 enfants ont b\u00e9n\u00e9fici\u00e9 d&rsquo;une troisi\u00e8me s\u00e9ance de suivi psychologique.<\/p>\n\n\n\n<p class=\"wp-block-paragraph\">Les cellules de solidarit\u00e9 de Oued Zhour et Ch\u00e9ra\u00efa relevant de la wilaya de Skikda continuent d&rsquo;appuyer les \u00e9quipes sp\u00e9cialis\u00e9es de la wilaya de Jijel, en assurant, pour le troisi\u00e8me jour cons\u00e9cutif, un accompagnement psychologique au niveau du centre d&rsquo;h\u00e9bergement de la commune de Djema\u00e2 Beni Habibi et de l&rsquo;\u00e9cole primaire Taleb-Abdelkrim.<\/p>\n\n\n\n<p class=\"wp-block-paragraph\">Dans la wilaya d&rsquo;El Tarf, la Direction de l&rsquo;action sociale et de la solidarit\u00e9 a activ\u00e9 les m\u00e9canismes de prise en charge et d&rsquo;accompagnement suite aux incendies ayant touch\u00e9 la r\u00e9gion de Khenguet Aoun, entra\u00eenant l&rsquo;\u00e9vacuation pr\u00e9ventive de 65 familles, auxquelles des aides mat\u00e9rielles et un soutien psychosocial ont \u00e9t\u00e9 apport\u00e9s, conclut le communiqu\u00e9.<\/p>\n","protected":false},"excerpt":{"rendered":"<p>&nbsp;Les \u00e9quipes des cellules de solidarit\u00e9 de proximit\u00e9 poursuivent leurs interventions sur le terrain dans les wilayas de Tizi Ouzou, Jijel et El Tarf au profit des sinistr\u00e9s des r\u00e9cents incendies, indique dimanche un communiqu\u00e9 du minist\u00e8re de la Solidarit\u00e9 nationale, de la Famille et de la Condition de la [&hellip;]<\/p>\n","protected":false},"author":3,"featured_media":67455,"comment_status":"open","ping_status":"open","sticky":false,"template":"","format":"standard","meta":{"footnotes":""},"categories":[53],"tags":[],"class_list":["post-67454","post","type-post","status-publish","format-standard","has-post-thumbnail","hentry","category-societe"],"_links":{"self":[{"href":"https:\/\/alger16.dz\/index.php?rest_route=\/wp\/v2\/posts\/67454","targetHints":{"allow":["GET"]}}],"collection":[{"href":"https:\/\/alger16.dz\/index.php?rest_route=\/wp\/v2\/posts"}],"about":[{"href":"https:\/\/alger16.dz\/index.php?rest_route=\/wp\/v2\/types\/post"}],"author":[{"embeddable":true,"href":"https:\/\/alger16.dz\/index.php?rest_route=\/wp\/v2\/users\/3"}],"replies":[{"embeddable":true,"href":"https:\/\/alger16.dz\/index.php?rest_route=%2Fwp%2Fv2%2Fcomments&post=67454"}],"version-history":[{"count":1,"href":"https:\/\/alger16.dz\/index.php?rest_route=\/wp\/v2\/posts\/67454\/revisions"}],"predecessor-version":[{"id":67456,"href":"https:\/\/alger16.dz\/index.php?rest_route=\/wp\/v2\/posts\/67454\/revisions\/67456"}],"wp:featuredmedia":[{"embeddable":true,"href":"https:\/\/alger16.dz\/index.php?rest_route=\/wp\/v2\/media\/67455"}],"wp:attachment":[{"href":"https:\/\/alger16.dz\/index.php?rest_route=%2Fwp%2Fv2%2Fmedia&parent=67454"}],"wp:term":[{"taxonomy":"category","embeddable":true,"href":"https:\/\/alger16.dz\/index.php?rest_route=%2Fwp%2Fv2%2Fcategories&post=67454"},{"taxonomy":"post_tag","embeddable":true,"href":"https:\/\/alger16.dz\/index.php?rest_route=%2Fwp%2Fv2%2Ftags&post=67454"}],"curies":[{"name":"wp","href":"https:\/\/api.w.org\/{rel}","templated":true}]}}