{"id":67466,"date":"2026-08-31T11:51:26","date_gmt":"2026-08-31T11:51:26","guid":{"rendered":"https:\/\/alger16.dz\/?p=67466"},"modified":"2026-08-31T11:51:27","modified_gmt":"2026-08-31T11:51:27","slug":"incendies-envoi-dune-clinique-mobile-dans-la-wilaya-de-jijel-pour-renforcer-la-prise-en-charge-sanitaire-des-sinistres","status":"publish","type":"post","link":"https:\/\/alger16.dz\/?p=67466","title":{"rendered":"Incendies : Envoi d&rsquo;une clinique mobile dans la wilaya de Jijel pour renforcer la prise en charge sanitaire des sinistr\u00e9s"},"content":{"rendered":"\n<p class=\"wp-block-paragraph\">Le minist\u00e8re de la Sant\u00e9 a proc\u00e9d\u00e9, dimanche, \u00e0 l&rsquo;envoi d&rsquo;une clinique m\u00e9dicale mobile en direction de la wilaya de Jijel, dans le cadre de la poursuite des efforts visant \u00e0 assurer une prise en charge sanitaire optimale des citoyens sinistr\u00e9s suite aux r\u00e9cents incendies ayant touch\u00e9 plusieurs wilayas de l&rsquo;est et du centre du pays.<\/p>\n\n\n\n<figure class=\"wp-block-image size-large\"><img loading=\"lazy\" decoding=\"async\" width=\"1024\" height=\"576\" src=\"https:\/\/alger16.dz\/wp-content\/uploads\/2026\/08\/image-64-1024x576.webp\" alt=\"\" class=\"wp-image-67467\" srcset=\"https:\/\/alger16.dz\/wp-content\/uploads\/2026\/08\/image-64-1024x576.webp 1024w, https:\/\/alger16.dz\/wp-content\/uploads\/2026\/08\/image-64-300x169.webp 300w, https:\/\/alger16.dz\/wp-content\/uploads\/2026\/08\/image-64-767x431.webp 767w, https:\/\/alger16.dz\/wp-content\/uploads\/2026\/08\/image-64.webp 1080w\" sizes=\"auto, (max-width: 1024px) 100vw, 1024px\" \/><\/figure>\n\n\n\n<p class=\"wp-block-paragraph\">Cette initiative, lanc\u00e9e depuis le si\u00e8ge de la Pharmacie centrale des h\u00f4pitaux (PCH) \u00e0 Alger, en ex\u00e9cution des instructions du ministre de la Sant\u00e9, Mohamed Seddik Ait Messaoudene, vise \u00e0 \u00ab\u00a0renforcer la couverture sanitaire et rapprocher les services m\u00e9dicaux des citoyens, en assurant les soins et la prise en charge sanitaire et psychologique, et en r\u00e9pondant aux besoins sanitaires exprim\u00e9s au niveau local en ces circonstances exceptionnelles\u00a0\u00bb.<\/p>\n\n\n\n<p class=\"wp-block-paragraph\">A cet \u00e9gard, la sous-directrice au minist\u00e8re de la Sant\u00e9, Bensemmane Radia, a d\u00e9clar\u00e9 que cette clinique m\u00e9dicale mobile est \u00ab\u00a0\u00e9quip\u00e9e de l&rsquo;ensemble des moyens et fournitures m\u00e9dicales et encadr\u00e9e par des \u00e9quipes m\u00e9dicales et param\u00e9dicales\u00a0\u00bb, ajoutant que \u00ab\u00a0deux autres cliniques mobiles seront d\u00e9ploy\u00e9es \u00e0 partir de lundi, afin de couvrir d&rsquo;autres wilayas\u00a0\u00bb.<\/p>\n","protected":false},"excerpt":{"rendered":"<p>Le minist\u00e8re de la Sant\u00e9 a proc\u00e9d\u00e9, dimanche, \u00e0 l&rsquo;envoi d&rsquo;une clinique m\u00e9dicale mobile en direction de la wilaya de Jijel, dans le cadre de la poursuite des efforts visant \u00e0 assurer une prise en charge sanitaire optimale des citoyens sinistr\u00e9s suite aux r\u00e9cents incendies ayant touch\u00e9 plusieurs wilayas de [&hellip;]<\/p>\n","protected":false},"author":3,"featured_media":67467,"comment_status":"open","ping_status":"open","sticky":false,"template":"","format":"standard","meta":{"footnotes":""},"categories":[113,53],"tags":[],"class_list":["post-67466","post","type-post","status-publish","format-standard","has-post-thumbnail","hentry","category-sciences-et-technologies","category-societe"],"_links":{"self":[{"href":"https:\/\/alger16.dz\/index.php?rest_route=\/wp\/v2\/posts\/67466","targetHints":{"allow":["GET"]}}],"collection":[{"href":"https:\/\/alger16.dz\/index.php?rest_route=\/wp\/v2\/posts"}],"about":[{"href":"https:\/\/alger16.dz\/index.php?rest_route=\/wp\/v2\/types\/post"}],"author":[{"embeddable":true,"href":"https:\/\/alger16.dz\/index.php?rest_route=\/wp\/v2\/users\/3"}],"replies":[{"embeddable":true,"href":"https:\/\/alger16.dz\/index.php?rest_route=%2Fwp%2Fv2%2Fcomments&post=67466"}],"version-history":[{"count":1,"href":"https:\/\/alger16.dz\/index.php?rest_route=\/wp\/v2\/posts\/67466\/revisions"}],"predecessor-version":[{"id":67468,"href":"https:\/\/alger16.dz\/index.php?rest_route=\/wp\/v2\/posts\/67466\/revisions\/67468"}],"wp:featuredmedia":[{"embeddable":true,"href":"https:\/\/alger16.dz\/index.php?rest_route=\/wp\/v2\/media\/67467"}],"wp:attachment":[{"href":"https:\/\/alger16.dz\/index.php?rest_route=%2Fwp%2Fv2%2Fmedia&parent=67466"}],"wp:term":[{"taxonomy":"category","embeddable":true,"href":"https:\/\/alger16.dz\/index.php?rest_route=%2Fwp%2Fv2%2Fcategories&post=67466"},{"taxonomy":"post_tag","embeddable":true,"href":"https:\/\/alger16.dz\/index.php?rest_route=%2Fwp%2Fv2%2Ftags&post=67466"}],"curies":[{"name":"wp","href":"https:\/\/api.w.org\/{rel}","templated":true}]}}