{"id":67476,"date":"2026-08-31T22:01:00","date_gmt":"2026-08-31T22:01:00","guid":{"rendered":"https:\/\/alger16.dz\/?p=67476"},"modified":"2026-08-31T15:22:38","modified_gmt":"2026-08-31T15:22:38","slug":"peine-de-mort-letat-passe-a-loffensive","status":"publish","type":"post","link":"https:\/\/alger16.dz\/?p=67476","title":{"rendered":"peine de mort: l\u2019\u00e9tat passe \u00e0 l\u2019offensive"},"content":{"rendered":"\n<p class=\"wp-block-paragraph\"><strong><em>Code p\u00e9nal, indemnisation, relogement et r\u00e9tablissement des r\u00e9seaux : l\u2019\u00c9tat engage une r\u00e9ponse globale apr\u00e8s les incendies.<\/em><\/strong><\/p>\n\n\n\n<p class=\"wp-block-paragraph\">Apr\u00e8s les incendies qui ont frapp\u00e9 plusieurs wilayas du centre et de l\u2019est du pays, l\u2019\u00c9tat engage une r\u00e9ponse sur tous les fronts. Justice, indemnisation, relogement, r\u00e9tablissement des r\u00e9seaux essentiels et pr\u00e9vention : le pr\u00e9sident de la R\u00e9publique, Abdelmadjid Tebboune, a fix\u00e9, dimanche dernier, lors d\u2019une r\u00e9union tenue au si\u00e8ge de la pr\u00e9sidence de la R\u00e9publique, une s\u00e9rie de mesures destin\u00e9es \u00e0 prendre en charge les cons\u00e9quences de ces sinistres et \u00e0 permettre aux populations touch\u00e9es de retrouver rapidement une vie normale.<\/p>\n\n\n\n<figure class=\"wp-block-image size-large\"><img loading=\"lazy\" decoding=\"async\" width=\"1024\" height=\"683\" src=\"https:\/\/alger16.dz\/wp-content\/uploads\/2026\/08\/ph-page-3-interieur-1024x683.jpg\" alt=\"\" class=\"wp-image-67477\" srcset=\"https:\/\/alger16.dz\/wp-content\/uploads\/2026\/08\/ph-page-3-interieur-1024x683.jpg 1024w, https:\/\/alger16.dz\/wp-content\/uploads\/2026\/08\/ph-page-3-interieur-300x200.jpg 300w, https:\/\/alger16.dz\/wp-content\/uploads\/2026\/08\/ph-page-3-interieur-768x512.jpg 768w, https:\/\/alger16.dz\/wp-content\/uploads\/2026\/08\/ph-page-3-interieur.jpg 1080w\" sizes=\"auto, (max-width: 1024px) 100vw, 1024px\" \/><\/figure>\n\n\n\n<p class=\"wp-block-paragraph\">R\u00e9uni avec les hauts responsables militaires et civils, le pr\u00e9sident de la R\u00e9publique, Chef supr\u00eame des Forces arm\u00e9es et ministre de la D\u00e9fense nationale, a plac\u00e9 la question de la responsabilit\u00e9 dans le d\u00e9clenchement volontaire des incendies au c\u0153ur de cette nouvelle \u00e9tape. La d\u00e9cision la plus forte concerne la modification du Code p\u00e9nal. Abdelmadjid Tebboune a demand\u00e9 au ministre de la Justice, garde des Sceaux, de pr\u00e9parer cette modification avant le 15 septembre afin d\u2019instaurer la peine de mort avec ex\u00e9cution, apr\u00e8s \u00e9puisement des voies de recours pr\u00e9vues par la loi, contre les personnes reconnues coupables d\u2019avoir provoqu\u00e9 volontairement des incendies.<br>Le Pr\u00e9sident a insist\u00e9 pour que le projet soit pr\u00e9sent\u00e9 au gouvernement au cours de cette semaine, avant d\u2019\u00eatre soumis \u00e0 l\u2019Assembl\u00e9e populaire nationale. Une proc\u00e9dure acc\u00e9l\u00e9r\u00e9e qui traduit la volont\u00e9 des autorit\u00e9s de donner une r\u00e9ponse judiciaire forte aux actes volontaires qui auraient contribu\u00e9 au d\u00e9clenchement des feux.<br>Le chef de l\u2019\u00c9tat a \u00e9galement adress\u00e9 un avertissement aux personnes qui pourraient penser que la loi ne sera pas appliqu\u00e9e, affirmant que la justice et la soci\u00e9t\u00e9 \u00ab auront raison \u00bb de ceux qui s\u2019en prennent au pays. Le volet judiciaire vient ainsi s\u2019ajouter aux op\u00e9rations men\u00e9es par les services de s\u00e9curit\u00e9 pour d\u00e9terminer les circonstances exactes des d\u00e9parts de feu.<br>Dans ce cadre, les walis des wilayas concern\u00e9es ont re\u00e7u instruction de transmettre aux services de s\u00e9curit\u00e9 toutes les informations disponibles relatives aux incendies. Le pr\u00e9sident de la R\u00e9publique a, par ailleurs, indiqu\u00e9 que plusieurs personnes avaient d\u00e9j\u00e0 \u00e9t\u00e9 arr\u00eat\u00e9es dans le cadre des investigations.<br>Les circonstances de certains d\u00e9parts de feu suscitent \u00e9galement des interrogations au plus haut niveau de l\u2019\u00c9tat. Abdelmadjid Tebboune a, entre autres, relev\u00e9 le caract\u00e8re inhabituel de plusieurs incendies survenus simultan\u00e9ment, \u00e9voquant notamment des d\u00e9parts de feu enregistr\u00e9s au milieu de la nuit et s\u2019\u00e9tant rapidement propag\u00e9s alors qu\u2019il n\u2019y avait pas de vent. Ces \u00e9l\u00e9ments devront d\u00e9sormais \u00eatre examin\u00e9s par les services comp\u00e9tents et la justice, seuls habilit\u00e9s \u00e0 \u00e9tablir les responsabilit\u00e9s.<br>Mais la r\u00e9ponse de l\u2019\u00c9tat ne se limite pas au volet s\u00e9curitaire et judiciaire. Face aux pertes humaines et mat\u00e9rielles enregistr\u00e9es, la priorit\u00e9 est \u00e9galement donn\u00e9e aux familles sinistr\u00e9es. Des commissions seront mises en place pour proc\u00e9der au recensement et \u00e0 l\u2019\u00e9valuation des d\u00e9g\u00e2ts, afin de d\u00e9terminer avec pr\u00e9cision l\u2019ampleur des pertes et de permettre la mise en \u0153uvre des dispositifs d\u2019indemnisation.<br>Le pr\u00e9sident de la R\u00e9publique a ordonn\u00e9 de mobiliser tous les moyens n\u00e9cessaires et de redoubler d\u2019efforts dans l\u2019ensemble des secteurs concern\u00e9s pour que l\u2019\u00e9valuation des dommages soit men\u00e9e rapidement et efficacement. Le minist\u00e8re des Finances travaille d\u00e9j\u00e0 \u00e0 la d\u00e9finition de la formule d\u2019indemnisation destin\u00e9e aux victimes.<br>Sur ce point, l\u2019engagement pr\u00e9sidentiel est sans ambigu\u00eft\u00e9 : les personnes touch\u00e9es par les incendies seront indemnis\u00e9es pour les pertes qu\u2019elles ont subies, quelle que soit la nature des dommages. L\u2019objectif est de permettre aux familles affect\u00e9es de surmonter rapidement les cons\u00e9quences mat\u00e9rielles du sinistre et de reconstruire leur quotidien.<br>Le relogement constitue un autre volet imm\u00e9diat de cette prise en charge. Le ministre de l\u2019Habitat, de l\u2019Urbanisme et de la Ville a re\u00e7u instruction, en coordination avec les walis concern\u00e9s, de prendre toutes les mesures n\u00e9cessaires pour engager le relogement des personnes ayant perdu leur habitation ou dont les logements ont \u00e9t\u00e9 rendus inhabitables. Parall\u00e8lement, une vaste op\u00e9ration de r\u00e9tablissement des services essentiels doit \u00eatre men\u00e9e dans les zones touch\u00e9es. Le pr\u00e9sident de la R\u00e9publique a fix\u00e9 \u00e0 samedi prochain, au plus tard, le d\u00e9lai pour prendre en charge la r\u00e9paration des r\u00e9seaux d\u2019eau potable, de gaz et d\u2019\u00e9lectricit\u00e9, ainsi que des t\u00e9l\u00e9communications. L\u2019objectif est de permettre aux citoyens de regagner leurs domiciles dans les meilleures conditions de s\u00e9curit\u00e9 et de confort. Le r\u00e9tablissement des t\u00e9l\u00e9communications rev\u00eat une importance particuli\u00e8re dans les zones sinistr\u00e9es, o\u00f9 les moyens de communication sont indispensables aussi bien pour les habitants que pour la coordination des interventions et des secours. La remise en \u00e9tat de ces infrastructures doit donc accompagner le retour progressif des populations \u00e0 une vie normale.<br>La pr\u00e9vention des futurs incendies n\u2019a pas \u00e9t\u00e9 oubli\u00e9e. Le pr\u00e9sident de la R\u00e9publique a ordonn\u00e9 l\u2019ouverture d\u2019un atelier r\u00e9unissant des experts afin d\u2019\u00e9tudier les normes de construction des logements situ\u00e9s dans les zones foresti\u00e8res. Il s\u2019agit notamment de r\u00e9fl\u00e9chir \u00e0 de nouveaux crit\u00e8res permettant de mieux prot\u00e9ger les populations vivant dans des espaces expos\u00e9s au risque d\u2019incendie. Cette d\u00e9marche vise \u00e0 tirer les enseignements des \u00e9v\u00e9nements r\u00e9cents et \u00e0 renforcer les dispositifs de pr\u00e9vention. La question de l\u2019am\u00e9nagement des zones foresti\u00e8res et de la protection des habitations contre la propagation des feux devra ainsi faire l\u2019objet d\u2019une r\u00e9flexion approfondie. Avant l\u2019examen de l\u2019ensemble de ces mesures, une minute de silence a \u00e9t\u00e9 observ\u00e9e \u00e0 la m\u00e9moire des victimes des incendies. Ce moment de recueillement a donn\u00e9 le ton d\u2019une r\u00e9union consacr\u00e9e \u00e0 la fois aux pertes humaines, aux d\u00e9g\u00e2ts mat\u00e9riels et aux r\u00e9ponses \u00e0 apporter aux populations.<br>\u00c0 travers les d\u00e9cisions arr\u00eat\u00e9es dimanche dernier, l\u2019\u00c9tat entend donc agir simultan\u00e9ment sur plusieurs fronts. Punir les auteurs lorsque leur responsabilit\u00e9 est \u00e9tablie par la justice, indemniser les victimes, reloger les familles touch\u00e9es, r\u00e9tablir les r\u00e9seaux essentiels et renforcer la pr\u00e9vention : telle est d\u00e9sormais la feuille de route fix\u00e9e par le pr\u00e9sident de la R\u00e9publique.<br>Dans un contexte marqu\u00e9 par l\u2019\u00e9motion provoqu\u00e9e par les pertes humaines, Abdelmadjid Tebboune a \u00e9galement voulu r\u00e9affirmer la d\u00e9termination de l\u2019\u00c9tat \u00e0 ne pas laisser cette \u00e9preuve affaiblir le pays. \u00ab Ceux qui pensent que l\u2019Alg\u00e9rie va \u00e9chouer se trompent \u00bb, a-t-il affirm\u00e9, rappelant que le pays est habitu\u00e9 aux sacrifices et capable de surmonter les \u00e9preuves.<br>Le chef de l\u2019\u00c9tat a enfin plac\u00e9 cette mobilisation dans une perspective plus large, estimant que l\u2019enjeu est d\u00e9sormais de faire face \u00e0 toute tentative visant \u00e0 affaiblir le pays ou \u00e0 porter atteinte \u00e0 son unit\u00e9.<br>Ainsi, apr\u00e8s la mobilisation des secours et la lutte contre les incendies, une nouvelle bataille s\u2019engage : celle du retour \u00e0 la normale pour les populations sinistr\u00e9es, de la reconstruction des zones touch\u00e9es et de l\u2019\u00e9tablissement des responsabilit\u00e9s. Une r\u00e9ponse qui se veut \u00e0 la fois sociale, mat\u00e9rielle, s\u00e9curitaire et judiciaire, avec une priorit\u00e9 affich\u00e9e : prot\u00e9ger les citoyens et restaurer rapidement les conditions de vie dans les r\u00e9gions frapp\u00e9es par les incendies.<\/p>\n\n\n\n<p class=\"wp-block-paragraph\">ALGER 16<\/p>\n","protected":false},"excerpt":{"rendered":"<p>Code p\u00e9nal, indemnisation, relogement et r\u00e9tablissement des r\u00e9seaux : l\u2019\u00c9tat engage une r\u00e9ponse globale apr\u00e8s les incendies. Apr\u00e8s les incendies qui ont frapp\u00e9 plusieurs wilayas du centre et de l\u2019est du pays, l\u2019\u00c9tat engage une r\u00e9ponse sur tous les fronts. Justice, indemnisation, relogement, r\u00e9tablissement des r\u00e9seaux essentiels et pr\u00e9vention : [&hellip;]<\/p>\n","protected":false},"author":3,"featured_media":67477,"comment_status":"open","ping_status":"open","sticky":false,"template":"","format":"standard","meta":{"footnotes":""},"categories":[36,53],"tags":[],"class_list":["post-67476","post","type-post","status-publish","format-standard","has-post-thumbnail","hentry","category-actualites","category-societe"],"_links":{"self":[{"href":"https:\/\/alger16.dz\/index.php?rest_route=\/wp\/v2\/posts\/67476","targetHints":{"allow":["GET"]}}],"collection":[{"href":"https:\/\/alger16.dz\/index.php?rest_route=\/wp\/v2\/posts"}],"about":[{"href":"https:\/\/alger16.dz\/index.php?rest_route=\/wp\/v2\/types\/post"}],"author":[{"embeddable":true,"href":"https:\/\/alger16.dz\/index.php?rest_route=\/wp\/v2\/users\/3"}],"replies":[{"embeddable":true,"href":"https:\/\/alger16.dz\/index.php?rest_route=%2Fwp%2Fv2%2Fcomments&post=67476"}],"version-history":[{"count":1,"href":"https:\/\/alger16.dz\/index.php?rest_route=\/wp\/v2\/posts\/67476\/revisions"}],"predecessor-version":[{"id":67478,"href":"https:\/\/alger16.dz\/index.php?rest_route=\/wp\/v2\/posts\/67476\/revisions\/67478"}],"wp:featuredmedia":[{"embeddable":true,"href":"https:\/\/alger16.dz\/index.php?rest_route=\/wp\/v2\/media\/67477"}],"wp:attachment":[{"href":"https:\/\/alger16.dz\/index.php?rest_route=%2Fwp%2Fv2%2Fmedia&parent=67476"}],"wp:term":[{"taxonomy":"category","embeddable":true,"href":"https:\/\/alger16.dz\/index.php?rest_route=%2Fwp%2Fv2%2Fcategories&post=67476"},{"taxonomy":"post_tag","embeddable":true,"href":"https:\/\/alger16.dz\/index.php?rest_route=%2Fwp%2Fv2%2Ftags&post=67476"}],"curies":[{"name":"wp","href":"https:\/\/api.w.org\/{rel}","templated":true}]}}