{"id":67479,"date":"2026-08-31T22:20:00","date_gmt":"2026-08-31T22:20:00","guid":{"rendered":"https:\/\/alger16.dz\/?p=67479"},"modified":"2026-08-31T15:29:05","modified_gmt":"2026-08-31T15:29:05","slug":"selection-des-jeunes-preparation-de-la-can-u23-2027-les-u23-en-regroupementa-sidi-moussa","status":"publish","type":"post","link":"https:\/\/alger16.dz\/?p=67479","title":{"rendered":"S\u00e9LECTION DES JEUNES (Pr\u00e9paration de la CAN U23 2027) : Les U23 en regroupement\u00e0 Sidi Moussa"},"content":{"rendered":"\n<p class=\"wp-block-paragraph\"><strong>Par Djaffar C.<\/strong><\/p>\n\n\n\n<p class=\"wp-block-paragraph\"><strong><em>La s\u00e9lection nationale des U23 a entam\u00e9, dimanche dernier, un nouveau regroupement de pr\u00e9paration au Centre technique national de Sidi Moussa \u00e0 Alger.<\/em><\/strong><\/p>\n\n\n\n<figure class=\"wp-block-image size-large\"><img loading=\"lazy\" decoding=\"async\" width=\"1024\" height=\"836\" src=\"https:\/\/alger16.dz\/wp-content\/uploads\/2026\/08\/u23u-copie-1024x836.jpg\" alt=\"\" class=\"wp-image-67486\" srcset=\"https:\/\/alger16.dz\/wp-content\/uploads\/2026\/08\/u23u-copie-1024x836.jpg 1024w, https:\/\/alger16.dz\/wp-content\/uploads\/2026\/08\/u23u-copie-300x245.jpg 300w, https:\/\/alger16.dz\/wp-content\/uploads\/2026\/08\/u23u-copie-767x626.jpg 767w, https:\/\/alger16.dz\/wp-content\/uploads\/2026\/08\/u23u-copie-1536x1254.jpg 1536w, https:\/\/alger16.dz\/wp-content\/uploads\/2026\/08\/u23u-copie-2048x1671.jpg 2048w\" sizes=\"auto, (max-width: 1024px) 100vw, 1024px\" \/><\/figure>\n\n\n\n<p class=\"wp-block-paragraph\">Le s\u00e9lectionneur national Rafik Saifi a fait appel, pour ce stage, \u00e0 25 joueurs tous issus du championnat local. Il s\u2019agit de Mokhtar Mohamed-Aness (CR Belouizdad), Trad Zakaria, Boungab Ahd Abderrahmene (ES S\u00e9tif), Merhab Mohamed, Cherir Abdelhak (JS Saoura), Gassi Yakoub, Chaib Yacine, Hamadouche Yacine (MC Alger), Benadela Abderrahmane (US Chaouia), Bouaouiche Ramy, Slimane Tichtich Islam (JS Kabylie), Guerroudja Wael, Hamri Abdelkrim Sohaib (CR T\u00e9mouchent), Ben Idder Abdelhak, Guidoum Mohamed, Belkaid Youcef (Paradou AC), Diha Imad Eddine (US Biskra), Ammam Faiz, Abbaci Islam (JS El Biar), Mahi Mohammed (MB Rouisset), Boularas Omar, Boutaoui Moncef, Limane Ala Eddine (USM Alger), Sari Mohamed Abdelkafi (ES Ben Aknoun) et Feddal Aissa (ASO Chlef). L\u2019objectif premier de ce regroupement est de poursuivre la pr\u00e9paration des \u00e9liminatoires de la Coupe d\u2019Afrique des Nations (CAN) des U23 2027, qualificative, pour rappel, pour les Jeux olympiques de Los Angeles 2028. Etant exempt du premier tour, la s\u00e9lection nationale entamera les \u00e9liminatoires \u00e0 partir du deuxi\u00e8me tour. Elle aura comme premier adversaire, en matchs aller et retour, entre les 9 et 17 novembre prochain, le vainqueur de la confrontation du premier tour qui opposera le Malawi \u00e0 l\u2019Eswatini. Lors du tour suivant, en cas de qualification, les jeunes Verts disputeront, en mars 2027, leur qualification au tournoi final, contre le vainqueur de Zimbabwe et le qualifi\u00e9 de \u00cele Maurice &#8211; Mali. A noter, enfin, que ce regroupement se poursuivra jusqu\u2019\u00e0 demain.<br>Djaffar C.<\/p>\n","protected":false},"excerpt":{"rendered":"<p>Par Djaffar C. La s\u00e9lection nationale des U23 a entam\u00e9, dimanche dernier, un nouveau regroupement de pr\u00e9paration au Centre technique national de Sidi Moussa \u00e0 Alger. Le s\u00e9lectionneur national Rafik Saifi a fait appel, pour ce stage, \u00e0 25 joueurs tous issus du championnat local. Il s\u2019agit de Mokhtar Mohamed-Aness [&hellip;]<\/p>\n","protected":false},"author":3,"featured_media":67486,"comment_status":"open","ping_status":"open","sticky":false,"template":"","format":"standard","meta":{"footnotes":""},"categories":[62,61],"tags":[379],"class_list":["post-67479","post","type-post","status-publish","format-standard","has-post-thumbnail","hentry","category-le-savez-vous","category-sport","tag-football"],"_links":{"self":[{"href":"https:\/\/alger16.dz\/index.php?rest_route=\/wp\/v2\/posts\/67479","targetHints":{"allow":["GET"]}}],"collection":[{"href":"https:\/\/alger16.dz\/index.php?rest_route=\/wp\/v2\/posts"}],"about":[{"href":"https:\/\/alger16.dz\/index.php?rest_route=\/wp\/v2\/types\/post"}],"author":[{"embeddable":true,"href":"https:\/\/alger16.dz\/index.php?rest_route=\/wp\/v2\/users\/3"}],"replies":[{"embeddable":true,"href":"https:\/\/alger16.dz\/index.php?rest_route=%2Fwp%2Fv2%2Fcomments&post=67479"}],"version-history":[{"count":1,"href":"https:\/\/alger16.dz\/index.php?rest_route=\/wp\/v2\/posts\/67479\/revisions"}],"predecessor-version":[{"id":67487,"href":"https:\/\/alger16.dz\/index.php?rest_route=\/wp\/v2\/posts\/67479\/revisions\/67487"}],"wp:featuredmedia":[{"embeddable":true,"href":"https:\/\/alger16.dz\/index.php?rest_route=\/wp\/v2\/media\/67486"}],"wp:attachment":[{"href":"https:\/\/alger16.dz\/index.php?rest_route=%2Fwp%2Fv2%2Fmedia&parent=67479"}],"wp:term":[{"taxonomy":"category","embeddable":true,"href":"https:\/\/alger16.dz\/index.php?rest_route=%2Fwp%2Fv2%2Fcategories&post=67479"},{"taxonomy":"post_tag","embeddable":true,"href":"https:\/\/alger16.dz\/index.php?rest_route=%2Fwp%2Fv2%2Ftags&post=67479"}],"curies":[{"name":"wp","href":"https:\/\/api.w.org\/{rel}","templated":true}]}}