{"id":67483,"date":"2026-08-31T22:04:00","date_gmt":"2026-08-31T22:04:00","guid":{"rendered":"https:\/\/alger16.dz\/?p=67483"},"modified":"2026-08-31T15:28:09","modified_gmt":"2026-08-31T15:28:09","slug":"reunion-de-coordination-consacree-au-suivi-des-operations-de-secours-a-la-suite-des-derniers-incendies-le-ministre-de-lhabitat-ordonne-daccelerer-les-aides","status":"publish","type":"post","link":"https:\/\/alger16.dz\/?p=67483","title":{"rendered":"r\u00e9union de coordination consacr\u00e9e au suivi des op\u00e9rations de secours \u00e0 la suite des derniers incendies: Le ministre de l\u2019Habitat ordonne d\u2019acc\u00e9l\u00e9rer les aides"},"content":{"rendered":"\n<p class=\"wp-block-paragraph\">Par Abir Menasria<\/p>\n\n\n\n<figure class=\"wp-block-image size-large\"><img loading=\"lazy\" decoding=\"async\" width=\"1024\" height=\"683\" src=\"https:\/\/alger16.dz\/wp-content\/uploads\/2026\/08\/AADL-3-Belaribi-preside-une-importante-reunion-1024x683.jpg\" alt=\"\" class=\"wp-image-67484\" srcset=\"https:\/\/alger16.dz\/wp-content\/uploads\/2026\/08\/AADL-3-Belaribi-preside-une-importante-reunion-1024x683.jpg 1024w, https:\/\/alger16.dz\/wp-content\/uploads\/2026\/08\/AADL-3-Belaribi-preside-une-importante-reunion-300x200.jpg 300w, https:\/\/alger16.dz\/wp-content\/uploads\/2026\/08\/AADL-3-Belaribi-preside-une-importante-reunion-767x511.jpg 767w, https:\/\/alger16.dz\/wp-content\/uploads\/2026\/08\/AADL-3-Belaribi-preside-une-importante-reunion-1536x1024.jpg 1536w, https:\/\/alger16.dz\/wp-content\/uploads\/2026\/08\/AADL-3-Belaribi-preside-une-importante-reunion.jpg 2048w\" sizes=\"auto, (max-width: 1024px) 100vw, 1024px\" \/><\/figure>\n\n\n\n<p class=\"wp-block-paragraph\">Le ministre de l&rsquo;Habitat, de l&rsquo;Urbanisme et de la Ville, Tarek Belaribi, a pr\u00e9sid\u00e9, hier, une r\u00e9union de coordination consacr\u00e9e au suivi des op\u00e9rations de secours \u00e0 la suite des derniers incendies qui ont touch\u00e9 plusieurs wilayas du pays, a indiqu\u00e9 un communiqu\u00e9.<br>Cette r\u00e9union a rassembl\u00e9 des repr\u00e9sentants du minist\u00e8re, le directeur g\u00e9n\u00e9ral de l\u2019organisme national de contr\u00f4le technique de la construction (CTC), des directeurs du logement, ainsi que les responsables des antennes de l\u2019autorit\u00e9 dans les wilayas sinistr\u00e9es.<br>Les discussions ont port\u00e9 sur toutes les \u00e9tapes de l\u2019op\u00e9ration, depuis l\u2019\u00e9valuation technique sur site des d\u00e9g\u00e2ts caus\u00e9s aux b\u00e2timents sinistr\u00e9s jusqu\u2019au versement des aides financi\u00e8res aux familles touch\u00e9es.<br>Au cours de la r\u00e9union, le ministre a \u00e9mis plusieurs directives, notamment le doublement du nombre d\u2019ing\u00e9nieurs du CTC et leur d\u00e9ploiement dans les wilayas touch\u00e9es dans un d\u00e9lai maximal de 72 heures, afin de renforcer les \u00e9valuations sur site et le suivi technique.<br>Le ministre a \u00e9galement charg\u00e9 les directeurs du logement des wilayas sinistr\u00e9es de statuer sur l\u2019attribution des aides financi\u00e8res aux familles touch\u00e9es. La Banque nationale du logement a \u00e9t\u00e9 charg\u00e9e de mettre en \u0153uvre ces d\u00e9cisions, conform\u00e9ment aux proc\u00e9dures l\u00e9gales en vigueur.<br>Par ailleurs, le personnel n\u00e9cessaire sera mobilis\u00e9 pour appuyer les directeurs du logement et des travaux publics dans le lancement des op\u00e9rations de nettoyage et de remise en \u00e9tat des habitations et des \u00e9quipements publics endommag\u00e9s.<br>Selon la m\u00eame source, une r\u00e9union de concertation et d\u2019\u00e9valuation est pr\u00e9vue dans les 72 heures \u00e0 venir. Son objectif est d\u2019examiner l\u2019application des directives re\u00e7ues et de suivre les progr\u00e8s r\u00e9alis\u00e9s en mati\u00e8re de soutien aux familles touch\u00e9es, ainsi que les op\u00e9rations de r\u00e9habilitation des habitations et des infrastructures publiques endommag\u00e9es.<br>L\u2019objectif affich\u00e9 est d\u00e9sormais d\u2019acc\u00e9l\u00e9rer le passage de l\u2019urgence \u00e0 la prise en charge concr\u00e8te, afin de permettre aux familles sinistr\u00e9es de retrouver, dans les meilleurs d\u00e9lais, des conditions de vie normales et s\u00e9curis\u00e9es. <\/p>\n","protected":false},"excerpt":{"rendered":"<p>Par Abir Menasria Le ministre de l&rsquo;Habitat, de l&rsquo;Urbanisme et de la Ville, Tarek Belaribi, a pr\u00e9sid\u00e9, hier, une r\u00e9union de coordination consacr\u00e9e au suivi des op\u00e9rations de secours \u00e0 la suite des derniers incendies qui ont touch\u00e9 plusieurs wilayas du pays, a indiqu\u00e9 un communiqu\u00e9.Cette r\u00e9union a rassembl\u00e9 des [&hellip;]<\/p>\n","protected":false},"author":3,"featured_media":67484,"comment_status":"open","ping_status":"open","sticky":false,"template":"","format":"standard","meta":{"footnotes":""},"categories":[36,53],"tags":[],"class_list":["post-67483","post","type-post","status-publish","format-standard","has-post-thumbnail","hentry","category-actualites","category-societe"],"_links":{"self":[{"href":"https:\/\/alger16.dz\/index.php?rest_route=\/wp\/v2\/posts\/67483","targetHints":{"allow":["GET"]}}],"collection":[{"href":"https:\/\/alger16.dz\/index.php?rest_route=\/wp\/v2\/posts"}],"about":[{"href":"https:\/\/alger16.dz\/index.php?rest_route=\/wp\/v2\/types\/post"}],"author":[{"embeddable":true,"href":"https:\/\/alger16.dz\/index.php?rest_route=\/wp\/v2\/users\/3"}],"replies":[{"embeddable":true,"href":"https:\/\/alger16.dz\/index.php?rest_route=%2Fwp%2Fv2%2Fcomments&post=67483"}],"version-history":[{"count":1,"href":"https:\/\/alger16.dz\/index.php?rest_route=\/wp\/v2\/posts\/67483\/revisions"}],"predecessor-version":[{"id":67485,"href":"https:\/\/alger16.dz\/index.php?rest_route=\/wp\/v2\/posts\/67483\/revisions\/67485"}],"wp:featuredmedia":[{"embeddable":true,"href":"https:\/\/alger16.dz\/index.php?rest_route=\/wp\/v2\/media\/67484"}],"wp:attachment":[{"href":"https:\/\/alger16.dz\/index.php?rest_route=%2Fwp%2Fv2%2Fmedia&parent=67483"}],"wp:term":[{"taxonomy":"category","embeddable":true,"href":"https:\/\/alger16.dz\/index.php?rest_route=%2Fwp%2Fv2%2Fcategories&post=67483"},{"taxonomy":"post_tag","embeddable":true,"href":"https:\/\/alger16.dz\/index.php?rest_route=%2Fwp%2Fv2%2Ftags&post=67483"}],"curies":[{"name":"wp","href":"https:\/\/api.w.org\/{rel}","templated":true}]}}