{"id":67494,"date":"2026-08-31T22:08:00","date_gmt":"2026-08-31T22:08:00","guid":{"rendered":"https:\/\/alger16.dz\/?p=67494"},"modified":"2026-08-31T15:35:15","modified_gmt":"2026-08-31T15:35:15","slug":"elections-locales-du-28-novembre-lancement-officiel-du-processus-electoral","status":"publish","type":"post","link":"https:\/\/alger16.dz\/?p=67494","title":{"rendered":"\u00c9lections locales du 28 novembre: lancement officiel du processus \u00e9lectoral"},"content":{"rendered":"\n<p class=\"wp-block-paragraph\">Par G. Salah Eddine<\/p>\n\n\n\n<p class=\"wp-block-paragraph\"><strong><em>Apr\u00e8s la convocation du corps \u00e9lectoral par le pr\u00e9sident de la R\u00e9publique, Abdelmadjid Tebboune, pour l\u2019\u00e9lection des membres des Assembl\u00e9es populaires communales et de wilaya, pr\u00e9vue le 28 novembre prochain, le compte \u00e0 rebours est d\u00e9sormais enclench\u00e9. Un scrutin qui se d\u00e9roulera dans un paysage administratif profond\u00e9ment remani\u00e9, avec l\u2019entr\u00e9e en vigueur du nouveau d\u00e9coupage territorial du pays.<\/em><\/strong><\/p>\n\n\n\n<figure class=\"wp-block-image size-full\"><img loading=\"lazy\" decoding=\"async\" width=\"465\" height=\"288\" src=\"https:\/\/alger16.dz\/wp-content\/uploads\/2026\/08\/liste.jpg\" alt=\"\" class=\"wp-image-67497\" srcset=\"https:\/\/alger16.dz\/wp-content\/uploads\/2026\/08\/liste.jpg 465w, https:\/\/alger16.dz\/wp-content\/uploads\/2026\/08\/liste-300x186.jpg 300w\" sizes=\"auto, (max-width: 465px) 100vw, 465px\" \/><\/figure>\n\n\n\n<p class=\"wp-block-paragraph\">Le 28 novembre commence d\u00e9j\u00e0 \u00e0 se dessiner dans le calendrier politique national. Apr\u00e8s la convocation du corps \u00e9lectoral, le processus devant conduire aux prochaines \u00e9lections locales entre dans sa phase active, avec une premi\u00e8re \u00e9ch\u00e9ance majeure : la r\u00e9vision exceptionnelle des listes \u00e9lectorales.<br>Cette op\u00e9ration d\u00e9butera dimanche 6 septembre et se poursuivra jusqu\u2019au jeudi 17 septembre, conform\u00e9ment au d\u00e9cret pr\u00e9sidentiel n\u00b026-284 du 29 ao\u00fbt 2026 portant convocation du corps \u00e9lectoral pour l\u2019\u00e9lection des membres des Assembl\u00e9es populaires communales et de wilaya.<br>Mais ces \u00e9lections ne seront pas un simple rendez-vous \u00e9lectoral de plus. Elles se tiendront dans un paysage territorial d\u00e9sormais diff\u00e9rent, marqu\u00e9 par l\u2019entr\u00e9e en application du nouveau d\u00e9coupage administratif du pays.<br>Le nouveau d\u00e9coupage territorial constitue l\u2019une des principales particularit\u00e9s de ce scrutin. La nouvelle organisation administrative porte le nombre de wilayas \u00e0 69, pour un total de 1.541 communes.<br>Cette nouvelle configuration entra\u00eene m\u00e9caniquement une red\u00e9finition des circonscriptions \u00e9lectorales et du nombre de si\u00e8ges \u00e0 pourvoir au sein des Assembl\u00e9es populaires communales et de wilaya. La question est loin d\u2019\u00eatre purement administrative. La r\u00e9partition des si\u00e8ges d\u00e9terminera directement la repr\u00e9sentation des citoyens au sein des Assembl\u00e9es locales. La loi organique relative au r\u00e9gime \u00e9lectoral pr\u00e9voit ainsi que le nombre de membres des Assembl\u00e9es populaires communales et de wilaya varie en fonction du nombre d\u2019habitants \u00e9tabli par le dernier recensement g\u00e9n\u00e9ral de la population et de l\u2019habitat.<br>Les nouvelles circonscriptions devront donc \u00eatre d\u00e9finies en tenant compte de cette nouvelle r\u00e9alit\u00e9 d\u00e9mographique et territoriale. Le calendrier \u00e9lectoral est d\u00e9sormais appel\u00e9 \u00e0 se d\u00e9rouler \u00e9tape par \u00e9tape. La loi organique relative au r\u00e9gime \u00e9lectoral pr\u00e9voit, dans son article 123, que le corps \u00e9lectoral est convoqu\u00e9 par d\u00e9cret pr\u00e9sidentiel trois mois avant la date du scrutin.<br>L\u2019article 169 pr\u00e9cise, pour sa part, que les membres des Assembl\u00e9es populaires communales et de wilaya sont \u00e9lus pour un mandat de cinq ans, selon un mode de scrutin de liste ouverte \u00e0 la repr\u00e9sentation proportionnelle, avec vote pr\u00e9f\u00e9rentiel et sans panachage. Quant aux circonscriptions \u00e9lectorales et au nombre de si\u00e8ges \u00e0 pourvoir, ils sont fix\u00e9s par voie r\u00e9glementaire, conform\u00e9ment \u00e0 l\u2019article 124.<br>Apr\u00e8s la r\u00e9vision exceptionnelle des listes \u00e9lectorales, les diff\u00e9rentes \u00e9tapes de pr\u00e9paration du scrutin se succ\u00e9deront conform\u00e9ment au calendrier arr\u00eat\u00e9 par l\u2019Autorit\u00e9 nationale ind\u00e9pendante des \u00e9lections (ANIE).<\/p>\n\n\n\n<p class=\"wp-block-paragraph\"><strong>Des listes soumises \u00e0 plusieurs exigences<br><\/strong>Autre \u00e9tape d\u00e9terminante : la constitution des listes de candidature. Celles-ci doivent comporter un nombre de candidats sup\u00e9rieur de sept au nombre de si\u00e8ges \u00e0 pourvoir dans les circonscriptions comptant un nombre impair de si\u00e8ges et de six candidats dans celles comptant un nombre pair de si\u00e8ges.<br>La loi impose \u00e9galement plusieurs conditions en mati\u00e8re de repr\u00e9sentation et de renouvellement. Les listes doivent, sous peine de rejet, comporter un tiers de candidates, r\u00e9server au moins la moiti\u00e9 des candidatures aux personnes \u00e2g\u00e9es de 40 ans ou moins \u00e0 la date du scrutin et compter au moins un tiers de candidats disposant d\u2019un niveau d\u2019enseignement universitaire.<br>La r\u00e8gle concernant la repr\u00e9sentation f\u00e9minine ne s\u2019applique toutefois pas aux communes dont la population ne d\u00e9passe pas 20.000 habitants.<br>Ces dispositions dessinent ainsi un scrutin local qui entend conjuguer repr\u00e9sentation territoriale, renouvellement g\u00e9n\u00e9rationnel et pr\u00e9sence accrue des femmes et des universitaires dans les futures Assembl\u00e9es.<br>Le nouveau d\u00e9coupage territorial introduit \u00e9galement des dispositions transitoires pour les wilayas nouvellement cr\u00e9\u00e9es.<br>Conform\u00e9ment aux dispositions de la loi \u00e9lectorale, les listes de candidats d\u00e9pos\u00e9es sous l\u2019\u00e9gide d\u2019un ou de plusieurs partis politiques dans ces nouvelles wilayas sont dispens\u00e9es de la condition relative \u00e0 la collecte des signatures, d\u00e8s lors qu\u2019elles remplissent l\u2019une des deux conditions li\u00e9es aux r\u00e9sultats obtenus par le parti ou \u00e0 sa repr\u00e9sentation dans la wilaya m\u00e8re lors des derni\u00e8res \u00e9lections.<br>Une disposition destin\u00e9e \u00e0 accompagner la transition \u00e9lectorale li\u00e9e \u00e0 la nouvelle organisation territoriale et \u00e0 permettre aux nouvelles wilayas de participer pleinement au scrutin.<br>\u00c0 mesure que le 28 novembre approche, l\u2019Autorit\u00e9 nationale ind\u00e9pendante des \u00e9lections se retrouve au centre du dispositif.<br>L\u2019article 7 de la loi \u00e9lectorale lui confie la pr\u00e9paration, l\u2019organisation, la gestion, la supervision et le contr\u00f4le de l\u2019ensemble des op\u00e9rations \u00e9lectorales et r\u00e9f\u00e9rendaires.<br>L\u2019administration comp\u00e9tente est, de son c\u00f4t\u00e9, tenue de mettre \u00e0 la disposition de l\u2019ANIE les moyens mat\u00e9riels n\u00e9cessaires \u00e0 l\u2019accomplissement de ses missions.<br>La premi\u00e8re \u00e9tape est d\u00e9sormais connue : du 6 au 17 septembre, les listes \u00e9lectorales seront exceptionnellement r\u00e9vis\u00e9es.<br><\/p>\n","protected":false},"excerpt":{"rendered":"<p>Par G. Salah Eddine Apr\u00e8s la convocation du corps \u00e9lectoral par le pr\u00e9sident de la R\u00e9publique, Abdelmadjid Tebboune, pour l\u2019\u00e9lection des membres des Assembl\u00e9es populaires communales et de wilaya, pr\u00e9vue le 28 novembre prochain, le compte \u00e0 rebours est d\u00e9sormais enclench\u00e9. Un scrutin qui se d\u00e9roulera dans un paysage administratif [&hellip;]<\/p>\n","protected":false},"author":3,"featured_media":67497,"comment_status":"open","ping_status":"open","sticky":false,"template":"","format":"standard","meta":{"footnotes":""},"categories":[36,53],"tags":[],"class_list":["post-67494","post","type-post","status-publish","format-standard","has-post-thumbnail","hentry","category-actualites","category-societe"],"_links":{"self":[{"href":"https:\/\/alger16.dz\/index.php?rest_route=\/wp\/v2\/posts\/67494","targetHints":{"allow":["GET"]}}],"collection":[{"href":"https:\/\/alger16.dz\/index.php?rest_route=\/wp\/v2\/posts"}],"about":[{"href":"https:\/\/alger16.dz\/index.php?rest_route=\/wp\/v2\/types\/post"}],"author":[{"embeddable":true,"href":"https:\/\/alger16.dz\/index.php?rest_route=\/wp\/v2\/users\/3"}],"replies":[{"embeddable":true,"href":"https:\/\/alger16.dz\/index.php?rest_route=%2Fwp%2Fv2%2Fcomments&post=67494"}],"version-history":[{"count":1,"href":"https:\/\/alger16.dz\/index.php?rest_route=\/wp\/v2\/posts\/67494\/revisions"}],"predecessor-version":[{"id":67498,"href":"https:\/\/alger16.dz\/index.php?rest_route=\/wp\/v2\/posts\/67494\/revisions\/67498"}],"wp:featuredmedia":[{"embeddable":true,"href":"https:\/\/alger16.dz\/index.php?rest_route=\/wp\/v2\/media\/67497"}],"wp:attachment":[{"href":"https:\/\/alger16.dz\/index.php?rest_route=%2Fwp%2Fv2%2Fmedia&parent=67494"}],"wp:term":[{"taxonomy":"category","embeddable":true,"href":"https:\/\/alger16.dz\/index.php?rest_route=%2Fwp%2Fv2%2Fcategories&post=67494"},{"taxonomy":"post_tag","embeddable":true,"href":"https:\/\/alger16.dz\/index.php?rest_route=%2Fwp%2Fv2%2Ftags&post=67494"}],"curies":[{"name":"wp","href":"https:\/\/api.w.org\/{rel}","templated":true}]}}