{"id":67496,"date":"2026-08-31T22:24:00","date_gmt":"2026-08-31T22:24:00","guid":{"rendered":"https:\/\/alger16.dz\/?p=67496"},"modified":"2026-08-31T15:36:27","modified_gmt":"2026-08-31T15:36:27","slug":"js-kabylie-rami-bouaouiche-nouvelle-recrue","status":"publish","type":"post","link":"https:\/\/alger16.dz\/?p=67496","title":{"rendered":"JS Kabylie: Rami Bouaouiche, nouvelle recrue"},"content":{"rendered":"\n<p class=\"wp-block-paragraph\"><strong>Par Djaffar C.<\/strong><\/p>\n\n\n\n<p class=\"wp-block-paragraph\"><strong><em>La direction de la JS Kabylie a annonc\u00e9, dimanche dernier, l\u2019engagement du jeune d\u00e9fenseur central Rami Bouaouiche. \u00abLa JS Kabylie annonce l\u2019arriv\u00e9e de Rami Bouaouiche.<\/em><\/strong><\/p>\n\n\n\n<figure class=\"wp-block-image size-large\"><img loading=\"lazy\" decoding=\"async\" width=\"820\" height=\"1024\" src=\"https:\/\/alger16.dz\/wp-content\/uploads\/2026\/08\/jsskjrs-copie-820x1024.jpg\" alt=\"\" class=\"wp-image-67499\" srcset=\"https:\/\/alger16.dz\/wp-content\/uploads\/2026\/08\/jsskjrs-copie-820x1024.jpg 820w, https:\/\/alger16.dz\/wp-content\/uploads\/2026\/08\/jsskjrs-copie-240x300.jpg 240w, https:\/\/alger16.dz\/wp-content\/uploads\/2026\/08\/jsskjrs-copie-768x959.jpg 768w, https:\/\/alger16.dz\/wp-content\/uploads\/2026\/08\/jsskjrs-copie-1229x1536.jpg 1229w, https:\/\/alger16.dz\/wp-content\/uploads\/2026\/08\/jsskjrs-copie-1639x2048.jpg 1639w, https:\/\/alger16.dz\/wp-content\/uploads\/2026\/08\/jsskjrs-copie-scaled.jpg 2048w\" sizes=\"auto, (max-width: 820px) 100vw, 820px\" \/><\/figure>\n\n\n\n<p class=\"wp-block-paragraph\"> D\u00e9fenseur international avec les s\u00e9lections de jeunes, il a \u00e9t\u00e9 form\u00e9 \u00e0 l\u2019Acad\u00e9mie de la FAF de Sidi Bel-Abb\u00e8s. Rami Bouaouiche rejoint la JS Kabylie pour entamer une nouvelle \u00e9tape de son parcours sous les couleurs jaune et vert. Bienvenue Rami !\u00bb, a post\u00e9 le club kabyle sur ses r\u00e9seaux. Bouaouiche, \u00e2g\u00e9 de 20 ans, est ainsi la dixi\u00e8me recrues de la JSK en ce mercato d\u2019\u00e9t\u00e9. Hier, dernier jour des transferts, \u00e7a devait bouger encore du c\u00f4t\u00e9 de Tizi-Ouzou o\u00f9 les d\u00e9parts de Merbah et Madani restaient \u00e0 trancher. Tout comme le cas des deux derni\u00e8res arriv\u00e9es \u00e0 officialiser, laissait-on entendre dans l\u2019entourage du club.<br><\/p>\n","protected":false},"excerpt":{"rendered":"<p>Par Djaffar C. La direction de la JS Kabylie a annonc\u00e9, dimanche dernier, l\u2019engagement du jeune d\u00e9fenseur central Rami Bouaouiche. \u00abLa JS Kabylie annonce l\u2019arriv\u00e9e de Rami Bouaouiche. D\u00e9fenseur international avec les s\u00e9lections de jeunes, il a \u00e9t\u00e9 form\u00e9 \u00e0 l\u2019Acad\u00e9mie de la FAF de Sidi Bel-Abb\u00e8s. Rami Bouaouiche rejoint [&hellip;]<\/p>\n","protected":false},"author":3,"featured_media":67499,"comment_status":"open","ping_status":"open","sticky":false,"template":"","format":"standard","meta":{"footnotes":""},"categories":[61],"tags":[379],"class_list":["post-67496","post","type-post","status-publish","format-standard","has-post-thumbnail","hentry","category-sport","tag-football"],"_links":{"self":[{"href":"https:\/\/alger16.dz\/index.php?rest_route=\/wp\/v2\/posts\/67496","targetHints":{"allow":["GET"]}}],"collection":[{"href":"https:\/\/alger16.dz\/index.php?rest_route=\/wp\/v2\/posts"}],"about":[{"href":"https:\/\/alger16.dz\/index.php?rest_route=\/wp\/v2\/types\/post"}],"author":[{"embeddable":true,"href":"https:\/\/alger16.dz\/index.php?rest_route=\/wp\/v2\/users\/3"}],"replies":[{"embeddable":true,"href":"https:\/\/alger16.dz\/index.php?rest_route=%2Fwp%2Fv2%2Fcomments&post=67496"}],"version-history":[{"count":1,"href":"https:\/\/alger16.dz\/index.php?rest_route=\/wp\/v2\/posts\/67496\/revisions"}],"predecessor-version":[{"id":67501,"href":"https:\/\/alger16.dz\/index.php?rest_route=\/wp\/v2\/posts\/67496\/revisions\/67501"}],"wp:featuredmedia":[{"embeddable":true,"href":"https:\/\/alger16.dz\/index.php?rest_route=\/wp\/v2\/media\/67499"}],"wp:attachment":[{"href":"https:\/\/alger16.dz\/index.php?rest_route=%2Fwp%2Fv2%2Fmedia&parent=67496"}],"wp:term":[{"taxonomy":"category","embeddable":true,"href":"https:\/\/alger16.dz\/index.php?rest_route=%2Fwp%2Fv2%2Fcategories&post=67496"},{"taxonomy":"post_tag","embeddable":true,"href":"https:\/\/alger16.dz\/index.php?rest_route=%2Fwp%2Fv2%2Ftags&post=67496"}],"curies":[{"name":"wp","href":"https:\/\/api.w.org\/{rel}","templated":true}]}}