{"id":67500,"date":"2026-08-31T22:10:00","date_gmt":"2026-08-31T22:10:00","guid":{"rendered":"https:\/\/alger16.dz\/?p=67500"},"modified":"2026-08-31T15:37:24","modified_gmt":"2026-08-31T15:37:24","slug":"listes-electorales-les-citoyens-non-inscrits-appeles-a-sinscrire","status":"publish","type":"post","link":"https:\/\/alger16.dz\/?p=67500","title":{"rendered":"Listes \u00e9lectorales: Les citoyens non inscrits appel\u00e9s \u00e0 s&rsquo;inscrire"},"content":{"rendered":"\n<p class=\"wp-block-paragraph\">Par Bouzid Zineb <\/p>\n\n\n\n<p class=\"wp-block-paragraph\"><strong><em>L\u2019Autorit\u00e9 nationale ind\u00e9pendante des \u00e9lections (ANIE) a annonc\u00e9 qu\u2019une r\u00e9vision exceptionnelle des listes \u00e9lectorales se d\u00e9roulera du 6 au 17 septembre dans le cadre de l\u2019\u00e9lection des membres des Assembl\u00e9es populaires communales (APC) et de wilaya (APW), pr\u00e9vue le 28 novembre prochain.<br><\/em><\/strong><\/p>\n\n\n\n<figure class=\"wp-block-image size-large\"><img loading=\"lazy\" decoding=\"async\" width=\"1024\" height=\"683\" src=\"https:\/\/alger16.dz\/wp-content\/uploads\/2026\/08\/afp__20240907__36fp97q__v4__highres__algeriavote-1024x683.avif\" alt=\"\" class=\"wp-image-67503\" srcset=\"https:\/\/alger16.dz\/wp-content\/uploads\/2026\/08\/afp__20240907__36fp97q__v4__highres__algeriavote-1024x683.avif 1024w, https:\/\/alger16.dz\/wp-content\/uploads\/2026\/08\/afp__20240907__36fp97q__v4__highres__algeriavote-300x200.avif 300w, https:\/\/alger16.dz\/wp-content\/uploads\/2026\/08\/afp__20240907__36fp97q__v4__highres__algeriavote-768x512.avif 768w, https:\/\/alger16.dz\/wp-content\/uploads\/2026\/08\/afp__20240907__36fp97q__v4__highres__algeriavote.avif 1215w\" sizes=\"auto, (max-width: 1024px) 100vw, 1024px\" \/><\/figure>\n\n\n\n<p class=\"wp-block-paragraph\">\u00c0 cet effet, l\u2019institution invite l\u2019ensemble des citoyens non encore inscrits et remplissant les conditions requises \u00e0 accomplir leurs d\u00e9marches d\u2019inscription. En vertu de l\u2019ordonnance relative au r\u00e9gime \u00e9lectoral et du d\u00e9cret pr\u00e9sidentiel convoquant le corps \u00e9lectoral pour le scrutin du 28 novembre prochain, l\u2019ANIE a annonc\u00e9 que la p\u00e9riode de r\u00e9vision exceptionnelle des listes \u00e9lectorales se tiendra du dimanche 6 septembre au jeudi 17 septembre 2026, soit une dur\u00e9e de 12 jours. Dans ce contexte, et pour faciliter cette d\u00e9marche, l\u2019ANIE invite les citoyens non inscrits, ainsi que les jeunes qui atteindront l\u2019\u00e2ge de 18 ans le jour du scrutin (fix\u00e9 au samedi 28 novembre 2026), \u00e0 se pr\u00e9senter \u00e0 leur commune de r\u00e9sidence. Munis d\u2019une pi\u00e8ce d\u2019identit\u00e9 et d\u2019un justificatif de domicile, ils pourront ainsi finaliser leur inscription aupr\u00e8s de la commission communale de r\u00e9vision des listes \u00e9lectorales.<br>L\u2019ANIE pr\u00e9cise que les citoyens peuvent s\u2019inscrire ou v\u00e9rifier leur situation en ligne via son site web. Par ailleurs, les bureaux de la commission communale restent ouverts tous les jours, de 9h00 \u00e0 16h30.<br>Cette r\u00e9vision exceptionnelle des listes \u00e9lectorales permettra \u00e0 chaque citoyen de s\u2019inscrire en ligne ou aupr\u00e8s de sa commune en vue des prochaines \u00e9lections locales.<br><\/p>\n","protected":false},"excerpt":{"rendered":"<p>Par Bouzid Zineb L\u2019Autorit\u00e9 nationale ind\u00e9pendante des \u00e9lections (ANIE) a annonc\u00e9 qu\u2019une r\u00e9vision exceptionnelle des listes \u00e9lectorales se d\u00e9roulera du 6 au 17 septembre dans le cadre de l\u2019\u00e9lection des membres des Assembl\u00e9es populaires communales (APC) et de wilaya (APW), pr\u00e9vue le 28 novembre prochain. \u00c0 cet effet, l\u2019institution invite [&hellip;]<\/p>\n","protected":false},"author":3,"featured_media":67503,"comment_status":"open","ping_status":"open","sticky":false,"template":"","format":"standard","meta":{"footnotes":""},"categories":[36,53],"tags":[],"class_list":["post-67500","post","type-post","status-publish","format-standard","has-post-thumbnail","hentry","category-actualites","category-societe"],"_links":{"self":[{"href":"https:\/\/alger16.dz\/index.php?rest_route=\/wp\/v2\/posts\/67500","targetHints":{"allow":["GET"]}}],"collection":[{"href":"https:\/\/alger16.dz\/index.php?rest_route=\/wp\/v2\/posts"}],"about":[{"href":"https:\/\/alger16.dz\/index.php?rest_route=\/wp\/v2\/types\/post"}],"author":[{"embeddable":true,"href":"https:\/\/alger16.dz\/index.php?rest_route=\/wp\/v2\/users\/3"}],"replies":[{"embeddable":true,"href":"https:\/\/alger16.dz\/index.php?rest_route=%2Fwp%2Fv2%2Fcomments&post=67500"}],"version-history":[{"count":1,"href":"https:\/\/alger16.dz\/index.php?rest_route=\/wp\/v2\/posts\/67500\/revisions"}],"predecessor-version":[{"id":67504,"href":"https:\/\/alger16.dz\/index.php?rest_route=\/wp\/v2\/posts\/67500\/revisions\/67504"}],"wp:featuredmedia":[{"embeddable":true,"href":"https:\/\/alger16.dz\/index.php?rest_route=\/wp\/v2\/media\/67503"}],"wp:attachment":[{"href":"https:\/\/alger16.dz\/index.php?rest_route=%2Fwp%2Fv2%2Fmedia&parent=67500"}],"wp:term":[{"taxonomy":"category","embeddable":true,"href":"https:\/\/alger16.dz\/index.php?rest_route=%2Fwp%2Fv2%2Fcategories&post=67500"},{"taxonomy":"post_tag","embeddable":true,"href":"https:\/\/alger16.dz\/index.php?rest_route=%2Fwp%2Fv2%2Ftags&post=67500"}],"curies":[{"name":"wp","href":"https:\/\/api.w.org\/{rel}","templated":true}]}}