{"id":67508,"date":"2026-08-31T22:14:00","date_gmt":"2026-08-31T22:14:00","guid":{"rendered":"https:\/\/alger16.dz\/?p=67508"},"modified":"2026-08-31T15:41:18","modified_gmt":"2026-08-31T15:41:18","slug":"caravanes-culturelles-balsam-la-culture-au-chevet-des-enfants-sinistres","status":"publish","type":"post","link":"https:\/\/alger16.dz\/?p=67508","title":{"rendered":"\u00abCaravanes culturelles Balsam\u00bb: La culture au chevet des enfants sinistr\u00e9s"},"content":{"rendered":"\n<p class=\"wp-block-paragraph\">Par Abir Menasria<\/p>\n\n\n\n<p class=\"wp-block-paragraph\"><strong><em>Le minist\u00e8re de la Culture et des Arts a annonc\u00e9, samedi dernier, l\u2019ouverture des institutions et infrastructures culturelles pour la collecte de dons destin\u00e9s aux wilayas touch\u00e9es par les r\u00e9cents incendies. Cette initiative, qui s\u2019inscrit dans le cadre du \u00ab Plan culturel de solidarit\u00e9 d\u2019urgence \u00bb baptis\u00e9 \u00ab Caravanes culturelles Balsam \u00bb, pr\u00e9voit \u00e9galement la mise en place de caravanes solidaires et de biblioth\u00e8ques mobiles, ainsi que l\u2019am\u00e9nagement d\u2019espaces et d\u2019ateliers \u00e9ducatifs et artistiques pour les enfants.<\/em><\/strong><\/p>\n\n\n\n<figure class=\"wp-block-image size-full\"><img loading=\"lazy\" decoding=\"async\" width=\"469\" height=\"470\" src=\"https:\/\/alger16.dz\/wp-content\/uploads\/2026\/08\/sinistrees.jpg\" alt=\"\" class=\"wp-image-67510\" srcset=\"https:\/\/alger16.dz\/wp-content\/uploads\/2026\/08\/sinistrees.jpg 469w, https:\/\/alger16.dz\/wp-content\/uploads\/2026\/08\/sinistrees-150x150.jpg 150w, https:\/\/alger16.dz\/wp-content\/uploads\/2026\/08\/sinistrees-299x300.jpg 299w\" sizes=\"auto, (max-width: 469px) 100vw, 469px\" \/><\/figure>\n\n\n\n<p class=\"wp-block-paragraph\">Le choix du terme \u00ab Balsam \u00bb, qui se traduit par \u00ab baume \u00bb, fait r\u00e9f\u00e9rence \u00e0 cette id\u00e9e de soutien et de consolation. Le recours aux activit\u00e9s culturelles et artistiques est particuli\u00e8rement envisag\u00e9 comme un moyen d\u2019instaurer, pour les enfants, des espaces o\u00f9 ils peuvent retrouver des points de rep\u00e8re, partager leurs exp\u00e9riences v\u00e9cues et renouer avec les activit\u00e9s quotidiennes malgr\u00e9 les circonstances p\u00e9nibles et traumatisantes. Les activit\u00e9s telles que les cours de dessin, les jeux, les r\u00e9cits et les activit\u00e9s artistiques sont ainsi envisag\u00e9es comme des moyens de divertir les enfants et de stimuler leur expression pendant une p\u00e9riode particuli\u00e8rement difficile.<br>Cette initiative fait suite aux directives de la ministre de la Culture et des Arts, Malika Bendouda, adress\u00e9es aux directeurs de la culture et des arts de toutes les wilayas du pays.<br>Ce programme vise \u00e0 int\u00e9grer les institutions culturelles aux efforts de solidarit\u00e9 d\u00e9ploy\u00e9s \u00e0 la suite des incendies qui ont ravag\u00e9 plusieurs r\u00e9gions, en accordant une attention particuli\u00e8re aux enfants directement touch\u00e9s par les cons\u00e9quences de cette trag\u00e9die.<br>Le minist\u00e8re a expliqu\u00e9, dans son communiqu\u00e9 de presse, que cette d\u00e9marche refl\u00e8te une volont\u00e9 d\u2019offrir soutien, solidarit\u00e9 et loyaut\u00e9 \u00e0 nos concitoyens des wilayas touch\u00e9es par les r\u00e9cents incendies d\u00e9vastateurs, ainsi qu\u2019un engagement humanitaire total \u00e0 un moment o\u00f9 les populations ont besoin de soutien dans des circonstances aussi difficiles.<br>Selon la m\u00eame source, la ministre de la Culture et des Arts affirme que la culture, compte tenu de son importance et de son r\u00f4le essentiel, ne peut \u00eatre qu\u2019un acte de solidarit\u00e9 ancr\u00e9 dans la soci\u00e9t\u00e9, capable de panser les plaies psychologiques laiss\u00e9es par cette trag\u00e9die.<br>La ministre a invit\u00e9 les intellectuels, les artistes et les associations culturelles et artistiques \u00e0 participer \u00e0 cette initiative afin de \u00ab r\u00e9aliser ensemble le sens de la Touiza, une tradition alg\u00e9rienne ancestrale, pour que nous puissions nous unir et nous soutenir mutuellement dans l&rsquo;adversit\u00e9. Soyons partie int\u00e9grante de cette dimension culturelle\u2026 pour panser les plaies gr\u00e2ce \u00e0 la culture et aux arts et faire na\u00eetre une lueur d&rsquo;espoir au c\u0153ur de cette douleur \u00bb.<br>Cette initiative, r\u00e9cemment annonc\u00e9e, s\u2019appuie largement sur le r\u00e9seau existant d\u2019institutions culturelles, qui servent d\u00e9j\u00e0 de points de collecte pour les dons destin\u00e9s aux wilayas touch\u00e9es, ainsi que de relais pour la diffusion des initiatives artistiques et \u00e9ducatives pr\u00e9vues dans les biblioth\u00e8ques mobiles. Une attention particuli\u00e8re est port\u00e9e \u00e0 ces derni\u00e8res.<br>Selon le minist\u00e8re, ces centres doivent \u00eatre \u00e9quip\u00e9s d\u2019une vari\u00e9t\u00e9 de mat\u00e9riel r\u00e9cr\u00e9atif et \u00e9ducatif, tels que des jeux, des contes, des livres de coloriage, des carnets \u00e0 dessin, des jeux de construction et des kits d\u2019activit\u00e9s adapt\u00e9s \u00e0 diff\u00e9rents groupes d\u2019\u00e2ge.<br>Le projet pr\u00e9voit \u00e9galement de documenter cette exp\u00e9rience \u00e0 travers les \u0153uvres d\u2019art des enfants. Leurs dessins pourront ensuite \u00eatre rassembl\u00e9s pour cr\u00e9er une \u00abExposition de l\u2019espoir \u00bb, articul\u00e9e autour de th\u00e8mes tels que \u00ab Mon village, ma maison, ma montagne et ma for\u00eat \u00bb.<br>Les \u0153uvres seront \u00e9galement compil\u00e9es dans un guide porteur de messages d\u2019espoir et contribuant \u00e0 la sensibilisation du public. Imm\u00e9diatement apr\u00e8s l\u2019annonce du plan, les centres et institutions culturels du pays ont lanc\u00e9 un appel aux dons et annonc\u00e9 leur participation.<br>De nombreuses organisations ont ouvert leurs portes pour collecter des fonds pour les wilayas sinistr\u00e9es, tandis que d\u2019autres ont annonc\u00e9 la mise en place d\u2019initiatives et d\u2019activit\u00e9s solidaires pour les enfants.<br>Enfin, il convient de souligner que la mise en \u0153uvre de ce plan intervient \u00e0 un moment o\u00f9 les incendies ont suscit\u00e9 un \u00e9lan de solidarit\u00e9 citoyenne exceptionnel \u00e0 travers toute l\u2019Alg\u00e9rie. La contribution du secteur culturel vise ainsi \u00e0 int\u00e9grer la culture \u00e0 la r\u00e9ponse collective face aux cons\u00e9quences des incendies.<br><\/p>\n","protected":false},"excerpt":{"rendered":"<p>Par Abir Menasria Le minist\u00e8re de la Culture et des Arts a annonc\u00e9, samedi dernier, l\u2019ouverture des institutions et infrastructures culturelles pour la collecte de dons destin\u00e9s aux wilayas touch\u00e9es par les r\u00e9cents incendies. Cette initiative, qui s\u2019inscrit dans le cadre du \u00ab Plan culturel de solidarit\u00e9 d\u2019urgence \u00bb baptis\u00e9 [&hellip;]<\/p>\n","protected":false},"author":3,"featured_media":67510,"comment_status":"open","ping_status":"open","sticky":false,"template":"","format":"standard","meta":{"footnotes":""},"categories":[40],"tags":[],"class_list":["post-67508","post","type-post","status-publish","format-standard","has-post-thumbnail","hentry","category-culture"],"_links":{"self":[{"href":"https:\/\/alger16.dz\/index.php?rest_route=\/wp\/v2\/posts\/67508","targetHints":{"allow":["GET"]}}],"collection":[{"href":"https:\/\/alger16.dz\/index.php?rest_route=\/wp\/v2\/posts"}],"about":[{"href":"https:\/\/alger16.dz\/index.php?rest_route=\/wp\/v2\/types\/post"}],"author":[{"embeddable":true,"href":"https:\/\/alger16.dz\/index.php?rest_route=\/wp\/v2\/users\/3"}],"replies":[{"embeddable":true,"href":"https:\/\/alger16.dz\/index.php?rest_route=%2Fwp%2Fv2%2Fcomments&post=67508"}],"version-history":[{"count":1,"href":"https:\/\/alger16.dz\/index.php?rest_route=\/wp\/v2\/posts\/67508\/revisions"}],"predecessor-version":[{"id":67511,"href":"https:\/\/alger16.dz\/index.php?rest_route=\/wp\/v2\/posts\/67508\/revisions\/67511"}],"wp:featuredmedia":[{"embeddable":true,"href":"https:\/\/alger16.dz\/index.php?rest_route=\/wp\/v2\/media\/67510"}],"wp:attachment":[{"href":"https:\/\/alger16.dz\/index.php?rest_route=%2Fwp%2Fv2%2Fmedia&parent=67508"}],"wp:term":[{"taxonomy":"category","embeddable":true,"href":"https:\/\/alger16.dz\/index.php?rest_route=%2Fwp%2Fv2%2Fcategories&post=67508"},{"taxonomy":"post_tag","embeddable":true,"href":"https:\/\/alger16.dz\/index.php?rest_route=%2Fwp%2Fv2%2Ftags&post=67508"}],"curies":[{"name":"wp","href":"https:\/\/api.w.org\/{rel}","templated":true}]}}