{"id":67534,"date":"2026-08-31T17:38:33","date_gmt":"2026-08-31T17:38:33","guid":{"rendered":"https:\/\/alger16.dz\/?p=67534"},"modified":"2026-08-31T17:38:33","modified_gmt":"2026-08-31T17:38:33","slug":"mme-boufedeche-recue-a-belgrade-par-le-president-serbe","status":"publish","type":"post","link":"https:\/\/alger16.dz\/?p=67534","title":{"rendered":"Mme. Boufedeche re\u00e7ue \u00e0 Belgrade par le pr\u00e9sident serbe"},"content":{"rendered":"\n<p class=\"wp-block-paragraph\"><\/p>\n\n\n\n<p class=\"wp-block-paragraph\"><strong>La pr\u00e9sidente de l\u2019Assembl\u00e9e populaire nationale (APN), Mme Khalida Boufedeche, a \u00e9t\u00e9 re\u00e7ue, ce lundi \u00e0 Belgrade, capitale de la Serbie, par le pr\u00e9sident de la R\u00e9publique de Serbie, M. Aleksandar Vucic, indique un communiqu\u00e9 de l\u2019Assembl\u00e9e populaire nationale (APN).<\/strong><\/p>\n\n\n\n<p class=\"wp-block-paragraph\">Dans le cadre de sa participation, sur instruction du pr\u00e9sident de la R\u00e9publique, M. Abdelmadjid Tebboune, \u00e0 la r\u00e9union comm\u00e9morative de haut niveau organis\u00e9e \u00e0 l\u2019occasion du 65e anniversaire de la premi\u00e8re conf\u00e9rence des chefs d\u2019\u00c9tat et de gouvernement des pays non align\u00e9s, Mme Boufedeche a \u00e9t\u00e9 re\u00e7ue par le pr\u00e9sident de la R\u00e9publique de Serbie.<\/p>\n\n\n\n<p class=\"wp-block-paragraph\">Cette rencontre a \u00e9t\u00e9 l\u2019occasion de souligner \u00ab la profondeur des relations d\u2019amiti\u00e9 historiques \u00bb unissant les deux pays.&nbsp;Les deux parties ont \u00e9galement proc\u00e9d\u00e9, \u00e0 cette occasion, \u00e0 \u00ab l\u2019examen des perspectives et des moyens de renforcer la coop\u00e9ration bilat\u00e9rale entre les deux pays dans les diff\u00e9rents domaines d\u2019int\u00e9r\u00eat commun \u00bb.<\/p>\n\n\n\n<p class=\"wp-block-paragraph\">Dans ce cadre, \u00ab la pr\u00e9sidente de l\u2019Assembl\u00e9e populaire nationale a transmis les salutations du pr\u00e9sident de la R\u00e9publique, M. Abdelmadjid Tebboune, \u00e0 son homologue serbe, ainsi que ses v\u0153ux de davantage de progr\u00e8s et de prosp\u00e9rit\u00e9 \u00e0 la R\u00e9publique de Serbie et \u00e0 son peuple ami \u00bb, pr\u00e9cise le communiqu\u00e9.<\/p>\n\n\n\n<p class=\"wp-block-paragraph\">Lors de cette rencontre, les deux parties ont \u00e9galement insist\u00e9 sur \u00ab l\u2019importance de poursuivre la concertation et la coordination entre les deux pays concernant les diff\u00e9rentes questions internationales et r\u00e9gionales d\u2019int\u00e9r\u00eat commun, ce qui refl\u00e8te la convergence de leurs positions ainsi que leur attachement aux principes du dialogue, de la coop\u00e9ration et du respect de la l\u00e9galit\u00e9 internationale \u00bb.<\/p>\n\n\n\n<p class=\"wp-block-paragraph\">En conclusion, \u00ab la R\u00e9publique de Serbie a \u00e9t\u00e9 renouvel\u00e9e dans son appr\u00e9ciation pour la qualit\u00e9 de l\u2019accueil et l\u2019hospitalit\u00e9, ainsi que pour l\u2019organisation de haut niveau de cet \u00e9v\u00e9nement historique accueilli par la capitale, Belgrade \u00bb.<\/p>\n\n\n\n<p class=\"wp-block-paragraph\">De son c\u00f4t\u00e9, le pr\u00e9sident serbe a salu\u00e9 le niveau des relations bilat\u00e9rales entre les deux pays et mis en avant l\u2019importance de leur coop\u00e9ration dans de nombreux domaines. Il a \u00e9galement exprim\u00e9 \u00ab son souhait de visiter l\u2019Alg\u00e9rie \u00e0 l\u2019avenir et de dynamiser le partenariat dans les domaines de coop\u00e9ration d\u2019int\u00e9r\u00eat commun \u00bb, conclut le communiqu\u00e9.<\/p>\n","protected":false},"excerpt":{"rendered":"<p>La pr\u00e9sidente de l\u2019Assembl\u00e9e populaire nationale (APN), Mme Khalida Boufedeche, a \u00e9t\u00e9 re\u00e7ue, ce lundi \u00e0 Belgrade, capitale de la Serbie, par le pr\u00e9sident de la R\u00e9publique de Serbie, M. Aleksandar Vucic, indique un communiqu\u00e9 de l\u2019Assembl\u00e9e populaire nationale (APN). Dans le cadre de sa participation, sur instruction du pr\u00e9sident [&hellip;]<\/p>\n","protected":false},"author":3,"featured_media":67535,"comment_status":"open","ping_status":"open","sticky":false,"template":"","format":"standard","meta":{"footnotes":""},"categories":[236,36,65],"tags":[],"class_list":["post-67534","post","type-post","status-publish","format-standard","has-post-thumbnail","hentry","category-a-la-une","category-actualites","category-monde"],"_links":{"self":[{"href":"https:\/\/alger16.dz\/index.php?rest_route=\/wp\/v2\/posts\/67534","targetHints":{"allow":["GET"]}}],"collection":[{"href":"https:\/\/alger16.dz\/index.php?rest_route=\/wp\/v2\/posts"}],"about":[{"href":"https:\/\/alger16.dz\/index.php?rest_route=\/wp\/v2\/types\/post"}],"author":[{"embeddable":true,"href":"https:\/\/alger16.dz\/index.php?rest_route=\/wp\/v2\/users\/3"}],"replies":[{"embeddable":true,"href":"https:\/\/alger16.dz\/index.php?rest_route=%2Fwp%2Fv2%2Fcomments&post=67534"}],"version-history":[{"count":1,"href":"https:\/\/alger16.dz\/index.php?rest_route=\/wp\/v2\/posts\/67534\/revisions"}],"predecessor-version":[{"id":67536,"href":"https:\/\/alger16.dz\/index.php?rest_route=\/wp\/v2\/posts\/67534\/revisions\/67536"}],"wp:featuredmedia":[{"embeddable":true,"href":"https:\/\/alger16.dz\/index.php?rest_route=\/wp\/v2\/media\/67535"}],"wp:attachment":[{"href":"https:\/\/alger16.dz\/index.php?rest_route=%2Fwp%2Fv2%2Fmedia&parent=67534"}],"wp:term":[{"taxonomy":"category","embeddable":true,"href":"https:\/\/alger16.dz\/index.php?rest_route=%2Fwp%2Fv2%2Fcategories&post=67534"},{"taxonomy":"post_tag","embeddable":true,"href":"https:\/\/alger16.dz\/index.php?rest_route=%2Fwp%2Fv2%2Ftags&post=67534"}],"curies":[{"name":"wp","href":"https:\/\/api.w.org\/{rel}","templated":true}]}}