{"id":67554,"date":"2026-09-01T11:07:55","date_gmt":"2026-09-01T11:07:55","guid":{"rendered":"https:\/\/alger16.dz\/?p=67554"},"modified":"2026-09-01T11:07:56","modified_gmt":"2026-09-01T11:07:56","slug":"memoire-nationale-le-ministere-des-moudjahidine-publie-le-premier-numero-de-la-revue-nabd-el-dhakira","status":"publish","type":"post","link":"https:\/\/alger16.dz\/?p=67554","title":{"rendered":"M\u00e9moire nationale : Le minist\u00e8re des Moudjahidine publie le premier num\u00e9ro de la revue \u00ab\u00a0Nabd El-Dhakira\u00a0\u00bb"},"content":{"rendered":"\n<p class=\"wp-block-paragraph\">Le minist\u00e8re des Moudjahidine et des Ayants droit a publi\u00e9 le premier num\u00e9ro de la revue \u00ab\u00a0Nabd El-Dhakira\u00a0\u00bb, consacr\u00e9e \u00e0 la documentation des hauts faits des artisans de la glorieuse R\u00e9volution de lib\u00e9ration et \u00e0 la promotion des initiatives visant \u00e0 pr\u00e9server le patrimoine historique et \u00e0 le transmettre aux g\u00e9n\u00e9rations futures.<\/p>\n\n\n\n<figure class=\"wp-block-image size-large\"><img loading=\"lazy\" decoding=\"async\" width=\"1024\" height=\"576\" src=\"https:\/\/alger16.dz\/wp-content\/uploads\/2026\/09\/image-1024x576.webp\" alt=\"\" class=\"wp-image-67555\" srcset=\"https:\/\/alger16.dz\/wp-content\/uploads\/2026\/09\/image-1024x576.webp 1024w, https:\/\/alger16.dz\/wp-content\/uploads\/2026\/09\/image-300x169.webp 300w, https:\/\/alger16.dz\/wp-content\/uploads\/2026\/09\/image-767x432.webp 767w, https:\/\/alger16.dz\/wp-content\/uploads\/2026\/09\/image.webp 1080w\" sizes=\"auto, (max-width: 1024px) 100vw, 1024px\" \/><\/figure>\n\n\n\n<p class=\"wp-block-paragraph\">Le lancement de cette revue s&rsquo;inscrit dans le cadre du plan d&rsquo;action du secteur, en phase avec la vision \u00e9clair\u00e9e du pr\u00e9sident de la R\u00e9publique, M. Abdelmadjid Tebboune, et en application de ses hautes orientations visant \u00e0 pr\u00e9server et \u00e0 sauvegarder la m\u00e9moire nationale, ainsi qu&rsquo;\u00e0 contribuer \u00e0 transmettre l&rsquo;histoire glorieuse du pays aux g\u00e9n\u00e9rations montantes, indique le minist\u00e8re.<\/p>\n\n\n\n<p class=\"wp-block-paragraph\">Publi\u00e9 sous le slogan \u00ab\u00a0Une m\u00e9moire pr\u00e9serv\u00e9e, une nation victorieuse\u00a0\u00bb, le premier num\u00e9ro s&rsquo;ouvre par un message du pr\u00e9sident de la R\u00e9publique \u00e0 l&rsquo;occasion du 64e anniversaire de la F\u00eate de l&rsquo;Ind\u00e9pendance, dans lequel il a soulign\u00e9 que la c\u00e9l\u00e9bration de cet anniversaire est intervenue \u00ab\u00a0par fid\u00e9lit\u00e9 au devoir de pr\u00e9servation de la m\u00e9moire nationale et en hommage aux sacrifices des vertueux r\u00e9sistants \u00e0 toutes les \u00e9tapes, des p\u00e8res militants du Mouvement national et des martyrs de la glorieuse R\u00e9volution de lib\u00e9ration\u00a0\u00bb.<\/p>\n\n\n\n<p class=\"wp-block-paragraph\">Dans son \u00e9ditorial, le ministre des Moudjahidine et des Ayants droit, Abdelmalek Tacherift, \u00e9crit : \u00ab\u00a0Pr\u00e9server la m\u00e9moire nationale, tout en \u00e9tant un devoir de fid\u00e9lit\u00e9 envers le pass\u00e9, constitue \u00e9galement une responsabilit\u00e9 profond\u00e9ment ancr\u00e9e envers le pr\u00e9sent et les g\u00e9n\u00e9rations futures, en tant que patrimoine civilisationnel et spirituel dont sont puis\u00e9s le sacrifice, l&rsquo;unit\u00e9 et la fiert\u00e9 de l&rsquo;appartenance nationale\u00a0\u00bb.<\/p>\n\n\n\n<p class=\"wp-block-paragraph\">La revue \u00ab\u00a0Nabd El-Dhakira\u00a0\u00bb se veut une \u00ab\u00a0tribune m\u00e9diatique et culturelle\u00a0\u00bb qui refl\u00e8te la mission du minist\u00e8re de \u00ab\u00a0pr\u00e9server la m\u00e9moire nationale, par fid\u00e9lit\u00e9 aux sacrifices des hommes et des femmes qui ont fa\u00e7onn\u00e9 la gloire de l&rsquo;Alg\u00e9rie avec une foi in\u00e9branlable et une d\u00e9termination sans faille dans le combat\u00a0\u00bb, a-t-il ajout\u00e9.<\/p>\n\n\n\n<p class=\"wp-block-paragraph\">A travers cette publication de 96 pages, le minist\u00e8re entend \u00ab\u00a0valoriser l&rsquo;histoire glorieuse de l&rsquo;Alg\u00e9rie et faire conna\u00eetre les diff\u00e9rents efforts et initiatives visant \u00e0 pr\u00e9server le patrimoine historique et \u00e0 le transmettre aux g\u00e9n\u00e9rations\u00a0\u00bb futures.<\/p>\n\n\n\n<p class=\"wp-block-paragraph\">Cette premi\u00e8re \u00e9dition comprend plusieurs sujets consacr\u00e9s \u00e0 la m\u00e9moire nationale, notamment \u00ab\u00a0La R\u00e9volution alg\u00e9rienne \u00e0 travers le regard des Grands\u00a0\u00bb, \u00ab\u00a0Le massacre de Sakiet Sidi Youssef, un crime contre l&rsquo;humanit\u00e9 et un t\u00e9moignage de l&rsquo;horreur du visage colonial de la France\u00a0\u00bb, \u00ab\u00a0Les massacres du 8 mai 1945 \u00e0 travers les archives fran\u00e7aises : \u00e9tude des m\u00e9canismes de documentation et d&rsquo;occultation\u00a0\u00bb, ainsi qu&rsquo;un article consacr\u00e9 \u00e0 l&rsquo;ic\u00f4ne de l&rsquo;Alg\u00e9rie et symbole de la fiert\u00e9 et du combat, la moudjahida Djamila Bouhired.<\/p>\n\n\n\n<p class=\"wp-block-paragraph\">La revue a consacr\u00e9 \u00e9galement un espace \u00e0 l&rsquo;all\u00e9geance \u00e0 l&rsquo;Emir Abdelkader en f\u00e9vrier 1833, ainsi qu&rsquo;aux amis de la R\u00e9volution et aux t\u00e9moignages vivants de moudjahidine de la glorieuse R\u00e9volution de lib\u00e9ration.<\/p>\n","protected":false},"excerpt":{"rendered":"<p>Le minist\u00e8re des Moudjahidine et des Ayants droit a publi\u00e9 le premier num\u00e9ro de la revue \u00ab\u00a0Nabd El-Dhakira\u00a0\u00bb, consacr\u00e9e \u00e0 la documentation des hauts faits des artisans de la glorieuse R\u00e9volution de lib\u00e9ration et \u00e0 la promotion des initiatives visant \u00e0 pr\u00e9server le patrimoine historique et \u00e0 le transmettre aux [&hellip;]<\/p>\n","protected":false},"author":3,"featured_media":67555,"comment_status":"open","ping_status":"open","sticky":false,"template":"","format":"standard","meta":{"footnotes":""},"categories":[36,40],"tags":[],"class_list":["post-67554","post","type-post","status-publish","format-standard","has-post-thumbnail","hentry","category-actualites","category-culture"],"_links":{"self":[{"href":"https:\/\/alger16.dz\/index.php?rest_route=\/wp\/v2\/posts\/67554","targetHints":{"allow":["GET"]}}],"collection":[{"href":"https:\/\/alger16.dz\/index.php?rest_route=\/wp\/v2\/posts"}],"about":[{"href":"https:\/\/alger16.dz\/index.php?rest_route=\/wp\/v2\/types\/post"}],"author":[{"embeddable":true,"href":"https:\/\/alger16.dz\/index.php?rest_route=\/wp\/v2\/users\/3"}],"replies":[{"embeddable":true,"href":"https:\/\/alger16.dz\/index.php?rest_route=%2Fwp%2Fv2%2Fcomments&post=67554"}],"version-history":[{"count":1,"href":"https:\/\/alger16.dz\/index.php?rest_route=\/wp\/v2\/posts\/67554\/revisions"}],"predecessor-version":[{"id":67556,"href":"https:\/\/alger16.dz\/index.php?rest_route=\/wp\/v2\/posts\/67554\/revisions\/67556"}],"wp:featuredmedia":[{"embeddable":true,"href":"https:\/\/alger16.dz\/index.php?rest_route=\/wp\/v2\/media\/67555"}],"wp:attachment":[{"href":"https:\/\/alger16.dz\/index.php?rest_route=%2Fwp%2Fv2%2Fmedia&parent=67554"}],"wp:term":[{"taxonomy":"category","embeddable":true,"href":"https:\/\/alger16.dz\/index.php?rest_route=%2Fwp%2Fv2%2Fcategories&post=67554"},{"taxonomy":"post_tag","embeddable":true,"href":"https:\/\/alger16.dz\/index.php?rest_route=%2Fwp%2Fv2%2Ftags&post=67554"}],"curies":[{"name":"wp","href":"https:\/\/api.w.org\/{rel}","templated":true}]}}