{"id":67557,"date":"2026-09-01T11:09:10","date_gmt":"2026-09-01T11:09:10","guid":{"rendered":"https:\/\/alger16.dz\/?p=67557"},"modified":"2026-09-01T11:09:11","modified_gmt":"2026-09-01T11:09:11","slug":"incendies-sayoud-preside-une-reunion-de-coordination-avec-les-walis-sur-la-mise-en-oeuvre-des-directives-du-president-de-la-republique","status":"publish","type":"post","link":"https:\/\/alger16.dz\/?p=67557","title":{"rendered":"Incendies : Sayoud pr\u00e9side une r\u00e9union de coordination avec les walis sur la mise en \u0153uvre des directives du pr\u00e9sident de la R\u00e9publique"},"content":{"rendered":"\n<p class=\"wp-block-paragraph\">Le ministre de l&rsquo;Int\u00e9rieur, des Collectivit\u00e9s locales et des Transports, M. Sa\u00efd Sayoud, a pr\u00e9sid\u00e9, lundi, une r\u00e9union de coordination avec les walis pour suivre la mise en \u0153uvre des directives du pr\u00e9sident de la R\u00e9publique, M. Abdelmadjid Tebboune, relatives \u00e0 la prise en charge des cons\u00e9quences des incendies ayant touch\u00e9 plusieurs wilayas de l&rsquo;Est et du Centre, a indiqu\u00e9 un communiqu\u00e9 du minist\u00e8re.&nbsp;<\/p>\n\n\n\n<figure class=\"wp-block-image size-large\"><img loading=\"lazy\" decoding=\"async\" width=\"1024\" height=\"683\" src=\"https:\/\/alger16.dz\/wp-content\/uploads\/2026\/09\/image-1-1024x683.webp\" alt=\"\" class=\"wp-image-67558\" srcset=\"https:\/\/alger16.dz\/wp-content\/uploads\/2026\/09\/image-1-1024x683.webp 1024w, https:\/\/alger16.dz\/wp-content\/uploads\/2026\/09\/image-1-300x200.webp 300w, https:\/\/alger16.dz\/wp-content\/uploads\/2026\/09\/image-1-768x512.webp 768w, https:\/\/alger16.dz\/wp-content\/uploads\/2026\/09\/image-1.webp 1080w\" sizes=\"auto, (max-width: 1024px) 100vw, 1024px\" \/><\/figure>\n\n\n\n<p class=\"wp-block-paragraph\">Cette r\u00e9union, qui s&rsquo;est d\u00e9roul\u00e9e en pr\u00e9sence de plusieurs walis de la R\u00e9publique et de cadres du minist\u00e8re, s&rsquo;inscrit dans le cadre du suivi de la mise en \u0153uvre des directives donn\u00e9es dimanche par le pr\u00e9sident de la R\u00e9publique lors de la r\u00e9union qu&rsquo;il a pr\u00e9sid\u00e9e, consacr\u00e9e au traitement des cons\u00e9quences et effets des r\u00e9cents incendies ayant touch\u00e9 plusieurs wilayas, dans le but de \u00ab\u00a0suivre l&rsquo;application de ces directives et d&rsquo;assurer une prise en charge rapide et efficace des citoyens sinistr\u00e9s\u00a0\u00bb, pr\u00e9cise le communiqu\u00e9.<\/p>\n\n\n\n<p class=\"wp-block-paragraph\">A l&rsquo;entame de la r\u00e9union, le ministre a salu\u00e9 \u00ab\u00a0les grands efforts d\u00e9ploy\u00e9s par Messieurs les walis et les diff\u00e9rents services locaux durant ces circonstances exceptionnelles\u00a0\u00bb, se f\u00e9licitant de la mobilisation et de la coordination continue sur le terrain.<\/p>\n\n\n\n<p class=\"wp-block-paragraph\">Il a \u00e9galement soulign\u00e9 \u00ab\u00a0la n\u00e9cessit\u00e9 de poursuivre le travail au m\u00eame rythme, de renforcer la proximit\u00e9 avec les citoyens et de r\u00e9pondre \u00e0 leurs pr\u00e9occupations\u00a0\u00bb.<\/p>\n\n\n\n<p class=\"wp-block-paragraph\">A cette occasion, M. Sayoud a donn\u00e9 des instructions sur \u00ab\u00a0l&rsquo;imp\u00e9ratif d&rsquo;acc\u00e9l\u00e9rer le recensement des d\u00e9g\u00e2ts et l&rsquo;\u00e9valuation pr\u00e9cise des besoins, tout en entamant les proc\u00e9dures d&rsquo;indemnisation, de r\u00e9habilitation des logements et des zones touch\u00e9es, et en simplifiant les proc\u00e9dures administratives pour garantir une prise en charge rapide et efficace des familles sinistr\u00e9es\u00a0\u00bb, ajoute la m\u00eame source.<\/p>\n\n\n\n<p class=\"wp-block-paragraph\">Le ministre a, en outre, insist\u00e9 sur la n\u00e9cessit\u00e9 \u00ab\u00a0d&rsquo;accorder une importance particuli\u00e8re \u00e0 l&rsquo;aspect humain et social, en accompagnant les familles sinistr\u00e9es et en \u00e9tant \u00e0 l&rsquo;\u00e9coute de leurs pr\u00e9occupations, tout en veillant \u00e0 la prise en charge de leurs besoins, afin d&rsquo;att\u00e9nuer les effets de cette \u00e9preuve et de renforcer le sentiment de s\u00e9curit\u00e9 et de qui\u00e9tude\u00a0\u00bb.<\/p>\n\n\n\n<p class=\"wp-block-paragraph\">Dans ce cadre, il a soulign\u00e9 \u00ab\u00a0la mobilisation de tous les moyens et capacit\u00e9s n\u00e9cessaires pour un retour \u00e0 la vie normale, notamment par la r\u00e9habilitation des structures et infrastructures endommag\u00e9es et le r\u00e9tablissement des services essentiels tels que l&rsquo;eau, l&rsquo;\u00e9lectricit\u00e9, le gaz, les t\u00e9l\u00e9communications et Internet, en sus de la remise en \u00e9tat du r\u00e9seau routier\u00a0\u00bb.<\/p>\n\n\n\n<p class=\"wp-block-paragraph\">M. Sayoud a, \u00e9galement, indiqu\u00e9 que \u00ab\u00a0ces diff\u00e9rentes op\u00e9rations doivent faire l&rsquo;objet d&rsquo;un suivi direct sur le terrain par les walis, tout en renfor\u00e7ant la coordination entre les diff\u00e9rents services et en acc\u00e9l\u00e9rant le cadence de r\u00e9alisation, en vue d&rsquo;assurer l&rsquo;application effective des mesures prises et leur concr\u00e9tisation sur le terrain\u00a0\u00bb.<\/p>\n\n\n\n<p class=\"wp-block-paragraph\">En conclusion, il a appel\u00e9 \u00e0 \u00ab\u00a0maintenir la mobilisation pour permettre aux citoyens sinistr\u00e9s de retrouver leurs conditions de vie normale dans les plus brefs d\u00e9lais, en ex\u00e9cution des directives du pr\u00e9sident de la R\u00e9publique\u00a0\u00bb, note le communiqu\u00e9.&nbsp;<\/p>\n","protected":false},"excerpt":{"rendered":"<p>Le ministre de l&rsquo;Int\u00e9rieur, des Collectivit\u00e9s locales et des Transports, M. Sa\u00efd Sayoud, a pr\u00e9sid\u00e9, lundi, une r\u00e9union de coordination avec les walis pour suivre la mise en \u0153uvre des directives du pr\u00e9sident de la R\u00e9publique, M. Abdelmadjid Tebboune, relatives \u00e0 la prise en charge des cons\u00e9quences des incendies ayant [&hellip;]<\/p>\n","protected":false},"author":3,"featured_media":67558,"comment_status":"open","ping_status":"open","sticky":false,"template":"","format":"standard","meta":{"footnotes":""},"categories":[36],"tags":[],"class_list":["post-67557","post","type-post","status-publish","format-standard","has-post-thumbnail","hentry","category-actualites"],"_links":{"self":[{"href":"https:\/\/alger16.dz\/index.php?rest_route=\/wp\/v2\/posts\/67557","targetHints":{"allow":["GET"]}}],"collection":[{"href":"https:\/\/alger16.dz\/index.php?rest_route=\/wp\/v2\/posts"}],"about":[{"href":"https:\/\/alger16.dz\/index.php?rest_route=\/wp\/v2\/types\/post"}],"author":[{"embeddable":true,"href":"https:\/\/alger16.dz\/index.php?rest_route=\/wp\/v2\/users\/3"}],"replies":[{"embeddable":true,"href":"https:\/\/alger16.dz\/index.php?rest_route=%2Fwp%2Fv2%2Fcomments&post=67557"}],"version-history":[{"count":1,"href":"https:\/\/alger16.dz\/index.php?rest_route=\/wp\/v2\/posts\/67557\/revisions"}],"predecessor-version":[{"id":67559,"href":"https:\/\/alger16.dz\/index.php?rest_route=\/wp\/v2\/posts\/67557\/revisions\/67559"}],"wp:featuredmedia":[{"embeddable":true,"href":"https:\/\/alger16.dz\/index.php?rest_route=\/wp\/v2\/media\/67558"}],"wp:attachment":[{"href":"https:\/\/alger16.dz\/index.php?rest_route=%2Fwp%2Fv2%2Fmedia&parent=67557"}],"wp:term":[{"taxonomy":"category","embeddable":true,"href":"https:\/\/alger16.dz\/index.php?rest_route=%2Fwp%2Fv2%2Fcategories&post=67557"},{"taxonomy":"post_tag","embeddable":true,"href":"https:\/\/alger16.dz\/index.php?rest_route=%2Fwp%2Fv2%2Ftags&post=67557"}],"curies":[{"name":"wp","href":"https:\/\/api.w.org\/{rel}","templated":true}]}}