{"id":67560,"date":"2026-09-01T11:10:24","date_gmt":"2026-09-01T11:10:24","guid":{"rendered":"https:\/\/alger16.dz\/?p=67560"},"modified":"2026-09-01T11:10:25","modified_gmt":"2026-09-01T11:10:25","slug":"lambassadeur-diran-met-en-avant-la-riche-histoire-des-relations-constructives-entre-lalgerie-et-son-pays","status":"publish","type":"post","link":"https:\/\/alger16.dz\/?p=67560","title":{"rendered":"L&rsquo;ambassadeur d&rsquo;Iran met en avant la riche histoire des relations constructives entre l&rsquo;Alg\u00e9rie et son pays"},"content":{"rendered":"\n<p class=\"wp-block-paragraph\">L&rsquo;ambassadeur de la R\u00e9publique islamique d&rsquo;Iran aupr\u00e8s de l&rsquo;Alg\u00e9rie, M. Naser Kanaani Chafi, a mis en avant, lundi, la riche histoire des relations constructives entre l&rsquo;Alg\u00e9rie et son pays, ainsi que la profondeur des liens d&rsquo;amiti\u00e9 et de fraternit\u00e9 unissant leurs deux peuples.<\/p>\n\n\n\n<figure class=\"wp-block-image size-large\"><img loading=\"lazy\" decoding=\"async\" width=\"1024\" height=\"632\" src=\"https:\/\/alger16.dz\/wp-content\/uploads\/2026\/09\/image-2-1024x632.webp\" alt=\"\" class=\"wp-image-67561\" srcset=\"https:\/\/alger16.dz\/wp-content\/uploads\/2026\/09\/image-2-1024x632.webp 1024w, https:\/\/alger16.dz\/wp-content\/uploads\/2026\/09\/image-2-300x185.webp 300w, https:\/\/alger16.dz\/wp-content\/uploads\/2026\/09\/image-2-767x474.webp 767w, https:\/\/alger16.dz\/wp-content\/uploads\/2026\/09\/image-2.webp 1080w\" sizes=\"auto, (max-width: 1024px) 100vw, 1024px\" \/><\/figure>\n\n\n\n<p class=\"wp-block-paragraph\">Dans une d\u00e9claration \u00e0 la presse apr\u00e8s avoir remis au pr\u00e9sident de la R\u00e9publique, M. Abdelmadjid Tebboune, ses lettres de cr\u00e9ance, le nouvel ambassadeur d&rsquo;Iran a indiqu\u00e9 avoir transmis au pr\u00e9sident de la R\u00e9publique \u00ab\u00a0les messages d&rsquo;affection et de fraternit\u00e9 adress\u00e9s par le peuple et le gouvernement iraniens au peuple et au gouvernement alg\u00e9riens\u00a0\u00bb, lui faisant part de \u00ab\u00a0la sympathie et de la solidarit\u00e9 de l&rsquo;Iran envers l&rsquo;Etat et le peuple alg\u00e9rien fr\u00e8re, suite aux douloureux incendies survenus r\u00e9cemment\u00a0\u00bb.<\/p>\n\n\n\n<p class=\"wp-block-paragraph\">A cette occasion, l&rsquo;ambassadeur iranien a \u00e9voqu\u00e9 \u00ab\u00a0la riche histoire des relations constructives\u00a0\u00bb entre les deux pays et \u00ab\u00a0la profondeur des liens d&rsquo;amiti\u00e9 et de fraternit\u00e9\u00a0\u00bb qui unissent leurs peuples.<\/p>\n\n\n\n<p class=\"wp-block-paragraph\">\u00ab\u00a0L&rsquo;Iran et l&rsquo;Alg\u00e9rie sont deux Etats extr\u00eamement importants disposant d&rsquo;une influence majeure sur les sc\u00e8nes r\u00e9gionale et internationale\u00a0\u00bb, a-t-il poursuivi, ajoutant que \u00ab\u00a0dans le contexte d\u00e9licat et complexe que traverse le monde musulman, il ne fait aucun doute que les gouvernements des deux pays, en sus de leurs responsabilit\u00e9s nationales envers leurs peuples respectifs, assument des responsabilit\u00e9s communes envers le monde musulman pour contribuer \u00e0 y instaurer la paix, la stabilit\u00e9 et la s\u00e9curit\u00e9\u00a0\u00bb.<\/p>\n\n\n\n<p class=\"wp-block-paragraph\">\u00ab\u00a0Outre la convergence de vues entre les deux pays sur de nombreuses questions politiques r\u00e9gionales et internationales\u00a0\u00bb, \u00ab\u00a0les potentialit\u00e9s disponibles dans les deux pays peuvent \u00eatre mises au service d&rsquo;une croissance et d&rsquo;un d\u00e9veloppement partag\u00e9s, au b\u00e9n\u00e9fice des deux peuples fr\u00e8res, si elles viennent \u00e0 \u00eatre davantage mobilis\u00e9es\u00a0\u00bb, a-t-il ajout\u00e9.<\/p>\n\n\n\n<p class=\"wp-block-paragraph\">M. Naser Kanaani Chafi a conclu sa d\u00e9claration en assurant qu&rsquo;il d\u00e9ploiera \u00ab\u00a0tous les efforts n\u00e9cessaires pour promouvoir les relations bilat\u00e9rales et d\u00e9velopper la coop\u00e9ration entre l&rsquo;Iran et l&rsquo;Alg\u00e9rie, au mieux des int\u00e9r\u00eats des deux pays et peuples fr\u00e8res\u00a0\u00bb.<\/p>\n","protected":false},"excerpt":{"rendered":"<p>L&rsquo;ambassadeur de la R\u00e9publique islamique d&rsquo;Iran aupr\u00e8s de l&rsquo;Alg\u00e9rie, M. Naser Kanaani Chafi, a mis en avant, lundi, la riche histoire des relations constructives entre l&rsquo;Alg\u00e9rie et son pays, ainsi que la profondeur des liens d&rsquo;amiti\u00e9 et de fraternit\u00e9 unissant leurs deux peuples. Dans une d\u00e9claration \u00e0 la presse apr\u00e8s [&hellip;]<\/p>\n","protected":false},"author":3,"featured_media":67561,"comment_status":"open","ping_status":"open","sticky":false,"template":"","format":"standard","meta":{"footnotes":""},"categories":[36],"tags":[],"class_list":["post-67560","post","type-post","status-publish","format-standard","has-post-thumbnail","hentry","category-actualites"],"_links":{"self":[{"href":"https:\/\/alger16.dz\/index.php?rest_route=\/wp\/v2\/posts\/67560","targetHints":{"allow":["GET"]}}],"collection":[{"href":"https:\/\/alger16.dz\/index.php?rest_route=\/wp\/v2\/posts"}],"about":[{"href":"https:\/\/alger16.dz\/index.php?rest_route=\/wp\/v2\/types\/post"}],"author":[{"embeddable":true,"href":"https:\/\/alger16.dz\/index.php?rest_route=\/wp\/v2\/users\/3"}],"replies":[{"embeddable":true,"href":"https:\/\/alger16.dz\/index.php?rest_route=%2Fwp%2Fv2%2Fcomments&post=67560"}],"version-history":[{"count":1,"href":"https:\/\/alger16.dz\/index.php?rest_route=\/wp\/v2\/posts\/67560\/revisions"}],"predecessor-version":[{"id":67562,"href":"https:\/\/alger16.dz\/index.php?rest_route=\/wp\/v2\/posts\/67560\/revisions\/67562"}],"wp:featuredmedia":[{"embeddable":true,"href":"https:\/\/alger16.dz\/index.php?rest_route=\/wp\/v2\/media\/67561"}],"wp:attachment":[{"href":"https:\/\/alger16.dz\/index.php?rest_route=%2Fwp%2Fv2%2Fmedia&parent=67560"}],"wp:term":[{"taxonomy":"category","embeddable":true,"href":"https:\/\/alger16.dz\/index.php?rest_route=%2Fwp%2Fv2%2Fcategories&post=67560"},{"taxonomy":"post_tag","embeddable":true,"href":"https:\/\/alger16.dz\/index.php?rest_route=%2Fwp%2Fv2%2Ftags&post=67560"}],"curies":[{"name":"wp","href":"https:\/\/api.w.org\/{rel}","templated":true}]}}