{"id":67563,"date":"2026-09-01T11:11:37","date_gmt":"2026-09-01T11:11:37","guid":{"rendered":"https:\/\/alger16.dz\/?p=67563"},"modified":"2026-09-01T11:11:37","modified_gmt":"2026-09-01T11:11:37","slug":"mme-boufedeche-recue-a-belgrade-par-le-premier-ministre-serbe","status":"publish","type":"post","link":"https:\/\/alger16.dz\/?p=67563","title":{"rendered":"Mme Boufedeche re\u00e7ue \u00e0 Belgrade par le Premier ministre serbe"},"content":{"rendered":"\n<p class=\"wp-block-paragraph\">&nbsp;La pr\u00e9sidente de l&rsquo;Assembl\u00e9e populaire nationale (APN), Mme Khalida Boufedeche, a \u00e9t\u00e9 re\u00e7ue, lundi \u00e0 Belgrade, par le Premier ministre de la R\u00e9publique de Serbie, M. Duro Macut, indique un communiqu\u00e9 de l&rsquo;institution l\u00e9gislative.<\/p>\n\n\n\n<figure class=\"wp-block-image size-full\"><img loading=\"lazy\" decoding=\"async\" width=\"1016\" height=\"575\" src=\"https:\/\/alger16.dz\/wp-content\/uploads\/2026\/09\/image-3.webp\" alt=\"\" class=\"wp-image-67564\" srcset=\"https:\/\/alger16.dz\/wp-content\/uploads\/2026\/09\/image-3.webp 1016w, https:\/\/alger16.dz\/wp-content\/uploads\/2026\/09\/image-3-300x170.webp 300w, https:\/\/alger16.dz\/wp-content\/uploads\/2026\/09\/image-3-767x434.webp 767w\" sizes=\"auto, (max-width: 1016px) 100vw, 1016px\" \/><\/figure>\n\n\n\n<p class=\"wp-block-paragraph\">Cette rencontre s&rsquo;inscrit dans le cadre de la participation de Mme Boufedeche, sur instruction du pr\u00e9sident de la R\u00e9publique, M. Abdelmadjid Tebboune, \u00e0 la r\u00e9union de haut niveau comm\u00e9morant le 65e anniversaire de la premi\u00e8re Conf\u00e9rence des chefs d&rsquo;Etat et de Gouvernement des pays non-align\u00e9s.<\/p>\n\n\n\n<p class=\"wp-block-paragraph\">A cette occasion, la pr\u00e9sidente de l&rsquo;APN a soulign\u00e9 \u00ab\u00a0l&rsquo;importance qu&rsquo;accorde l&rsquo;Alg\u00e9rie au renforcement des relations de coop\u00e9ration et de partenariat avec la R\u00e9publique de Serbie dans les diff\u00e9rents domaines d&rsquo;int\u00e9r\u00eat commun\u00a0\u00bb, pr\u00e9cise la m\u00eame source.<\/p>\n\n\n\n<p class=\"wp-block-paragraph\">Mme Boufedeche a \u00e9galement r\u00e9affirm\u00e9 \u00ab\u00a0l&rsquo;attachement de l&rsquo;Alg\u00e9rie \u00e0 poursuivre son r\u00f4le dans la d\u00e9fense des principes du Mouvement des non-align\u00e9s et en faveur d&rsquo;un ordre international plus \u00e9quilibr\u00e9 et plus juste, fond\u00e9 sur le respect du droit international\u00a0\u00bb.<\/p>\n\n\n\n<p class=\"wp-block-paragraph\">De son c\u00f4t\u00e9, M. Duro Macut a salu\u00e9 le niveau de coop\u00e9ration \u00ab\u00a0strat\u00e9gique exceptionnel\u00a0\u00bb qui caract\u00e9rise les relations entre les deux pays, soulignant \u00ab\u00a0la volont\u00e9 commune d&rsquo;approfondir la concertation, d&rsquo;intensifier la coop\u00e9ration, d&rsquo;\u00e9tablir un partenariat strat\u00e9gique et de le hisser au niveau des aspirations des pr\u00e9sidents des deux pays\u00a0\u00bb, conclut le communiqu\u00e9.&nbsp;<\/p>\n","protected":false},"excerpt":{"rendered":"<p>&nbsp;La pr\u00e9sidente de l&rsquo;Assembl\u00e9e populaire nationale (APN), Mme Khalida Boufedeche, a \u00e9t\u00e9 re\u00e7ue, lundi \u00e0 Belgrade, par le Premier ministre de la R\u00e9publique de Serbie, M. Duro Macut, indique un communiqu\u00e9 de l&rsquo;institution l\u00e9gislative. Cette rencontre s&rsquo;inscrit dans le cadre de la participation de Mme Boufedeche, sur instruction du pr\u00e9sident [&hellip;]<\/p>\n","protected":false},"author":3,"featured_media":67564,"comment_status":"open","ping_status":"open","sticky":false,"template":"","format":"standard","meta":{"footnotes":""},"categories":[236,36],"tags":[],"class_list":["post-67563","post","type-post","status-publish","format-standard","has-post-thumbnail","hentry","category-a-la-une","category-actualites"],"_links":{"self":[{"href":"https:\/\/alger16.dz\/index.php?rest_route=\/wp\/v2\/posts\/67563","targetHints":{"allow":["GET"]}}],"collection":[{"href":"https:\/\/alger16.dz\/index.php?rest_route=\/wp\/v2\/posts"}],"about":[{"href":"https:\/\/alger16.dz\/index.php?rest_route=\/wp\/v2\/types\/post"}],"author":[{"embeddable":true,"href":"https:\/\/alger16.dz\/index.php?rest_route=\/wp\/v2\/users\/3"}],"replies":[{"embeddable":true,"href":"https:\/\/alger16.dz\/index.php?rest_route=%2Fwp%2Fv2%2Fcomments&post=67563"}],"version-history":[{"count":1,"href":"https:\/\/alger16.dz\/index.php?rest_route=\/wp\/v2\/posts\/67563\/revisions"}],"predecessor-version":[{"id":67565,"href":"https:\/\/alger16.dz\/index.php?rest_route=\/wp\/v2\/posts\/67563\/revisions\/67565"}],"wp:featuredmedia":[{"embeddable":true,"href":"https:\/\/alger16.dz\/index.php?rest_route=\/wp\/v2\/media\/67564"}],"wp:attachment":[{"href":"https:\/\/alger16.dz\/index.php?rest_route=%2Fwp%2Fv2%2Fmedia&parent=67563"}],"wp:term":[{"taxonomy":"category","embeddable":true,"href":"https:\/\/alger16.dz\/index.php?rest_route=%2Fwp%2Fv2%2Fcategories&post=67563"},{"taxonomy":"post_tag","embeddable":true,"href":"https:\/\/alger16.dz\/index.php?rest_route=%2Fwp%2Fv2%2Ftags&post=67563"}],"curies":[{"name":"wp","href":"https:\/\/api.w.org\/{rel}","templated":true}]}}