{"id":67581,"date":"2026-09-01T11:19:28","date_gmt":"2026-09-01T11:19:28","guid":{"rendered":"https:\/\/alger16.dz\/?p=67581"},"modified":"2026-09-01T11:19:29","modified_gmt":"2026-09-01T11:19:29","slug":"elections-locales-arous-procede-a-linstallation-de-29-coordinateurs-de-wilayas-de-lanie","status":"publish","type":"post","link":"https:\/\/alger16.dz\/?p=67581","title":{"rendered":"Elections locales : Arous proc\u00e8de \u00e0 l&rsquo;installation de 29 coordinateurs de wilayas de l&rsquo;ANIE"},"content":{"rendered":"\n<p class=\"wp-block-paragraph\">&nbsp;Le pr\u00e9sident de l&rsquo;Autorit\u00e9 nationale ind\u00e9pendante des \u00e9lections (ANIE), Saad Arous, a proc\u00e9d\u00e9 \u00e0 l&rsquo;installation de 29 coordinateurs de wilayas de l&rsquo;Autorit\u00e9 ind\u00e9pendante, en pr\u00e9vision de l&rsquo;\u00e9lection des membres des Assembl\u00e9es populaires communales et de wilayas, pr\u00e9vue le 28 novembre prochain, indique mardi un communiqu\u00e9 de cette instance.<\/p>\n\n\n\n<figure class=\"wp-block-image size-large\"><img loading=\"lazy\" decoding=\"async\" width=\"1024\" height=\"588\" src=\"https:\/\/alger16.dz\/wp-content\/uploads\/2026\/09\/image-8-1024x588.webp\" alt=\"\" class=\"wp-image-67582\" srcset=\"https:\/\/alger16.dz\/wp-content\/uploads\/2026\/09\/image-8-1024x588.webp 1024w, https:\/\/alger16.dz\/wp-content\/uploads\/2026\/09\/image-8-300x172.webp 300w, https:\/\/alger16.dz\/wp-content\/uploads\/2026\/09\/image-8-766x440.webp 766w, https:\/\/alger16.dz\/wp-content\/uploads\/2026\/09\/image-8.webp 1080w\" sizes=\"auto, (max-width: 1024px) 100vw, 1024px\" \/><\/figure>\n\n\n\n<p class=\"wp-block-paragraph\">&nbsp;&nbsp;&nbsp;&nbsp; L&rsquo;op\u00e9ration, qui s&rsquo;est d\u00e9roul\u00e9e lundi soir par visioconf\u00e9rence, s&rsquo;inscrit dans le cadre des pr\u00e9paratifs en cours pour l&rsquo;\u00e9lection des membres des Assembl\u00e9es populaires communales et de wilayas, suite \u00e0 la convocation du corps \u00e9lectoral, et en application des dispositions de l&rsquo;article 30 de la loi organique relative au r\u00e9gime \u00e9lectoral, modifi\u00e9e et compl\u00e9t\u00e9e.<\/p>\n\n\n\n<p class=\"wp-block-paragraph\">&nbsp;&nbsp;&nbsp;&nbsp; Ont ainsi \u00e9t\u00e9 install\u00e9s les coordinateurs des wilayas de Chlef, Laghouat, Oum El Bouaghi, Batna, Biskra, Blida, Tamanrasset, Alger, Jijel, S\u00e9tif, Sa\u00efda, Skikda, Sidi Bel Abb\u00e8s, Annaba, Guelma, Constantine, M\u00e9d\u00e9a, Mostaganem, Ouargla, Oran, Boumerd\u00e8s, El Oued, Tipasa, Mila, A\u00efn Defla, Na\u00e2ma, Relizane, Messa\u00e2d et Bou Sa\u00e2da.<\/p>\n\n\n\n<p class=\"wp-block-paragraph\">&nbsp;&nbsp;&nbsp;&nbsp; Dans ce cadre, M. Arous a soulign\u00e9 que l&rsquo;installation des coordinateurs de wilayas vient \u00ab\u00a0renforcer la disponibilit\u00e9 institutionnelle et sur le terrain de l&rsquo;ANIE\u00a0\u00bb, insistant sur \u00ab\u00a0la n\u00e9cessit\u00e9 pour les coordinateurs de wilayas de se conformer aux dispositions l\u00e9gislatives et r\u00e9glementaires en vigueur et de faire preuve de neutralit\u00e9, d&rsquo;int\u00e9grit\u00e9 et d&rsquo;ind\u00e9pendance dans l&rsquo;exercice de leurs fonctions\u00a0\u00bb.<\/p>\n\n\n\n<p class=\"wp-block-paragraph\">&nbsp;&nbsp;&nbsp;&nbsp; Il a, \u00e0 cet \u00e9gard, appel\u00e9 les nouveaux coordinateurs \u00e0 assumer leurs responsabilit\u00e9s avec \u00ab\u00a0rigueur et efficacit\u00e9\u00a0\u00bb, tout en \u00ab\u00a0renfor\u00e7ant la coordination et la synergie avec les diff\u00e9rents intervenants dans le processus \u00e9lectoral, en vue de contribuer au bon d\u00e9roulement de cette \u00e9ch\u00e9ance \u00e9lectorale\u00a0\u00bb, conclut le communiqu\u00e9.<\/p>\n","protected":false},"excerpt":{"rendered":"<p>&nbsp;Le pr\u00e9sident de l&rsquo;Autorit\u00e9 nationale ind\u00e9pendante des \u00e9lections (ANIE), Saad Arous, a proc\u00e9d\u00e9 \u00e0 l&rsquo;installation de 29 coordinateurs de wilayas de l&rsquo;Autorit\u00e9 ind\u00e9pendante, en pr\u00e9vision de l&rsquo;\u00e9lection des membres des Assembl\u00e9es populaires communales et de wilayas, pr\u00e9vue le 28 novembre prochain, indique mardi un communiqu\u00e9 de cette instance. &nbsp;&nbsp;&nbsp;&nbsp; L&rsquo;op\u00e9ration, [&hellip;]<\/p>\n","protected":false},"author":3,"featured_media":67582,"comment_status":"open","ping_status":"open","sticky":false,"template":"","format":"standard","meta":{"footnotes":""},"categories":[36,53],"tags":[],"class_list":["post-67581","post","type-post","status-publish","format-standard","has-post-thumbnail","hentry","category-actualites","category-societe"],"_links":{"self":[{"href":"https:\/\/alger16.dz\/index.php?rest_route=\/wp\/v2\/posts\/67581","targetHints":{"allow":["GET"]}}],"collection":[{"href":"https:\/\/alger16.dz\/index.php?rest_route=\/wp\/v2\/posts"}],"about":[{"href":"https:\/\/alger16.dz\/index.php?rest_route=\/wp\/v2\/types\/post"}],"author":[{"embeddable":true,"href":"https:\/\/alger16.dz\/index.php?rest_route=\/wp\/v2\/users\/3"}],"replies":[{"embeddable":true,"href":"https:\/\/alger16.dz\/index.php?rest_route=%2Fwp%2Fv2%2Fcomments&post=67581"}],"version-history":[{"count":1,"href":"https:\/\/alger16.dz\/index.php?rest_route=\/wp\/v2\/posts\/67581\/revisions"}],"predecessor-version":[{"id":67583,"href":"https:\/\/alger16.dz\/index.php?rest_route=\/wp\/v2\/posts\/67581\/revisions\/67583"}],"wp:featuredmedia":[{"embeddable":true,"href":"https:\/\/alger16.dz\/index.php?rest_route=\/wp\/v2\/media\/67582"}],"wp:attachment":[{"href":"https:\/\/alger16.dz\/index.php?rest_route=%2Fwp%2Fv2%2Fmedia&parent=67581"}],"wp:term":[{"taxonomy":"category","embeddable":true,"href":"https:\/\/alger16.dz\/index.php?rest_route=%2Fwp%2Fv2%2Fcategories&post=67581"},{"taxonomy":"post_tag","embeddable":true,"href":"https:\/\/alger16.dz\/index.php?rest_route=%2Fwp%2Fv2%2Ftags&post=67581"}],"curies":[{"name":"wp","href":"https:\/\/api.w.org\/{rel}","templated":true}]}}