{"id":67590,"date":"2026-09-01T11:33:31","date_gmt":"2026-09-01T11:33:31","guid":{"rendered":"https:\/\/alger16.dz\/?p=67590"},"modified":"2026-09-01T11:33:32","modified_gmt":"2026-09-01T11:33:32","slug":"incendies-de-foret-instructions-pour-la-rehabilitation-des-routes-et-des-infrastructures-endommagees-dans-plusieurs-wilayas-du-pays","status":"publish","type":"post","link":"https:\/\/alger16.dz\/?p=67590","title":{"rendered":"Incendies de for\u00eat : Instructions pour la r\u00e9habilitation des routes et des infrastructures endommag\u00e9es dans plusieurs wilayas du pays"},"content":{"rendered":"\n<p class=\"wp-block-paragraph\">Le ministre des Travaux publics et des Infrastructures de base, Abdelkader Djellaoui, a pr\u00e9sid\u00e9, lundi au si\u00e8ge du minist\u00e8re, une r\u00e9union de travail consacr\u00e9e au suivi des mesures et dispositions d&rsquo;urgence pour la r\u00e9paration et la r\u00e9habilitation des axes routiers et des infrastructures endommag\u00e9s par les r\u00e9cents incendies enregistr\u00e9s dans plusieurs wilayas du pays, notamment Jijel, et la poursuite des efforts pour garantir le retour de la situation \u00e0 la normale, indique un communiqu\u00e9 du minist\u00e8re.<\/p>\n\n\n\n<figure class=\"wp-block-image size-large\"><img loading=\"lazy\" decoding=\"async\" width=\"1024\" height=\"683\" src=\"https:\/\/alger16.dz\/wp-content\/uploads\/2026\/09\/image-10-1024x683.webp\" alt=\"\" class=\"wp-image-67591\" srcset=\"https:\/\/alger16.dz\/wp-content\/uploads\/2026\/09\/image-10-1024x683.webp 1024w, https:\/\/alger16.dz\/wp-content\/uploads\/2026\/09\/image-10-300x200.webp 300w, https:\/\/alger16.dz\/wp-content\/uploads\/2026\/09\/image-10-768x512.webp 768w, https:\/\/alger16.dz\/wp-content\/uploads\/2026\/09\/image-10.webp 1080w\" sizes=\"auto, (max-width: 1024px) 100vw, 1024px\" \/><\/figure>\n\n\n\n<p class=\"wp-block-paragraph\">&nbsp;&nbsp;&nbsp;&nbsp; Ces mesures interviennent en application des instructions donn\u00e9es par le pr\u00e9sident de la R\u00e9publique, M. Abdelmadjid Tebboune, lors de la r\u00e9union qu&rsquo;il a pr\u00e9sid\u00e9e dimanche, et \u00e0 la suite de la r\u00e9union pr\u00e9sid\u00e9e lundi par le Premier ministre, M. Sifi Ghrieb.<\/p>\n\n\n\n<p class=\"wp-block-paragraph\">&nbsp;&nbsp;&nbsp;&nbsp; Cette r\u00e9union de travail, \u00e0 laquelle ont pris part des cadres centraux du minist\u00e8re, aux c\u00f4t\u00e9s du Directeur g\u00e9n\u00e9ral de l&rsquo;Entreprise nationale de panneaux de signalisation routi\u00e8re (ENPS), en coordination avec les directeurs des Travaux publics des wilayas de Jijel, Constantine et S\u00e9tif, a permis de passer en revue la situation sur le terrain et de d\u00e9finir les interventions prioritaires dans le cadre des op\u00e9rations de r\u00e9paration et de r\u00e9habilitation.<\/p>\n\n\n\n<p class=\"wp-block-paragraph\">&nbsp;&nbsp;&nbsp;&nbsp; Concernant le r\u00e9seau routier, il a \u00e9t\u00e9 d\u00e9cid\u00e9 d&rsquo;acc\u00e9l\u00e9rer les op\u00e9rations de r\u00e9am\u00e9nagement et de r\u00e9paration des axes endommag\u00e9s par les incendies, avec la mobilisation et la mise \u00e0 disposition de l&rsquo;ensemble des moyens des entreprises du secteur, appuy\u00e9s par les moyens et les \u00e9quipements des directions des travaux publics des wilayas de Constantine et de S\u00e9tif et des wilayas limitrophes, pour renforcer les capacit\u00e9s d&rsquo;intervention et parachever les travaux au d\u00e9but de la semaine prochaine.<\/p>\n\n\n\n<p class=\"wp-block-paragraph\">&nbsp;&nbsp;&nbsp;&nbsp; Les dispositions pr\u00e9voient aussi le renforcement des talus endommag\u00e9s, pour r\u00e9tablir leur stabilit\u00e9, garantir la s\u00e9curit\u00e9 des infrastructures routi\u00e8res et prot\u00e9ger les usagers de la route.<\/p>\n\n\n\n<p class=\"wp-block-paragraph\">&nbsp;&nbsp;&nbsp;&nbsp; Pour ce qui est de la r\u00e9habilitation de la signalisation verticale et horizontale, il sera proc\u00e9d\u00e9, parall\u00e8lement aux travaux de r\u00e9am\u00e9nagement, \u00e0 la remise en place des marquages et de la signalisation horizontale et verticale au niveau des diff\u00e9rents axes du r\u00e9seau endommag\u00e9, ainsi qu&rsquo;\u00e0 la mise en place et au renouvellement des panneaux de signalisation directionnelle n\u00e9cessaires pour garantir la clart\u00e9 des itin\u00e9raires et am\u00e9liorer les conditions de circulation, notamment au niveau des axes ayant \u00e9t\u00e9 affect\u00e9s par les incendies, et renforcer les conditions de s\u00e9curit\u00e9 et de s\u00fbret\u00e9 des usagers de la route, ajoute le communiqu\u00e9.<\/p>\n\n\n\n<p class=\"wp-block-paragraph\">&nbsp;&nbsp;&nbsp;&nbsp; Dans le cadre du suivi et de la coordination sur le terrain, des cadres centraux du minist\u00e8re seront d\u00e9p\u00each\u00e9s sur le terrain pour renforcer les \u00e9quipes intervenantes, orienter leurs efforts et suivre le d\u00e9roulement des diff\u00e9rentes op\u00e9rations.<\/p>\n\n\n\n<p class=\"wp-block-paragraph\">&nbsp;&nbsp;&nbsp;&nbsp; La coordination entre les diff\u00e9rents acteurs sur le terrain sera \u00e9galement renforc\u00e9e, particuli\u00e8rement entre les directions des travaux publics des wilayas limitrophes et les entreprises du secteur actuellement pr\u00e9sentes sur place, de mani\u00e8re \u00e0 assurer la compl\u00e9mentarit\u00e9 des capacit\u00e9s et des moyens et \u00e0 unifier les efforts d&rsquo;intervention, jusqu&rsquo;au parach\u00e8vement des op\u00e9rations de r\u00e9paration et de r\u00e9habilitation.<\/p>\n\n\n\n<p class=\"wp-block-paragraph\">&nbsp;&nbsp;&nbsp;&nbsp; Ces dispositions s&rsquo;inscrivent dans le cadre de la r\u00e9ponse imm\u00e9diate aux cons\u00e9quences des r\u00e9cents incendies, \u00e0 travers la poursuite de la mobilisation de l&rsquo;ensemble des moyens humains et mat\u00e9riels du secteur et l&rsquo;intervention au niveau des points endommag\u00e9s, afin de garantir le retour de la situation \u00e0 la normale au d\u00e9but de la semaine prochaine, conclut le communiqu\u00e9.<\/p>\n","protected":false},"excerpt":{"rendered":"<p>Le ministre des Travaux publics et des Infrastructures de base, Abdelkader Djellaoui, a pr\u00e9sid\u00e9, lundi au si\u00e8ge du minist\u00e8re, une r\u00e9union de travail consacr\u00e9e au suivi des mesures et dispositions d&rsquo;urgence pour la r\u00e9paration et la r\u00e9habilitation des axes routiers et des infrastructures endommag\u00e9s par les r\u00e9cents incendies enregistr\u00e9s dans [&hellip;]<\/p>\n","protected":false},"author":3,"featured_media":67591,"comment_status":"open","ping_status":"open","sticky":false,"template":"","format":"standard","meta":{"footnotes":""},"categories":[36,53],"tags":[],"class_list":["post-67590","post","type-post","status-publish","format-standard","has-post-thumbnail","hentry","category-actualites","category-societe"],"_links":{"self":[{"href":"https:\/\/alger16.dz\/index.php?rest_route=\/wp\/v2\/posts\/67590","targetHints":{"allow":["GET"]}}],"collection":[{"href":"https:\/\/alger16.dz\/index.php?rest_route=\/wp\/v2\/posts"}],"about":[{"href":"https:\/\/alger16.dz\/index.php?rest_route=\/wp\/v2\/types\/post"}],"author":[{"embeddable":true,"href":"https:\/\/alger16.dz\/index.php?rest_route=\/wp\/v2\/users\/3"}],"replies":[{"embeddable":true,"href":"https:\/\/alger16.dz\/index.php?rest_route=%2Fwp%2Fv2%2Fcomments&post=67590"}],"version-history":[{"count":1,"href":"https:\/\/alger16.dz\/index.php?rest_route=\/wp\/v2\/posts\/67590\/revisions"}],"predecessor-version":[{"id":67592,"href":"https:\/\/alger16.dz\/index.php?rest_route=\/wp\/v2\/posts\/67590\/revisions\/67592"}],"wp:featuredmedia":[{"embeddable":true,"href":"https:\/\/alger16.dz\/index.php?rest_route=\/wp\/v2\/media\/67591"}],"wp:attachment":[{"href":"https:\/\/alger16.dz\/index.php?rest_route=%2Fwp%2Fv2%2Fmedia&parent=67590"}],"wp:term":[{"taxonomy":"category","embeddable":true,"href":"https:\/\/alger16.dz\/index.php?rest_route=%2Fwp%2Fv2%2Fcategories&post=67590"},{"taxonomy":"post_tag","embeddable":true,"href":"https:\/\/alger16.dz\/index.php?rest_route=%2Fwp%2Fv2%2Ftags&post=67590"}],"curies":[{"name":"wp","href":"https:\/\/api.w.org\/{rel}","templated":true}]}}