{"id":67608,"date":"2026-09-01T11:52:17","date_gmt":"2026-09-01T11:52:17","guid":{"rendered":"https:\/\/alger16.dz\/?p=67608"},"modified":"2026-09-01T11:53:54","modified_gmt":"2026-09-01T11:53:54","slug":"le-ministere-du-commerce-exterieur-apporte-des-clarifications-concernant-le-programme-previsionnel-dimportation","status":"publish","type":"post","link":"https:\/\/alger16.dz\/?p=67608","title":{"rendered":"Le minist\u00e8re du Commerce ext\u00e9rieur apporte des clarifications concernant le programme pr\u00e9visionnel d&rsquo;importation"},"content":{"rendered":"\n<p class=\"wp-block-paragraph\">Le minist\u00e8re du Commerce ext\u00e9rieur et de la Promotion des exportations a apport\u00e9, lundi dans un communiqu\u00e9, des clarifications concernant les demandes de visa du programme pr\u00e9visionnel d&rsquo;importation sur la base des donn\u00e9es et documents officiels enregistr\u00e9s via la plateforme num\u00e9rique, rejetant les \u00ab\u00a0all\u00e9gations infond\u00e9es\u00a0\u00bb selon lesquelles il entraverait ce programme.<\/p>\n\n\n\n<figure class=\"wp-block-image size-full\"><img loading=\"lazy\" decoding=\"async\" width=\"780\" height=\"470\" src=\"https:\/\/alger16.dz\/wp-content\/uploads\/2026\/09\/image-16.webp\" alt=\"\" class=\"wp-image-67609\" srcset=\"https:\/\/alger16.dz\/wp-content\/uploads\/2026\/09\/image-16.webp 780w, https:\/\/alger16.dz\/wp-content\/uploads\/2026\/09\/image-16-300x181.webp 300w, https:\/\/alger16.dz\/wp-content\/uploads\/2026\/09\/image-16-767x462.webp 767w\" sizes=\"auto, (max-width: 780px) 100vw, 780px\" \/><\/figure>\n\n\n\n<p class=\"wp-block-paragraph\">Les clarifications du minist\u00e8re interviennent suite \u00e0 la diffusion d&rsquo;une vid\u00e9o sur les r\u00e9seaux sociaux, dans laquelle le g\u00e9rant d&rsquo;une entreprise priv\u00e9e (Benbellat), sp\u00e9cialis\u00e9e dans la production d&rsquo;eau min\u00e9rale, a fait part de ses pr\u00e9occupations concernant ce qu&rsquo;il a qualifi\u00e9 de \u00ab\u00a0retard dans l&rsquo;obtention du visa du programme pr\u00e9visionnel d&rsquo;importation de pi\u00e8ces de rechange pour le deuxi\u00e8me semestre de l&rsquo;ann\u00e9e 2026\u00a0\u00bb.<\/p>\n\n\n\n<p class=\"wp-block-paragraph\">Dans son communiqu\u00e9, le minist\u00e8re a \u00ab\u00a0cat\u00e9goriquement rejet\u00e9 les all\u00e9gations et informations erron\u00e9es contenues dans cette vid\u00e9o, qui ne correspondent pas aux donn\u00e9es officielles enregistr\u00e9es aupr\u00e8s de ses services\u00a0\u00bb, soulignant qu&rsquo;il \u00ab\u00a0se r\u00e9serve le droit d&rsquo;engager les poursuites judiciaires qu&rsquo;il juge n\u00e9cessaires contre toute partie susceptible de porter atteinte \u00e0 la r\u00e9putation du minist\u00e8re ou de diffuser des informations de nature \u00e0 induire l&rsquo;opinion publique en erreur\u00a0\u00bb.<\/p>\n\n\n\n<p class=\"wp-block-paragraph\">Evoquant les d\u00e9tails du dossier de l&rsquo;op\u00e9rateur en question, le minist\u00e8re a assur\u00e9 que le dossier \u00ab\u00a0n&rsquo;a \u00e9t\u00e9 ni rejet\u00e9 ni gel\u00e9\u00a0\u00bb, pr\u00e9cisant que \u00ab\u00a0les services comp\u00e9tents lui ont demand\u00e9, en date du 20 ao\u00fbt courant, de modifier son programme pr\u00e9visionnel au vu de la nature et du volume de la demande\u00a0\u00bb.<\/p>\n\n\n\n<p class=\"wp-block-paragraph\">Cependant, jusqu&rsquo;\u00e0 la date de publication du communiqu\u00e9, l&rsquo;op\u00e9rateur \u00ab\u00a0n&rsquo;a pas r\u00e9pondu \u00e0 la demande de modification, ce qui a emp\u00each\u00e9 la finalisation de l&rsquo;\u00e9tude du dossier et l&rsquo;octroi du visa\u00a0\u00bb, explique le minist\u00e8re.<\/p>\n\n\n\n<p class=\"wp-block-paragraph\">Le programme pr\u00e9sent\u00e9 par l&rsquo;op\u00e9rateur porte sur 709 positions tarifaires pour un total de 10.522 pi\u00e8ces de rechange, a fait savoir le minist\u00e8re, rappelant que la m\u00eame entreprise avait d\u00e9j\u00e0 b\u00e9n\u00e9fici\u00e9, le 29 janvier 2026, du visa pour 300 pi\u00e8ces de rechange au titre du programme pr\u00e9visionnel du premier semestre de l&rsquo;ann\u00e9e 2026, en plus de 5.695 pi\u00e8ces de rechange de diff\u00e9rents types dans le cadre du programme pr\u00e9visionnel du deuxi\u00e8me semestre de l&rsquo;ann\u00e9e 2025, vis\u00e9 le 2 ao\u00fbt 2025.<\/p>\n\n\n\n<p class=\"wp-block-paragraph\">Ainsi, \u00ab\u00a0l&rsquo;int\u00e9ress\u00e9 aura introduit, en l&rsquo;espace d&rsquo;\u00e0 peine 12 mois, des demandes d&rsquo;importation pour un total de 16.517 pi\u00e8ces de rechange de diff\u00e9rents types, un volume qui exige, sur le plan technique, de v\u00e9rifier l&rsquo;ad\u00e9quation de ces besoins avec la taille de l&rsquo;unit\u00e9 de production, la nature de ses \u00e9quipements et sa capacit\u00e9 de production effective\u00a0\u00bb, ajoute le minist\u00e8re.<\/p>\n\n\n\n<p class=\"wp-block-paragraph\">L&rsquo;importance de ces donn\u00e9es appara\u00eet plus clairement lorsqu&rsquo;elles sont compar\u00e9es aux programmes d&rsquo;importation d&rsquo;autres entreprises op\u00e9rant dans le m\u00eame secteur et disposant de plus de quatre lignes de production, a expliqu\u00e9 la m\u00eame source, pr\u00e9cisant que \u00ab\u00a0les quantit\u00e9s de pi\u00e8ces de rechange demand\u00e9es par certaines d&rsquo;entre elles ne d\u00e9passent pas le quart de la quantit\u00e9 demand\u00e9e par l&rsquo;entreprise concern\u00e9e, bien qu&rsquo;elles poss\u00e8dent des capacit\u00e9s de production plus importantes et un nombre de lignes de production sup\u00e9rieur \u00e0 celles dont dispose cette entreprise\u00a0\u00bb.<\/p>\n\n\n\n<p class=\"wp-block-paragraph\">Par cons\u00e9quent, les donn\u00e9es techniques enregistr\u00e9es aupr\u00e8s des services du minist\u00e8re \u00ab\u00a0ne refl\u00e8tent pas l&rsquo;existence d&rsquo;une unit\u00e9 de production dont la taille et les capacit\u00e9s d&rsquo;exploitation justifieraient, en apparence, ce volume \u00e9lev\u00e9 de demandes de pi\u00e8ces de rechange, ce qui a conduit \u00e0 soumettre son programme pr\u00e9visionnel \u00e0 un examen approfondi et \u00e0 demander sa modification, et non \u00e0 le rejeter ou \u00e0 entraver l&rsquo;activit\u00e9 de l&rsquo;entreprise\u00a0\u00bb.<\/p>\n\n\n\n<p class=\"wp-block-paragraph\">Le minist\u00e8re s&rsquo;est \u00e9galement engag\u00e9 \u00e0 apporter des pr\u00e9cisions sur d&rsquo;autres questions et donn\u00e9es relatives aux demandes de visa du programme pr\u00e9visionnel d&rsquo;importation, en se fondant sur les donn\u00e9es et documents officiels enregistr\u00e9s via la plateforme num\u00e9rique, afin de lever toute ambigu\u00eft\u00e9 et d&rsquo;\u00e9carter toute interpr\u00e9tation inexacte.<\/p>\n","protected":false},"excerpt":{"rendered":"<p>Le minist\u00e8re du Commerce ext\u00e9rieur et de la Promotion des exportations a apport\u00e9, lundi dans un communiqu\u00e9, des clarifications concernant les demandes de visa du programme pr\u00e9visionnel d&rsquo;importation sur la base des donn\u00e9es et documents officiels enregistr\u00e9s via la plateforme num\u00e9rique, rejetant les \u00ab\u00a0all\u00e9gations infond\u00e9es\u00a0\u00bb selon lesquelles il entraverait ce [&hellip;]<\/p>\n","protected":false},"author":3,"featured_media":67609,"comment_status":"open","ping_status":"open","sticky":false,"template":"","format":"standard","meta":{"footnotes":""},"categories":[236,63],"tags":[],"class_list":["post-67608","post","type-post","status-publish","format-standard","has-post-thumbnail","hentry","category-a-la-une","category-economie"],"_links":{"self":[{"href":"https:\/\/alger16.dz\/index.php?rest_route=\/wp\/v2\/posts\/67608","targetHints":{"allow":["GET"]}}],"collection":[{"href":"https:\/\/alger16.dz\/index.php?rest_route=\/wp\/v2\/posts"}],"about":[{"href":"https:\/\/alger16.dz\/index.php?rest_route=\/wp\/v2\/types\/post"}],"author":[{"embeddable":true,"href":"https:\/\/alger16.dz\/index.php?rest_route=\/wp\/v2\/users\/3"}],"replies":[{"embeddable":true,"href":"https:\/\/alger16.dz\/index.php?rest_route=%2Fwp%2Fv2%2Fcomments&post=67608"}],"version-history":[{"count":1,"href":"https:\/\/alger16.dz\/index.php?rest_route=\/wp\/v2\/posts\/67608\/revisions"}],"predecessor-version":[{"id":67610,"href":"https:\/\/alger16.dz\/index.php?rest_route=\/wp\/v2\/posts\/67608\/revisions\/67610"}],"wp:featuredmedia":[{"embeddable":true,"href":"https:\/\/alger16.dz\/index.php?rest_route=\/wp\/v2\/media\/67609"}],"wp:attachment":[{"href":"https:\/\/alger16.dz\/index.php?rest_route=%2Fwp%2Fv2%2Fmedia&parent=67608"}],"wp:term":[{"taxonomy":"category","embeddable":true,"href":"https:\/\/alger16.dz\/index.php?rest_route=%2Fwp%2Fv2%2Fcategories&post=67608"},{"taxonomy":"post_tag","embeddable":true,"href":"https:\/\/alger16.dz\/index.php?rest_route=%2Fwp%2Fv2%2Ftags&post=67608"}],"curies":[{"name":"wp","href":"https:\/\/api.w.org\/{rel}","templated":true}]}}