{"id":67615,"date":"2026-09-01T16:02:32","date_gmt":"2026-09-01T16:02:32","guid":{"rendered":"https:\/\/alger16.dz\/?p=67615"},"modified":"2026-09-01T16:02:33","modified_gmt":"2026-09-01T16:02:33","slug":"le-president-de-la-republique-procede-a-un-remaniement-ministeriel-partiel","status":"publish","type":"post","link":"https:\/\/alger16.dz\/?p=67615","title":{"rendered":"Le pr\u00e9sident de la R\u00e9publique proc\u00e8de \u00e0 un remaniement minist\u00e9riel partiel"},"content":{"rendered":"\n<p class=\"wp-block-paragraph\"><\/p>\n\n\n\n<p class=\"wp-block-paragraph\"><strong>Le pr\u00e9sident de la R\u00e9publique, Abdelmadjid Tebboune, Chef supr\u00eame des Forces arm\u00e9es et Ministre de la D\u00e9fense nationale, a proc\u00e9d\u00e9, ce mardi, \u00e0 un remaniement minist\u00e9riel partiel, indique un communiqu\u00e9&nbsp;de la pr\u00e9sidence de la R\u00e9publique.<\/strong><\/p>\n\n\n\n<p class=\"wp-block-paragraph\">\u00ab&nbsp;Apr\u00e8s consultation de Monsieur le Premier ministre, le Pr\u00e9sident de la R\u00e9publique, Monsieur Abdelmadjid Tebboune, Chef supr\u00eame des Forces arm\u00e9es et Ministre de la D\u00e9fense nationale, a proc\u00e9d\u00e9 aujourd\u2019hui \u00e0 un remaniement minist\u00e9riel partiel, en vertu duquel ont \u00e9t\u00e9 nomm\u00e9s :<\/p>\n\n\n\n<p class=\"wp-block-paragraph\">Mohamed Lamine Lebbou, ministre des Finances ;<\/p>\n\n\n\n<p class=\"wp-block-paragraph\">Mohamed Hattab, ministre du Travail, de l\u2019Emploi et de la S\u00e9curit\u00e9 sociale ;<\/p>\n\n\n\n<p class=\"wp-block-paragraph\">Sid Ali Khaldi, ministre de l\u2019Agriculture, du D\u00e9veloppement rural et de la P\u00eache ;<\/p>\n\n\n\n<p class=\"wp-block-paragraph\">Mohamed Bouslimani, ministre de la Communication&nbsp;\u00bb, pr\u00e9cise le communiqu\u00e9.<\/p>\n","protected":false},"excerpt":{"rendered":"<p>Le pr\u00e9sident de la R\u00e9publique, Abdelmadjid Tebboune, Chef supr\u00eame des Forces arm\u00e9es et Ministre de la D\u00e9fense nationale, a proc\u00e9d\u00e9, ce mardi, \u00e0 un remaniement minist\u00e9riel partiel, indique un communiqu\u00e9&nbsp;de la pr\u00e9sidence de la R\u00e9publique. \u00ab&nbsp;Apr\u00e8s consultation de Monsieur le Premier ministre, le Pr\u00e9sident de la R\u00e9publique, Monsieur Abdelmadjid Tebboune, [&hellip;]<\/p>\n","protected":false},"author":3,"featured_media":67616,"comment_status":"open","ping_status":"open","sticky":false,"template":"","format":"standard","meta":{"footnotes":""},"categories":[236,36],"tags":[],"class_list":["post-67615","post","type-post","status-publish","format-standard","has-post-thumbnail","hentry","category-a-la-une","category-actualites"],"_links":{"self":[{"href":"https:\/\/alger16.dz\/index.php?rest_route=\/wp\/v2\/posts\/67615","targetHints":{"allow":["GET"]}}],"collection":[{"href":"https:\/\/alger16.dz\/index.php?rest_route=\/wp\/v2\/posts"}],"about":[{"href":"https:\/\/alger16.dz\/index.php?rest_route=\/wp\/v2\/types\/post"}],"author":[{"embeddable":true,"href":"https:\/\/alger16.dz\/index.php?rest_route=\/wp\/v2\/users\/3"}],"replies":[{"embeddable":true,"href":"https:\/\/alger16.dz\/index.php?rest_route=%2Fwp%2Fv2%2Fcomments&post=67615"}],"version-history":[{"count":1,"href":"https:\/\/alger16.dz\/index.php?rest_route=\/wp\/v2\/posts\/67615\/revisions"}],"predecessor-version":[{"id":67617,"href":"https:\/\/alger16.dz\/index.php?rest_route=\/wp\/v2\/posts\/67615\/revisions\/67617"}],"wp:featuredmedia":[{"embeddable":true,"href":"https:\/\/alger16.dz\/index.php?rest_route=\/wp\/v2\/media\/67616"}],"wp:attachment":[{"href":"https:\/\/alger16.dz\/index.php?rest_route=%2Fwp%2Fv2%2Fmedia&parent=67615"}],"wp:term":[{"taxonomy":"category","embeddable":true,"href":"https:\/\/alger16.dz\/index.php?rest_route=%2Fwp%2Fv2%2Fcategories&post=67615"},{"taxonomy":"post_tag","embeddable":true,"href":"https:\/\/alger16.dz\/index.php?rest_route=%2Fwp%2Fv2%2Ftags&post=67615"}],"curies":[{"name":"wp","href":"https:\/\/api.w.org\/{rel}","templated":true}]}}