{"id":67626,"date":"2026-09-01T19:44:43","date_gmt":"2026-09-01T19:44:43","guid":{"rendered":"https:\/\/alger16.dz\/?p=67626"},"modified":"2026-09-01T19:44:43","modified_gmt":"2026-09-01T19:44:43","slug":"65e-anniversaire-de-la-premiere-conference-constitutive-du-mouvement-des-non-alignes-le-messages-du-president-tebboune-rester-attache-aux-principes-et-a-agir","status":"publish","type":"post","link":"https:\/\/alger16.dz\/?p=67626","title":{"rendered":"65e anniversaire de la premi\u00e8re conf\u00e9rence constitutive du Mouvement des non-align\u00e9s, Le messages du pr\u00e9sident Tebboune : \u00abrester attach\u00e9 aux principes et \u00e0 agir\u00bb"},"content":{"rendered":"\n<p class=\"wp-block-paragraph\"><\/p>\n\n\n\n<figure class=\"wp-block-image size-full\"><img loading=\"lazy\" decoding=\"async\" width=\"900\" height=\"675\" src=\"https:\/\/alger16.dz\/wp-content\/uploads\/2026\/09\/abdelmadjid-tebboune-22-04-2026-2.webp\" alt=\"\" class=\"wp-image-67632\" srcset=\"https:\/\/alger16.dz\/wp-content\/uploads\/2026\/09\/abdelmadjid-tebboune-22-04-2026-2.webp 900w, https:\/\/alger16.dz\/wp-content\/uploads\/2026\/09\/abdelmadjid-tebboune-22-04-2026-2-300x225.webp 300w, https:\/\/alger16.dz\/wp-content\/uploads\/2026\/09\/abdelmadjid-tebboune-22-04-2026-2-768x576.webp 768w\" sizes=\"auto, (max-width: 900px) 100vw, 900px\" \/><\/figure>\n\n\n\n<p class=\"wp-block-paragraph\">Le pr\u00e9sident de la R\u00e9publique, M. Abdelmadjid Tebboune, a r\u00e9affirm\u00e9 hier \u00ab le profond attachement de l\u2019Alg\u00e9rie aux principes et aux objectifs du Mouvement des non-align\u00e9s \u00bb, appelant \u00ab \u00e0 renforcer l\u2019unit\u00e9 des \u00c9tats membres du Mouvement \u00bb, ainsi \u00ab qu\u2019\u00e0 intensifier les consultations et la coordination entre eux, afin de leur permettre de jouer un r\u00f4le plus efficace face aux d\u00e9fis et aux transformations rapides que conna\u00eet le syst\u00e8me international \u00bb.<br>Dans son allocution, lue en son nom par la pr\u00e9sidente de l\u2019Assembl\u00e9e populaire nationale (APN), Khalida Boufedeche, \u00e0 la r\u00e9union comm\u00e9morative de haut niveau organis\u00e9e \u00e0 l\u2019occasion du 65e anniversaire de la premi\u00e8re conf\u00e9rence constitutive du Mouvement des non-align\u00e9s, qui se tient \u00e0 Belgrade, en Serbie, le pr\u00e9sident de la R\u00e9publique a soulign\u00e9 que \u00ab la comm\u00e9moration de cet anniversaire t\u00e9moigne de l\u2019engagement commun des \u00c9tats membres envers les objectifs et les principes du Mouvement \u00bb, ainsi que de leur volont\u00e9 collective de renforcer la coop\u00e9ration et d\u2019agir comme un bloc uni et influent au sein du syst\u00e8me international.<\/p>\n\n\n\n<p class=\"wp-block-paragraph\"><strong>\u00abRedonner toute sa place aux principes fondateurs du Mouvement \u00bb<br><\/strong>Face aux profondes mutations que traverse le monde, le pr\u00e9sident de la R\u00e9publique a insist\u00e9 sur \u00ab la n\u00e9cessit\u00e9 de redonner toute sa place aux principes fondateurs du Mouvement \u00bb, ajoutant que \u00ab la conjoncture internationale actuelle impose de redonner vie aux principes fondateurs du Mouvement, notamment le respect de la souverainet\u00e9 et de l\u2019int\u00e9grit\u00e9 territoriale des \u00c9tats, la non-ing\u00e9rence dans leurs affaires int\u00e9rieures, la protection des int\u00e9r\u00eats mutuels et le renforcement de la coop\u00e9ration multilat\u00e9rale \u00bb.<br>l Mise en garde contre<br>\u00ab le retour du recours \u00e0 la force comme alternative aux solutions diplomatiques \u00bb<br>Il a \u00e9galement mis en garde contre \u00ab le retour du recours \u00e0 la force comme alternative aux solutions diplomatiques \u00bb, le recul de l\u2019efficacit\u00e9 du syst\u00e8me de s\u00e9curit\u00e9 collective et la persistance de \u00ab la logique de la force, de la s\u00e9lectivit\u00e9 et du deux poids, deux mesures \u00bb.<br>Dans son discours, le Pr\u00e9sident Tebboune a r\u00e9affirm\u00e9 la vision de l\u2019Alg\u00e9rie concernant le non-alignement, consid\u00e9r\u00e9 comme \u00ab non pas une position du pass\u00e9 ni un r\u00eave diplomatique passager, mais un choix souverain renouvel\u00e9, impos\u00e9 par les profondes transformations que conna\u00eet le monde \u00bb, soulignant que \u00ab la souverainet\u00e9 est indivisible \u00bb et que \u00abl\u2019application du droit international, ainsi que le respect de la l\u00e9galit\u00e9 internationale ne sauraient \u00eatre soumis \u00e0 la s\u00e9lectivit\u00e9 ou au deux poids, deux mesures \u00bb.<br>La situation du peuple palestinien a \u00e9galement occup\u00e9 une place importante dans cette allocution.<br>Le pr\u00e9sident de la R\u00e9publique s\u2019est arr\u00eat\u00e9 sur \u00ab la situation tragique v\u00e9cue par le peuple palestinien \u00bb dans un contexte marqu\u00e9 par la poursuite de l\u2019agression isra\u00e9lienne contre la bande de Ghaza et la Cisjordanie, ainsi que par de graves violations du droit international et du droit humanitaire, indiquant que ces d\u00e9veloppements \u00ab placent la communaut\u00e9 internationale devant une responsabilit\u00e9 historique qui ne souffre aucun report \u00bb.<br>Dans ce contexte, le pr\u00e9sident de la R\u00e9publique a appel\u00e9 les \u00c9tats du Mouvement des non-align\u00e9s \u00e0 demeurer attach\u00e9s \u00e0 leurs principes et \u00e0 agir \u00ab comme un bloc unique et uni \u00bb, plaidant pour \u00ab un renforcement du r\u00f4le du Mouvement, consid\u00e9r\u00e9 comme la plus grande alliance internationale apr\u00e8s l\u2019Organisation des Nations unies \u00bb.<\/p>\n\n\n\n<p class=\"wp-block-paragraph\"><strong>\u00abLe Mouvement des non-align\u00e9s, une force internationale influente et une voix collective capable de d\u00e9fendre les causes justes\u00bb<br><\/strong>Par ailleurs, le pr\u00e9sident de la R\u00e9publique a rappel\u00e9 que le Mouvement des non-align\u00e9s, qui regroupe plus de 120 \u00c9tats, constitue \u00ab une force internationale influente et une voix collective capable de d\u00e9fendre les causes justes, de faire entendre la voix du droit et de placer la l\u00e9galit\u00e9 internationale au-dessus de toute autre consid\u00e9ration \u00bb.<br>Il a \u00e9galement rappel\u00e9 le r\u00f4le historique de l\u2019Alg\u00e9rie dans le soutien aux mouvements de lib\u00e9ration et dans la d\u00e9fense des causes justes en Afrique, en Asie et en Am\u00e9rique latine, \u00e9voquant l\u2019initiative du d\u00e9funt pr\u00e9sident Houari Boumediene lors du Sommet des pays non- align\u00e9s organis\u00e9 \u00e0 Alger, en 1973, en faveur de l\u2019instauration d\u2019un nouvel ordre \u00e9conomique mondial.<\/p>\n\n\n\n<p class=\"wp-block-paragraph\"><strong>\u00abRenforcer l\u2019int\u00e9gration, la concertation et les liens entre les \u00c9tats du Mouvement des non-align\u00e9s \u00bb<br><\/strong>Enfin, le pr\u00e9sident de la R\u00e9publique a renouvel\u00e9 la conviction de l\u2019Alg\u00e9rie quant \u00e0 la n\u00e9cessit\u00e9 de renforcer \u00ab l\u2019int\u00e9gration, la concertation et les liens entre les \u00c9tats du Mouvement des non-align\u00e9s \u00bb et de mobiliser toutes les capacit\u00e9s au service des int\u00e9r\u00eats communs, affirmant que l\u2019objectif est de permettre au Mouvement de poursuivre sa marche \u00ab en tant que bloc uni, ma\u00eetre de ses d\u00e9cisions et tourn\u00e9 vers un avenir plus prosp\u00e8re et plus stable \u00bb.<br>R.\u2008N.<\/p>\n","protected":false},"excerpt":{"rendered":"<p>Le pr\u00e9sident de la R\u00e9publique, M. Abdelmadjid Tebboune, a r\u00e9affirm\u00e9 hier \u00ab le profond attachement de l\u2019Alg\u00e9rie aux principes et aux objectifs du Mouvement des non-align\u00e9s \u00bb, appelant \u00ab \u00e0 renforcer l\u2019unit\u00e9 des \u00c9tats membres du Mouvement \u00bb, ainsi \u00ab qu\u2019\u00e0 intensifier les consultations et la coordination entre eux, afin [&hellip;]<\/p>\n","protected":false},"author":3,"featured_media":67635,"comment_status":"closed","ping_status":"closed","sticky":false,"template":"","format":"standard","meta":{"footnotes":""},"categories":[236,36],"tags":[228],"class_list":["post-67626","post","type-post","status-publish","format-standard","has-post-thumbnail","hentry","category-a-la-une","category-actualites","tag-abdelmadjid-tebboune"],"_links":{"self":[{"href":"https:\/\/alger16.dz\/index.php?rest_route=\/wp\/v2\/posts\/67626","targetHints":{"allow":["GET"]}}],"collection":[{"href":"https:\/\/alger16.dz\/index.php?rest_route=\/wp\/v2\/posts"}],"about":[{"href":"https:\/\/alger16.dz\/index.php?rest_route=\/wp\/v2\/types\/post"}],"author":[{"embeddable":true,"href":"https:\/\/alger16.dz\/index.php?rest_route=\/wp\/v2\/users\/3"}],"replies":[{"embeddable":true,"href":"https:\/\/alger16.dz\/index.php?rest_route=%2Fwp%2Fv2%2Fcomments&post=67626"}],"version-history":[{"count":2,"href":"https:\/\/alger16.dz\/index.php?rest_route=\/wp\/v2\/posts\/67626\/revisions"}],"predecessor-version":[{"id":67637,"href":"https:\/\/alger16.dz\/index.php?rest_route=\/wp\/v2\/posts\/67626\/revisions\/67637"}],"wp:featuredmedia":[{"embeddable":true,"href":"https:\/\/alger16.dz\/index.php?rest_route=\/wp\/v2\/media\/67635"}],"wp:attachment":[{"href":"https:\/\/alger16.dz\/index.php?rest_route=%2Fwp%2Fv2%2Fmedia&parent=67626"}],"wp:term":[{"taxonomy":"category","embeddable":true,"href":"https:\/\/alger16.dz\/index.php?rest_route=%2Fwp%2Fv2%2Fcategories&post=67626"},{"taxonomy":"post_tag","embeddable":true,"href":"https:\/\/alger16.dz\/index.php?rest_route=%2Fwp%2Fv2%2Ftags&post=67626"}],"curies":[{"name":"wp","href":"https:\/\/api.w.org\/{rel}","templated":true}]}}