{"id":67634,"date":"2026-09-01T19:44:42","date_gmt":"2026-09-01T19:44:42","guid":{"rendered":"https:\/\/alger16.dz\/?p=67634"},"modified":"2026-09-01T19:44:42","modified_gmt":"2026-09-01T19:44:42","slug":"le-president-tebboune-recoit-le-ministre-allemand-des-affaires-etrangere-les-relations-de-cooperation-entre-les-deux-pays-passees-en-revue","status":"publish","type":"post","link":"https:\/\/alger16.dz\/?p=67634","title":{"rendered":"Le pr\u00e9sident Tebboune re\u00e7oit le ministre allemand des Affaires \u00e9trang\u00e8re : Les relations de coop\u00e9ration entre les deux pays pass\u00e9es en revue"},"content":{"rendered":"\n<figure class=\"wp-block-image size-full\"><img loading=\"lazy\" decoding=\"async\" width=\"696\" height=\"421\" src=\"https:\/\/alger16.dz\/wp-content\/uploads\/2026\/09\/berlin.jpg\" alt=\"\" class=\"wp-image-67639\" srcset=\"https:\/\/alger16.dz\/wp-content\/uploads\/2026\/09\/berlin.jpg 696w, https:\/\/alger16.dz\/wp-content\/uploads\/2026\/09\/berlin-300x181.jpg 300w\" sizes=\"auto, (max-width: 696px) 100vw, 696px\" \/><\/figure>\n\n\n\n<p class=\"wp-block-paragraph\">Le pr\u00e9sident de la R\u00e9publique, Abdelmadjid Tebboune, a re\u00e7u, hier, le ministre f\u00e9d\u00e9ral allemand des Affaires \u00e9trang\u00e8res, Johann Wadephul, accompagn\u00e9 de la d\u00e9l\u00e9gation qui l\u2019accompagne, a indiqu\u00e9 un communiqu\u00e9 de la pr\u00e9sidence de la R\u00e9publique.<br>La rencontre s\u2019est d\u00e9roul\u00e9e en pr\u00e9sence de Brahim Merad, ministre d\u2019\u00c9tat charg\u00e9 de l\u2019Inspection g\u00e9n\u00e9rale des services de l\u2019\u00c9tat et des collectivit\u00e9s locales, d\u2019Ahmed Attaf, ministre d\u2019\u00c9tat, ministre des Affaires \u00e9trang\u00e8res, ainsi que d\u2019Ammar Abba, conseiller aupr\u00e8s du pr\u00e9sident de la R\u00e9publique charg\u00e9 des Affaires diplomatiques, et de Larbi Latrous, ambassadeur d\u2019Alg\u00e9rie en Allemagne.<\/p>\n\n\n\n<p class=\"wp-block-paragraph\"><strong>L&rsquo;\u00e9tat des relations de coop\u00e9ration entre les deux pays pass\u00e9 en revue<\/strong><\/p>\n\n\n\n<p class=\"wp-block-paragraph\">Le ministre d&rsquo;\u00c9tat et ministre des Affaires \u00e9trang\u00e8res, de la Communaut\u00e9 nationale \u00e0 l&rsquo;\u00e9tranger et des Affaires africaines, M. Ahmed Attaf, a accueilli, lundi dernier, au si\u00e8ge du minist\u00e8re, M. Johann Wadephul, le ministre des Affaires \u00e9trang\u00e8res de la R\u00e9publique f\u00e9d\u00e9rale d&rsquo;Allemagne, en visite \u00e0 Alger, pour d\u00e9velopper leur coop\u00e9ration bilat\u00e9rale et mener des discussions qui servent la stabilit\u00e9 des deux pays, a indiqu\u00e9 un communiqu\u00e9 du minist\u00e8re.<br>Cette visite s&rsquo;inscrit \u00ab dans le cadre de la dynamique positive des relations bilat\u00e9rales insuffl\u00e9e par la visite officielle du pr\u00e9sident de la R\u00e9publique, M. Abdelmadjid Tebboune, \u00e0 Berlin, les 16 et 17 juillet 2026, et par les rencontres qu&rsquo;il a eues avec son homologue, M. Frank-Walter Steinmeier, et avec le Chancelier f\u00e9d\u00e9ral, M. Friedrich Merz \u00bb.<br>\u00c0 cet ordre, M. Attaf a men\u00e9 des discussions en t\u00eate-\u00e0-t\u00eate avec son homologue allemand, suivies d\u2019une session de travail impliquant les deux responsables allemand et alg\u00e9rien. Ces discussions ont permis d\u2019examiner \u00ab l&rsquo;\u00e9tat des relations d&rsquo;amiti\u00e9 et de coop\u00e9ration qui unissent les deux nations \u00bb et de r\u00e9fl\u00e9chir aux moyens de les \u00e9lever \u00e0 une plus grande envergure, conform\u00e9ment aux recommandations de la \u00ab D\u00e9claration conjointe sur un agenda strat\u00e9gique de partenariat bilat\u00e9ral \u00bb, qui a \u00e9t\u00e9 prise lors de la visite de M. le pr\u00e9sident de la R\u00e9publique en R\u00e9publique f\u00e9d\u00e9rale d&rsquo;Allemagne.<br>\u00c0 cet \u00e9gard, les deux nations ont convenu de la n\u00e9cessit\u00e9 de mettre en place des mesures concr\u00e8tes visant \u00e0 dynamiser la collaboration bilat\u00e9rale, en exploitant les opportunit\u00e9s d&rsquo;investissement disponibles, ainsi que les possibilit\u00e9s de collaboration dans les secteurs \u00e9conomiques cruciaux, y compris \u00ab l&rsquo;\u00e9nergie, les \u00e9nergies renouvelables, la transition \u00e9nerg\u00e9tique, l&rsquo;industrie, le transport et les produits pharmaceutiques \u00bb.<br>L\u2019accent a \u00e9t\u00e9 \u00e9galement mis sur l&rsquo;importance d\u2019activer les processus de coop\u00e9ration bilat\u00e9rale, de consolider le cadre juridique et d&rsquo;encourager les \u00e9changes dans le milieu des affaires, et ce, dans le but d&rsquo;assurer l&rsquo;application des accords et contrats de partenariat sign\u00e9s lors du Forum \u00e9conomique alg\u00e9ro-allemand, organis\u00e9 le 17 juillet dernier.<br>La r\u00e9union a \u00e9galement permis aux deux parties d&rsquo;\u00e9changer leurs points de vue sur diff\u00e9rentes \u00ab questions r\u00e9gionales et internationales d&rsquo;actualit\u00e9 d&rsquo;int\u00e9r\u00eat commun \u00bb, en particulier les crises au Moyen-Orient, l&rsquo;\u00e9volution de la situation au Sahel et les perspectives du Partenariat euro-m\u00e9diterran\u00e9en.<br>Ces rencontres t\u00e9moignent de la volont\u00e9 de l&rsquo;Alg\u00e9rie et de l&rsquo;Allemagne de d\u00e9velopper leur coop\u00e9ration bilat\u00e9rale jusqu&rsquo;au niveau d&rsquo;un partenariat strat\u00e9gique et de traduire les accords conclus dans divers domaines en projets concrets qui profitent aux deux pays.<br>Abir Menasria<\/p>\n","protected":false},"excerpt":{"rendered":"<p>Le pr\u00e9sident de la R\u00e9publique, Abdelmadjid Tebboune, a re\u00e7u, hier, le ministre f\u00e9d\u00e9ral allemand des Affaires \u00e9trang\u00e8res, Johann Wadephul, accompagn\u00e9 de la d\u00e9l\u00e9gation qui l\u2019accompagne, a indiqu\u00e9 un communiqu\u00e9 de la pr\u00e9sidence de la R\u00e9publique.La rencontre s\u2019est d\u00e9roul\u00e9e en pr\u00e9sence de Brahim Merad, ministre d\u2019\u00c9tat charg\u00e9 de l\u2019Inspection g\u00e9n\u00e9rale des [&hellip;]<\/p>\n","protected":false},"author":3,"featured_media":67639,"comment_status":"closed","ping_status":"closed","sticky":false,"template":"","format":"standard","meta":{"footnotes":""},"categories":[236,36],"tags":[228,388],"class_list":["post-67634","post","type-post","status-publish","format-standard","has-post-thumbnail","hentry","category-a-la-une","category-actualites","tag-abdelmadjid-tebboune","tag-algerie-allemagne"],"_links":{"self":[{"href":"https:\/\/alger16.dz\/index.php?rest_route=\/wp\/v2\/posts\/67634","targetHints":{"allow":["GET"]}}],"collection":[{"href":"https:\/\/alger16.dz\/index.php?rest_route=\/wp\/v2\/posts"}],"about":[{"href":"https:\/\/alger16.dz\/index.php?rest_route=\/wp\/v2\/types\/post"}],"author":[{"embeddable":true,"href":"https:\/\/alger16.dz\/index.php?rest_route=\/wp\/v2\/users\/3"}],"replies":[{"embeddable":true,"href":"https:\/\/alger16.dz\/index.php?rest_route=%2Fwp%2Fv2%2Fcomments&post=67634"}],"version-history":[{"count":1,"href":"https:\/\/alger16.dz\/index.php?rest_route=\/wp\/v2\/posts\/67634\/revisions"}],"predecessor-version":[{"id":67640,"href":"https:\/\/alger16.dz\/index.php?rest_route=\/wp\/v2\/posts\/67634\/revisions\/67640"}],"wp:featuredmedia":[{"embeddable":true,"href":"https:\/\/alger16.dz\/index.php?rest_route=\/wp\/v2\/media\/67639"}],"wp:attachment":[{"href":"https:\/\/alger16.dz\/index.php?rest_route=%2Fwp%2Fv2%2Fmedia&parent=67634"}],"wp:term":[{"taxonomy":"category","embeddable":true,"href":"https:\/\/alger16.dz\/index.php?rest_route=%2Fwp%2Fv2%2Fcategories&post=67634"},{"taxonomy":"post_tag","embeddable":true,"href":"https:\/\/alger16.dz\/index.php?rest_route=%2Fwp%2Fv2%2Ftags&post=67634"}],"curies":[{"name":"wp","href":"https:\/\/api.w.org\/{rel}","templated":true}]}}