{"id":67644,"date":"2026-09-01T19:44:43","date_gmt":"2026-09-01T19:44:43","guid":{"rendered":"https:\/\/alger16.dz\/?p=67644"},"modified":"2026-09-01T19:44:43","modified_gmt":"2026-09-01T19:44:43","slug":"mme-boufedeche-recue-a-belgrade-par-le-president-serbe-2","status":"publish","type":"post","link":"https:\/\/alger16.dz\/?p=67644","title":{"rendered":"Mme Boufedeche re\u00e7ue \u00e0 Belgrade par le pr\u00e9sident serbe"},"content":{"rendered":"\n<figure class=\"wp-block-image size-full\"><img loading=\"lazy\" decoding=\"async\" width=\"682\" height=\"491\" src=\"https:\/\/alger16.dz\/wp-content\/uploads\/2026\/09\/serbe.jpg\" alt=\"\" class=\"wp-image-67645\" srcset=\"https:\/\/alger16.dz\/wp-content\/uploads\/2026\/09\/serbe.jpg 682w, https:\/\/alger16.dz\/wp-content\/uploads\/2026\/09\/serbe-300x216.jpg 300w\" sizes=\"auto, (max-width: 682px) 100vw, 682px\" \/><\/figure>\n\n\n\n<p class=\"wp-block-paragraph\">La pr\u00e9sidente de l&rsquo;Assembl\u00e9e populaire nationale (APN), Mme Khalida Boufedeche, a \u00e9t\u00e9 re\u00e7ue, lundi dernier \u00e0 Belgrade, par le pr\u00e9sident de la R\u00e9publique de Serbie, M. Aleksandar Vucic, indique un communiqu\u00e9 de la chambre basse du Parlement.<br>Dans le cadre de sa participation, sur instruction du pr\u00e9sident de la R\u00e9publique, M. Abdelmadjid Tebboune, \u00e0 la r\u00e9union de haut niveau comm\u00e9morant le 65e anniversaire de la premi\u00e8re Conf\u00e9rence des chefs d&rsquo;Etat et de gouvernement des pays non-align\u00e9s, Mme Boufedeche a \u00e9t\u00e9 re\u00e7ue par le pr\u00e9sident de la R\u00e9publique de Serbie, pr\u00e9cise la m\u00eame source.<br>Cette rencontre a \u00e9t\u00e9 l&rsquo;occasion de \u00ab\u00a0r\u00e9affirmer la profondeur des relations d&rsquo;amiti\u00e9 historiques\u00a0\u00bb unissant les deux pays et d'\u00a0\u00bbexaminer les perspectives et les moyens de renforcer la coop\u00e9ration bilat\u00e9rale dans les diff\u00e9rents domaines d&rsquo;int\u00e9r\u00eat commun\u00a0\u00bb, ajoute le communiqu\u00e9.<br>Dans ce cadre, \u00ab\u00a0la pr\u00e9sidente de l&rsquo;APN a transmis au pr\u00e9sident serbe les salutations du pr\u00e9sident de la R\u00e9publique, M. Abdelmadjid Tebboune, ainsi que ses v\u0153ux de progr\u00e8s et de prosp\u00e9rit\u00e9 \u00e0 la R\u00e9publique de Serbie et \u00e0 son peuple ami\u00a0\u00bb.<br>Au cours de cette rencontre, les deux parties ont \u00e9galement soulign\u00e9 \u00ab\u00a0l&rsquo;importance de poursuivre la concertation et la coordination entre les deux pays sur les diff\u00e9rentes questions internationales et r\u00e9gionales d&rsquo;int\u00e9r\u00eat commun, refl\u00e9tant la convergence de leurs positions et leur attachement aux principes de dialogue, de coop\u00e9ration et de respect de la l\u00e9galit\u00e9 internationale\u00a0\u00bb, souligne la m\u00eame source. Mme Boufedeche a \u00ab\u00a0renouvel\u00e9 ses remerciements \u00e0 la R\u00e9publique de Serbie pour son accueil chaleureux et son hospitalit\u00e9, ainsi que pour l&rsquo;organisation de ce rendez-vous historique \u00e0 Belgrade\u00a0\u00bb.<br>De son c\u00f4t\u00e9, le pr\u00e9sident serbe a salu\u00e9 le niveau des relations bilat\u00e9rales entre les deux pays, tout en mettant en avant l&rsquo;importance de leur coop\u00e9ration dans plusieurs domaines.<br>Il a, par la m\u00eame occasion, fait part de \u00ab\u00a0sa volont\u00e9 de se rendre prochainement en Alg\u00e9rie et d&rsquo;activer le partenariat dans les domaines d&rsquo;int\u00e9r\u00eat commun\u00a0\u00bb, conclut le communiqu\u00e9.<br>Par ailleurs, Mme Khalida Boufedeche a \u00e9t\u00e9 re\u00e7ue, par la m\u00eame occasion, par le Premier ministre de la R\u00e9publique de Serbie, M. Duro Macut, indique un communiqu\u00e9 de l&rsquo;institution l\u00e9gislative.<br>Dans ce cadre, la pr\u00e9sidente de l&rsquo;APN a soulign\u00e9 \u00ab\u00a0l&rsquo;importance qu&rsquo;accorde l&rsquo;Alg\u00e9rie au renforcement des relations de coop\u00e9ration et de partenariat avec la R\u00e9publique de Serbie dans les diff\u00e9rents domaines d&rsquo;int\u00e9r\u00eat commun\u00a0\u00bb, pr\u00e9cise la m\u00eame source.<br>Mme Boufedeche a \u00e9galement r\u00e9affirm\u00e9 \u00ab\u00a0l&rsquo;attachement de l&rsquo;Alg\u00e9rie \u00e0 poursuivre son r\u00f4le dans la d\u00e9fense des principes du Mouvement des non-align\u00e9s et en faveur d&rsquo;un ordre international plus \u00e9quilibr\u00e9 et plus juste, fond\u00e9 sur le respect du droit international\u00a0\u00bb.<br>De son c\u00f4t\u00e9, M. Duro Macut a salu\u00e9 le niveau de coop\u00e9ration \u00ab\u00a0strat\u00e9gique exceptionnel\u00a0\u00bb qui caract\u00e9rise les relations entre les deux pays, soulignant \u00ab\u00a0la volont\u00e9 commune d&rsquo;approfondir la concertation, d&rsquo;intensifier la coop\u00e9ration, d&rsquo;\u00e9tablir un partenariat strat\u00e9gique et de le hisser au niveau des aspirations des pr\u00e9sidents des deux pays\u00a0\u00bb, conclut le communiqu\u00e9. APS<\/p>\n","protected":false},"excerpt":{"rendered":"<p>La pr\u00e9sidente de l&rsquo;Assembl\u00e9e populaire nationale (APN), Mme Khalida Boufedeche, a \u00e9t\u00e9 re\u00e7ue, lundi dernier \u00e0 Belgrade, par le pr\u00e9sident de la R\u00e9publique de Serbie, M. Aleksandar Vucic, indique un communiqu\u00e9 de la chambre basse du Parlement.Dans le cadre de sa participation, sur instruction du pr\u00e9sident de la R\u00e9publique, M. [&hellip;]<\/p>\n","protected":false},"author":3,"featured_media":67645,"comment_status":"closed","ping_status":"closed","sticky":false,"template":"","format":"standard","meta":{"footnotes":""},"categories":[236,36],"tags":[6075,1363,6033],"class_list":["post-67644","post","type-post","status-publish","format-standard","has-post-thumbnail","hentry","category-a-la-une","category-actualites","tag-aleksandar-vucic","tag-algerie-serbie","tag-khalida-boufedeche"],"_links":{"self":[{"href":"https:\/\/alger16.dz\/index.php?rest_route=\/wp\/v2\/posts\/67644","targetHints":{"allow":["GET"]}}],"collection":[{"href":"https:\/\/alger16.dz\/index.php?rest_route=\/wp\/v2\/posts"}],"about":[{"href":"https:\/\/alger16.dz\/index.php?rest_route=\/wp\/v2\/types\/post"}],"author":[{"embeddable":true,"href":"https:\/\/alger16.dz\/index.php?rest_route=\/wp\/v2\/users\/3"}],"replies":[{"embeddable":true,"href":"https:\/\/alger16.dz\/index.php?rest_route=%2Fwp%2Fv2%2Fcomments&post=67644"}],"version-history":[{"count":1,"href":"https:\/\/alger16.dz\/index.php?rest_route=\/wp\/v2\/posts\/67644\/revisions"}],"predecessor-version":[{"id":67646,"href":"https:\/\/alger16.dz\/index.php?rest_route=\/wp\/v2\/posts\/67644\/revisions\/67646"}],"wp:featuredmedia":[{"embeddable":true,"href":"https:\/\/alger16.dz\/index.php?rest_route=\/wp\/v2\/media\/67645"}],"wp:attachment":[{"href":"https:\/\/alger16.dz\/index.php?rest_route=%2Fwp%2Fv2%2Fmedia&parent=67644"}],"wp:term":[{"taxonomy":"category","embeddable":true,"href":"https:\/\/alger16.dz\/index.php?rest_route=%2Fwp%2Fv2%2Fcategories&post=67644"},{"taxonomy":"post_tag","embeddable":true,"href":"https:\/\/alger16.dz\/index.php?rest_route=%2Fwp%2Fv2%2Ftags&post=67644"}],"curies":[{"name":"wp","href":"https:\/\/api.w.org\/{rel}","templated":true}]}}