{"id":67647,"date":"2026-09-01T19:44:43","date_gmt":"2026-09-01T19:44:43","guid":{"rendered":"https:\/\/alger16.dz\/?p=67647"},"modified":"2026-09-01T19:44:43","modified_gmt":"2026-09-01T19:44:43","slug":"intenses-efforts-deployes-dans-les-zones-touchees-par-les-incendies-vers-le-retour-a-la-normale","status":"publish","type":"post","link":"https:\/\/alger16.dz\/?p=67647","title":{"rendered":"Intenses efforts d\u00e9ploy\u00e9s dans les zones touch\u00e9es par les incendies : Vers le retour \u00e0 la normale"},"content":{"rendered":"\n<figure class=\"wp-block-image size-large\"><img loading=\"lazy\" decoding=\"async\" width=\"1024\" height=\"721\" src=\"https:\/\/alger16.dz\/wp-content\/uploads\/2026\/09\/jijel2-1024x721.jpg\" alt=\"\" class=\"wp-image-67648\" srcset=\"https:\/\/alger16.dz\/wp-content\/uploads\/2026\/09\/jijel2-1024x721.jpg 1024w, https:\/\/alger16.dz\/wp-content\/uploads\/2026\/09\/jijel2-300x211.jpg 300w, https:\/\/alger16.dz\/wp-content\/uploads\/2026\/09\/jijel2-767x540.jpg 767w, https:\/\/alger16.dz\/wp-content\/uploads\/2026\/09\/jijel2.jpg 1080w\" sizes=\"auto, (max-width: 1024px) 100vw, 1024px\" \/><\/figure>\n\n\n\n<p class=\"wp-block-paragraph\"><strong>Apr\u00e8s des jours difficiles, marqu\u00e9s par les incendies qui ont frapp\u00e9 plusieurs zones montagneuses de la wilaya de Jijel, l\u2019heure est d\u00e9sormais au retour \u00e0 la normale. Sur le terrain, les op\u00e9rations se poursuivent pour r\u00e9tablir les services essentiels et permettre aux populations touch\u00e9es de retrouver progressivement leurs conditions de vie habituelles.<\/strong><\/p>\n\n\n\n<p class=\"wp-block-paragraph\">D\u00e8s les premi\u00e8res heures de la catastrophe, les autorit\u00e9s publiques ont mobilis\u00e9 d\u2019importants moyens pour lutter contre les feux, \u00e9vacuer les habitants des zones menac\u00e9es et assurer leur prise en charge. Aux c\u00f4t\u00e9s des services de l\u2019Etat, la soci\u00e9t\u00e9 civile et plusieurs organismes ont \u00e9galement multipli\u00e9 les initiatives pour r\u00e9pondre aux besoins des populations et faire face aux cons\u00e9quences des incendies.<br>Il faut bien s\u00fbr comprendre qu\u2019un retour \u00e0 l\u2019\u00e9tat normal doit remplir plusieurs exigences. D\u2019abord, il faut assurer la disponibilit\u00e9 de l\u2019eau potable, qui doit \u00eatre la priorit\u00e9 absolue. L\u2019unit\u00e9 de l\u2019ADE (l\u2019Alg\u00e9rienne des eaux) a \u00e9t\u00e9 d\u00e9ploy\u00e9e sur place, o\u00f9 elle travaille d\u2019arrache-pied 24\/24 pour r\u00e9tablir la distribution.<br>Mezoued Allal, charg\u00e9 de la communication de l\u2019unit\u00e9 de l\u2019ADE, a soulign\u00e9, dans une d\u00e9claration m\u00e9diatique, que des \u00e9quipes venues en renfort depuis plusieurs wilayas ont \u00e9t\u00e9 mobilis\u00e9es. Ces \u00e9quipes ont d\u2019abord et surtout \u00e9t\u00e9 mobilis\u00e9es dans les communes les plus touch\u00e9es, notamment Bordj T\u2019har, Ouled Rabah et Chahna, explique le m\u00eame responsable.<br>Il a poursuivi en affirmant que ces services travaillent d\u2019arrache-pied et en continu, pour assurer la remise en service du r\u00e9seau dans la commune d\u2019Ouled Yahia-Kherdouche.<br>La solution \u00e0 court terme prise par l\u2019ADE a \u00e9t\u00e9 de d\u00e9p\u00eacher des camions-citernes, o\u00f9 un programme de distribution d\u2019eau potable pour les habitants a \u00e9t\u00e9 mis en place.<br>De plus, le r\u00e9seau \u00e9lectrique des zones touch\u00e9es doit redevenir op\u00e9rationnel dans les plus brefs d\u00e9lais. La direction de distribution de l\u2019\u00e9lectricit\u00e9 et du gaz de Sonelgaz a \u00e9galement tr\u00e8s vite r\u00e9agi.<br>Hanane Cherbal, responsable de la communication de la direction locale de distribution de l&rsquo;\u00e9lectricit\u00e9 et du gaz (groupe Sonelgaz), a fait part de l&rsquo;arriv\u00e9e d&rsquo;\u00e9quipes techniques depuis les wilayas voisines de S\u00e9tif, de Constantine, d\u2019Annaba, d\u2019Oum El Bouaghi et de Mila, pour apporter leur aide \u00e0 la r\u00e9paration dans les plus brefs d\u00e9lais, des pannes survenues sur le r\u00e9seau.<br>Au total, 21 \u00e9quipes sont mobilis\u00e9es sur le terrain, parfois jusque tard dans la nuit. Elles sont accompagn\u00e9es de 19 entreprises priv\u00e9es agr\u00e9\u00e9es par la direction, avec pour objectif d\u2019acc\u00e9l\u00e9rer la remise en \u00e9tat des r\u00e9seaux de moyenne et de basse tension. Cette mobilisation des diff\u00e9rents services contribue \u00e9galement \u00e0 rassurer les populations. Un citoyen a ainsi affirm\u00e9 que \u00ab\u00a0l\u2019implication significative de la direction de la distribution de l&rsquo;\u00e9lectricit\u00e9 et du gaz et de l&rsquo;unit\u00e9 de l\u2019ADE a permis de rassurer les citoyens et de renforcer leur confiance dans la mobilisation de l\u2019Etat \u00e0 leurs c\u00f4t\u00e9s\u00a0\u00bb. Au-del\u00e0 des r\u00e9seaux et des infrastructures, la prise en charge sanitaire des populations reste au c\u0153ur des priorit\u00e9s. Une clinique mobile mise en place par la Direction de la sant\u00e9 de la wilaya s\u2019est ainsi rendue dans les zones affect\u00e9es afin de rapprocher les soins des habitants et de leur assurer une prise en charge m\u00e9dicale et psychologique.<br>Des \u00e9quipes m\u00e9dicales et param\u00e9dicales qualifi\u00e9es ont \u00e9t\u00e9 mobilis\u00e9es pour assurer le fonctionnement de cette structure \u00e9quip\u00e9e pour dispenser des soins de proximit\u00e9 aux populations touch\u00e9es.<br>L\u2019alimentation des habitants n\u2019est plus un probl\u00e8me, notamment gr\u00e2ce au tr\u00e8s grand \u00e9lan de solidarit\u00e9. Heureusement ou malheureusement, \u00e0 chacun son avis, cet \u00e9lan a surtout vu un soutien alimentaire humain (eau, farine, semoule, produits laitiers), mais a ignor\u00e9 l\u2019alimentation du b\u00e9tail. C\u2019est particuli\u00e8rement important car le revenu premier des habitants de ces r\u00e9gions, c\u2019est justement le b\u00e9tail qui a en plus \u00e9t\u00e9 largement touch\u00e9 par les incendies, certains habitants ayant m\u00eame perdu la plupart de leurs ressources en b\u00e9tail. Les victimes devraient \u00e9galement \u00eatre indemnis\u00e9es dans ce sens.<br>En tout cas, peu \u00e0 peu, les services essentiels reprennent, les aides arrivent et la vie se r\u00e9installe dans les zones touch\u00e9es. Une mobilisation qui accompagne les habitants sur le chemin d\u2019un retour progressif \u00e0 la normale. Un retour qui semble plus que jamais tr\u00e8s proche.<br><strong>G .Salah Eddine<\/strong><\/p>\n\n\n\n<p class=\"wp-block-paragraph\">&#8212;&#8212;&#8212;&#8212;<\/p>\n\n\n\n<p class=\"wp-block-paragraph\"><strong>Le nombre de cellules de proximit\u00e9 de solidarit\u00e9 port\u00e9 \u00e0 119 \u00e0 Jijel<\/strong><\/p>\n\n\n\n<p class=\"wp-block-paragraph\">Le dispositif des cellules de proximit\u00e9 de solidarit\u00e9 mobilis\u00e9es dans la wilaya de Jijel a \u00e9t\u00e9 renforc\u00e9, atteignant ainsi le nombre de 119, afin d\u2019\u00e9largir l\u2019action de proximit\u00e9 dans les zones touch\u00e9es par les incendies, a indiqu\u00e9 un communiqu\u00e9 du minist\u00e8re de la Solidarit\u00e9 nationale, de la Famille et de la Condition de la femme.<br>\u00ab\u00a0En ex\u00e9cution des instructions de la ministre de la Solidarit\u00e9 nationale, de la Famille et de la Condition de la femme, Soraya Mouloudji, et sur la base des donn\u00e9es et rapports de terrain transmis \u00e0 la cellule de suivi au niveau du minist\u00e8re, le dispositif des cellules de proximit\u00e9 de solidarit\u00e9 mobilis\u00e9es dans la wilaya de Jijel a \u00e9t\u00e9 renforc\u00e9, atteignant ainsi le nombre de 119 cellules, appuy\u00e9es par 76 v\u00e9hicules mobilis\u00e9s \u00e0 partir de 34 wilayas \u00e0 travers le territoire national\u00a0\u00bb, selon la m\u00eame source.<br>Cette mesure vise \u00e0 \u00ab\u00a0\u00e9largir le champ de l\u2019action de proximit\u00e9 et \u00e0 renforcer la capacit\u00e9 de r\u00e9ponse aux besoins recens\u00e9s dans les diff\u00e9rentes zones touch\u00e9es\u00a0\u00bb, ainsi qu\u2019\u00e0 \u00ab\u00a0accompagner l\u2019\u00e9volution de la situation sur le terrain, permettant une r\u00e9partition plus efficace des \u00e9quipes et une intensification de leur pr\u00e9sence, notamment dans les zones isol\u00e9es et montagneuses qui n\u00e9cessitent des moyens humains et logistiques suppl\u00e9mentaires pour se rapprocher des familles sinistr\u00e9es\u00a0\u00bb, a-t-on expliqu\u00e9.<\/p>\n\n\n\n<p class=\"wp-block-paragraph\">&#8212;&#8212;&#8212;&#8212;<\/p>\n\n\n\n<p class=\"wp-block-paragraph\"><strong>Instructions pour la r\u00e9habilitation des routes et des infrastructures endommag\u00e9es<\/strong><\/p>\n\n\n\n<p class=\"wp-block-paragraph\">Le ministre des Travaux publics et des Infrastructures de base, Abdelkader Djellaoui, a pr\u00e9sid\u00e9, lundi dernier au si\u00e8ge du minist\u00e8re, une r\u00e9union de travail consacr\u00e9e au suivi des mesures et dispositions d&rsquo;urgence pour la r\u00e9paration et la r\u00e9habilitation des axes routiers et des infrastructures endommag\u00e9s par les r\u00e9cents incendies enregistr\u00e9s dans plusieurs wilayas du pays, notamment Jijel, et la poursuite des efforts pour garantir le retour de la situation \u00e0 la normale, a indiqu\u00e9 un communiqu\u00e9 du minist\u00e8re.<br>Ces mesures interviennent en application des instructions donn\u00e9es par le pr\u00e9sident de la R\u00e9publique, M. Abdelmadjid Tebboune, lors de la r\u00e9union qu&rsquo;il a pr\u00e9sid\u00e9e dimanche, et \u00e0 la suite de la r\u00e9union pr\u00e9sid\u00e9e lundi dernier par le Premier ministre, M. Sifi Ghrieb. Cette r\u00e9union de travail, \u00e0 laquelle ont pris part des cadres centraux du minist\u00e8re, aux c\u00f4t\u00e9s du Directeur g\u00e9n\u00e9ral de l&rsquo;Entreprise nationale de panneaux de signalisation routi\u00e8re (ENPS), en coordination avec les directeurs des Travaux publics des wilayas de Jijel, Constantine et S\u00e9tif, a permis de passer en revue la situation sur le terrain et de d\u00e9finir les interventions prioritaires dans le cadre des op\u00e9rations de r\u00e9paration et de r\u00e9habilitation. Concernant le r\u00e9seau routier, il a \u00e9t\u00e9 d\u00e9cid\u00e9 d&rsquo;acc\u00e9l\u00e9rer les op\u00e9rations de r\u00e9am\u00e9nagement et de r\u00e9paration des axes endommag\u00e9s par les incendies, avec la mobilisation et la mise \u00e0 disposition de l&rsquo;ensemble des moyens des entreprises du secteur, appuy\u00e9s par les moyens et les \u00e9quipements des directions des travaux publics des wilayas de Constantine et de S\u00e9tif et des wilayas limitrophes, pour renforcer les capacit\u00e9s d&rsquo;intervention et parachever les travaux au d\u00e9but de la semaine prochaine. Les dispositions pr\u00e9voient aussi le renforcement des talus endommag\u00e9s, pour r\u00e9tablir leur stabilit\u00e9, garantir la s\u00e9curit\u00e9 des infrastructures routi\u00e8res et prot\u00e9ger les usagers de la route. Pour ce qui est de la r\u00e9habilitation de la signalisation verticale et horizontale, il sera proc\u00e9d\u00e9, parall\u00e8lement aux travaux de r\u00e9am\u00e9nagement, \u00e0 la remise en place des marquages et de la signalisation horizontale et verticale au niveau des diff\u00e9rents axes du r\u00e9seau endommag\u00e9, ainsi qu&rsquo;\u00e0 la mise en place et au renouvellement des panneaux de signalisation directionnelle n\u00e9cessaires pour garantir la clart\u00e9 des itin\u00e9raires et am\u00e9liorer les conditions de circulation, notamment au niveau des axes ayant \u00e9t\u00e9 affect\u00e9s par les incendies, et renforcer les conditions de s\u00e9curit\u00e9 et de s\u00fbret\u00e9 des usagers de la route, ajoute le communiqu\u00e9.<br>Dans le cadre du suivi et de la coordination sur le terrain, des cadres centraux du minist\u00e8re seront d\u00e9p\u00each\u00e9s sur le terrain pour renforcer les \u00e9quipes intervenantes, orienter leurs efforts et suivre le d\u00e9roulement des diff\u00e9rentes op\u00e9rations.<br>La coordination entre les diff\u00e9rents acteurs sur le terrain sera \u00e9galement renforc\u00e9e, particuli\u00e8rement entre les directions des travaux publics des wilayas limitrophes et les entreprises du secteur actuellement pr\u00e9sentes sur place, de mani\u00e8re \u00e0 assurer la compl\u00e9mentarit\u00e9 des capacit\u00e9s et des moyens et \u00e0 unifier les efforts d&rsquo;intervention, jusqu&rsquo;au parach\u00e8vement des op\u00e9rations de r\u00e9paration et de r\u00e9habilitation.<\/p>\n\n\n\n<p class=\"wp-block-paragraph\">&#8212;&#8212;&#8212;&#8212;<\/p>\n\n\n\n<p class=\"wp-block-paragraph\"><strong>Remise en \u00e9tat des services endommag\u00e9s \u00e0 Tizi-Ouzou<\/strong><\/p>\n\n\n\n<p class=\"wp-block-paragraph\">D&rsquo;importants efforts sont d\u00e9ploy\u00e9s dans la wilaya de Tizi-Ouzou pour r\u00e9parer les dommages caus\u00e9s par les incendies enregistr\u00e9s dans certaines r\u00e9gions de la wilaya, les 26 et 27 ao\u00fbt, notamment sur les r\u00e9seaux \u00e9nerg\u00e9tiques et d&rsquo;eau et pour accompagner les citoyens concern\u00e9s, conform\u00e9ment aux instructions du pr\u00e9sident de la R\u00e9publique, M. Abdelmadjid Tebboune, a-t-on appris aupr\u00e8s des services de la wilaya.<br>Ainsi, la remise en \u00e9tat des r\u00e9seaux et infrastructures d\u00e9truits ou endommag\u00e9s a \u00e9t\u00e9 entam\u00e9e aussit\u00f4t les incendies ma\u00eetris\u00e9s, avec l&rsquo;objectif fix\u00e9 de r\u00e9tablir l&rsquo;alimentation en eau potable, l&rsquo;\u00e9lectricit\u00e9, les communications et l&rsquo;ensemble des axes routiers d&rsquo;ici samedi prochain.<br>Sur le terrain, les \u00e9quipes de l&rsquo;unit\u00e9 locale de l&rsquo;Alg\u00e9rienne des eaux (ADE) sont intervenues sans rel\u00e2che dans les zones touch\u00e9es, \u00e0 l&rsquo;exemple des villages de Tamazirt, Tifra et Ouaroudjene, dans la da\u00efra de Tigzirt, o\u00f9 de nombreux tron\u00e7ons de conduites d&rsquo;adduction ont \u00e9t\u00e9 d\u00e9t\u00e9rior\u00e9s. Des conduites de diff\u00e9rents diam\u00e8tres ont \u00e9t\u00e9 ou sont en cours de remplacement.<br>En attendant la fin des travaux, l&rsquo;alimentation en eau est assur\u00e9e en permanence par des camions-citernes, et des moyens humains et mat\u00e9riels importants sont mobilis\u00e9s pour acc\u00e9l\u00e9rer la remise en service compl\u00e8te du r\u00e9seau.<br>En outre, conform\u00e9ment aux directives du pr\u00e9sident de la R\u00e9publique, une commission de recensement des d\u00e9g\u00e2ts a \u00e9t\u00e9 mise en place.<\/p>\n","protected":false},"excerpt":{"rendered":"<p>Apr\u00e8s des jours difficiles, marqu\u00e9s par les incendies qui ont frapp\u00e9 plusieurs zones montagneuses de la wilaya de Jijel, l\u2019heure est d\u00e9sormais au retour \u00e0 la normale. Sur le terrain, les op\u00e9rations se poursuivent pour r\u00e9tablir les services essentiels et permettre aux populations touch\u00e9es de retrouver progressivement leurs conditions de [&hellip;]<\/p>\n","protected":false},"author":3,"featured_media":67649,"comment_status":"closed","ping_status":"closed","sticky":false,"template":"","format":"standard","meta":{"footnotes":""},"categories":[236,36],"tags":[4474,1681],"class_list":["post-67647","post","type-post","status-publish","format-standard","has-post-thumbnail","hentry","category-a-la-une","category-actualites","tag-incendie","tag-jijel"],"_links":{"self":[{"href":"https:\/\/alger16.dz\/index.php?rest_route=\/wp\/v2\/posts\/67647","targetHints":{"allow":["GET"]}}],"collection":[{"href":"https:\/\/alger16.dz\/index.php?rest_route=\/wp\/v2\/posts"}],"about":[{"href":"https:\/\/alger16.dz\/index.php?rest_route=\/wp\/v2\/types\/post"}],"author":[{"embeddable":true,"href":"https:\/\/alger16.dz\/index.php?rest_route=\/wp\/v2\/users\/3"}],"replies":[{"embeddable":true,"href":"https:\/\/alger16.dz\/index.php?rest_route=%2Fwp%2Fv2%2Fcomments&post=67647"}],"version-history":[{"count":1,"href":"https:\/\/alger16.dz\/index.php?rest_route=\/wp\/v2\/posts\/67647\/revisions"}],"predecessor-version":[{"id":67650,"href":"https:\/\/alger16.dz\/index.php?rest_route=\/wp\/v2\/posts\/67647\/revisions\/67650"}],"wp:featuredmedia":[{"embeddable":true,"href":"https:\/\/alger16.dz\/index.php?rest_route=\/wp\/v2\/media\/67649"}],"wp:attachment":[{"href":"https:\/\/alger16.dz\/index.php?rest_route=%2Fwp%2Fv2%2Fmedia&parent=67647"}],"wp:term":[{"taxonomy":"category","embeddable":true,"href":"https:\/\/alger16.dz\/index.php?rest_route=%2Fwp%2Fv2%2Fcategories&post=67647"},{"taxonomy":"post_tag","embeddable":true,"href":"https:\/\/alger16.dz\/index.php?rest_route=%2Fwp%2Fv2%2Ftags&post=67647"}],"curies":[{"name":"wp","href":"https:\/\/api.w.org\/{rel}","templated":true}]}}